{"id":275891,"date":"2025-07-26T19:44:16","date_gmt":"2025-07-26T19:44:16","guid":{"rendered":"https:\/\/www.europesays.com\/fr\/275891\/"},"modified":"2025-07-26T19:44:16","modified_gmt":"2025-07-26T19:44:16","slug":"victor-dubuisson-jai-vraiment-trouve-ma-voie-depuis-trois-ans","status":"publish","type":"post","link":"https:\/\/www.europesays.com\/fr\/275891\/","title":{"rendered":"Victor Dubuisson : \u00ab J\u2019ai vraiment trouv\u00e9 ma voie depuis trois ans \u00bb"},"content":{"rendered":"<p>\t\t\t\t\t\t<img width=\"770\" height=\"556\" src=\"https:\/\/www.europesays.com\/fr\/wp-content\/uploads\/2025\/07\/victor-dubuisson-golf-planete-nathan-cardet-770x556.jpg\" class=\"img-responsive wp-post-image\" alt=\"\" decoding=\"async\" fetchpriority=\"high\"  \/>\t\t\t\t\t<\/p>\n<p>\t\t\t\t\t\t Partager cet article <\/p>\n<p class=\"screen-reader-text juiz_sps_maybe_hidden_text\">Partager la publication \u00ab\u00a0Victor Dubuisson : \u00ab J\u2019ai vraiment trouv\u00e9 ma voie depuis trois ans \u00bb\u00a0\u00bb<\/p>\n<p><strong>Victor Dubuisson n\u2019a rien perdu de sa splendeur. Il d\u00e9montre une fois encore tout son talent depuis deux jours sur les greens du Golf de Biarritz le Phare. Le Cannois, \u00ab\u00a0retrait\u00e9\u00a0\u00bb depuis deux ans, est aujourd\u2019hui tr\u00e8s heureux dans sa nouvelle vie \u00e0 Tenerife, dans les Iles Canaries.<\/strong><\/p>\n<p>\t\t\t\t\t<a id=\"180479\" href=\"https:\/\/www.swing.fr\/voyage\/35-14eme-edition-des-doubles-gosset-by-beachcomber\" target=\"_blank\" rel=\"sponsorised nofollow noopener\"><img decoding=\"async\" src=\"data:image\/svg+xml,%3Csvg%20xmlns=\" http:=\"\" class=\"img-responsive\" alt=\"\" data-lazy-src=\"https:\/\/www.europesays.com\/fr\/wp-content\/uploads\/2025\/07\/beachcomber-e01-doubles-gosset-26-1170x275-1.jpg\"\/><\/a><\/p>\n<p><strong>Propos recueillis par Nathan CARDET, \u00e0 Biarritz<\/strong><\/p>\n<p><strong>GOLF PLAN\u00c8TE : Quelles ont \u00e9t\u00e9 vos sensations pour cette premi\u00e8re en comp\u00e9tition depuis deux ans, avec deux bons tours boucl\u00e9s en 62 (-7) et 65 (-4) ?<\/strong><\/p>\n<p><strong>Victor DUBUISSON :<\/strong> Je joue tr\u00e8s bien depuis un an et demi, le grand jeu est bien en place. Le parcours est court mais assez \u00e9troit, avec des drapeaux dans les coins, donc ce n\u2019est pas facile de se mettre proche des drapeaux. Les putts \u00e0 mi-distance ne sont pas tomb\u00e9s, il faut rester patient sur ce parcours de Biarritz. -7 et -4, ce sont de bons scores.<\/p>\n<p><strong>G.P. : Vous allez partir avec quatre coups de retard sur le leader avant le dernier tour. Est-ce que cela peut changer votre strat\u00e9gie de jeu ?<\/strong><\/p>\n<p><strong>V.D. :<\/strong> Je vais rester dans ce que j\u2019ai mis en place, ne pas \u00eatre plus agressif sur les drapeaux si les putts ne tombent pas, car on peut vite se faire avoir. Je vais miser sur le putting, m\u00eame si \u00e7a n\u2019est pas tomb\u00e9 aujourd\u2019hui. Il y a aussi eu un drive malchanceux. C\u2019\u00e9tait du moyen plus, disons un 6 sur 10.<\/p>\n<p><strong>G.P. : On vous sent bien et content sur le parcours\u2026<\/strong><\/p>\n<p><strong>V.D. :<\/strong> Oui ! Apr\u00e8s, je joue le tournoi pour mon ami <strong>G\u00e9rald Bouhourd<\/strong>, qui me caddeye tr\u00e8s bien. Il en a fait un super tournoi pro cette ann\u00e9e. Je n\u2019ai pas du tout l\u2019intention de rejouer des tournois professionnels, mais \u00e7a me faisait plaisir de venir le soutenir et de passer un bon moment avec lui et les jeunes. C\u2019\u00e9tait le but de ma venue.<\/p>\n<blockquote><p>\nJe continue les s\u00e9jours tr\u00e8s exclusifs avec deux ou trois personnes par semaine, et \u00e7a se passe vraiment tr\u00e8s bien\n<\/p><\/blockquote>\n<p><strong>G.P. : Parlez-nous de vos stages de coaching !<\/strong><\/p>\n<p><strong>V.D. :<\/strong> \u00c7a se passe tr\u00e8s bien, les gens sont ravis. Tenerife, et plus sp\u00e9cifiquement <strong>Abama Golf<\/strong>, est vraiment un endroit fabuleux. On est en train d\u2019am\u00e9liorer l\u2019acad\u00e9mie. \u00c0 partir du mois d\u2019octobre, il y aura de nouvelles installations, avec une vraie acad\u00e9mie \u00e0 mon nom. Je continue les s\u00e9jours tr\u00e8s exclusifs avec deux ou trois personnes par semaine, et \u00e7a se passe vraiment tr\u00e8s bien. Le lieu est vraiment fantastique pour \u00e7a : pouvoir s\u2019entra\u00eener sur des greens aussi qualitatifs, taper sur herbe, avoir des Pro V1 au practice\u2026 Ce sont des petits d\u00e9tails qui font vraiment la diff\u00e9rence, et \u00e7a permet aux gens qui viennent s\u2019entra\u00eener d\u2019\u00eatre dans des conditions professionnelles, comme celles que l\u2019on peut retrouver dans les grandes acad\u00e9mies aux \u00c9tats-Unis. Je suis content d\u2019avoir pu faire \u00e7a \u00e0 Tenerife, en Europe.<\/p>\n<p><strong>G.P. : \u00cates-vous heureux dans cette nouvelle vie ?<\/strong><\/p>\n<p><strong>V.D. :<\/strong> Je me sens vraiment tr\u00e8s bien, j\u2019ai vraiment trouv\u00e9 ma voie depuis trois ans. Et encore plus maintenant avec l\u2019acad\u00e9mie. Je fais \u00e9galement pas mal de s\u00e9jours l\u2019\u00e9t\u00e9 au Royaume-Uni, \u00e0 St Andrews. J\u2019\u00e9tais aussi \u00e0 Adare Manor, o\u00f9 il y aura la Ryder Cup 2027. C\u2019est que du bonheur. Tous les gens que je re\u00e7ois progressent et sont contents. Et \u00e7a m\u2019a permis de faire de tr\u00e8s belles rencontres et de cr\u00e9er des amiti\u00e9s avec pas mal de monde. C\u2019est le plaisir du partage.<\/p>\n<p>\t\t\t\t\t<a id=\"178032\" href=\"https:\/\/www.golfy.fr\/landing\/golf-planete-decouvrez-les-golfs-collections-du-reseau-golfy?utm_source=golf_planete&amp;utm_medium=display&amp;utm_campaign=golfs_collection_2025\" target=\"_blank\" rel=\"sponsorised nofollow noopener\"><img decoding=\"async\" src=\"data:image\/svg+xml,%3Csvg%20xmlns=\" http:=\"\" class=\"img-responsive\" alt=\"\" data-lazy-src=\"https:\/\/www.europesays.com\/fr\/wp-content\/uploads\/2025\/06\/golfy-e06-golfs-collection-france-ete-1170x275-1.jpg\"\/><\/a><\/p>\n<p><img loading=\"lazy\" decoding=\"async\" class=\"alignnone size-image-largeur-770 wp-image-180943\" src=\"data:image\/svg+xml,%3Csvg%20xmlns=\" http:=\"\" alt=\"\" width=\"770\" height=\"578\" data-lazy- data-lazy- data-lazy-src=\"https:\/\/www.europesays.com\/fr\/wp-content\/uploads\/2025\/07\/p1056127-770x578.jpg\"\/><\/p>\n<p>\t\t\t\t\t<a id=\"172342\" href=\"https:\/\/www.resonance.golf\/fr\/nos-offres\/passeport-evasion\/?utm_source=golfplanet&amp;utm_medium=web&amp;utm_campaign=PASSEPORTEVASION\" target=\"_blank\" rel=\"sponsorised nofollow noopener\"><img decoding=\"async\" src=\"data:image\/svg+xml,%3Csvg%20xmlns=\" http:=\"\" class=\"img-responsive\" alt=\"\" data-lazy-src=\"https:\/\/www.europesays.com\/fr\/wp-content\/uploads\/2025\/05\/resonance-e03-passeport-evasion-1170x275-1.gif\"\/><\/a><\/p>\n<p><strong>G.P. : Suivez-vous l\u2019actualit\u00e9 golfique ? Que pensez-vous du golf fran\u00e7ais, qui se porte bien ?<\/strong><\/p>\n<p><strong>V.D. :<\/strong> Je ne regarde pas tous les tournois, je regarde un peu le PGA Tour et le circuit europ\u00e9en le dimanche, donc je ne suis pas forc\u00e9ment tout. En revanche, je suis tr\u00e8s, tr\u00e8s fan de Martin Couvra. Il a un superbe swing. Pour moi, c\u2019est le plus beau swing qu\u2019il y a en ce moment sur le circuit. En plus, il a un putting extraordinaire. S\u2019il pouvait me le pr\u00eater de temps en temps, \u00e7a me rendrait un grand service (rires). Je pense que d\u2019ici quelques ann\u00e9es, s\u2019il arrive \u00e0 monter sur le PGA Tour, c\u2019est lui qui va le plus percer.<\/p>\n<p><strong>G.P. : Ce que r\u00e9alise Scottie Scheffler vous impressionne ?<\/strong><\/p>\n<p><strong>V.D. :<\/strong> C\u2019est tr\u00e8s impressionnant. C\u2019est simplement quelqu\u2019un qui se met toujours \u00e0 hauteur de drapeau du bon c\u00f4t\u00e9. Le jour o\u00f9 il putte mal, il fait top 10, et quand il putte bien, il gagne. C\u2019est aussi simple que \u00e7a. Il ne fait jamais d\u2019erreur, donc forc\u00e9ment il n\u2019est jamais loin. Ce n\u2019est pas forc\u00e9ment de la strat\u00e9gie, c\u2019est plus la mani\u00e8re dont il aborde les coups et ses d\u00e9cisions. En plus, il drive tr\u00e8s bien.\u00a0<\/p>\n<p>\u00a0<\/p>\n<p>\u00a0<\/p>\n<p>\u00a9 Nathan Cardet \/ Golf Plan\u00e8te<\/p>\n","protected":false},"excerpt":{"rendered":"Partager cet article Partager la publication \u00ab\u00a0Victor Dubuisson : \u00ab J\u2019ai vraiment trouv\u00e9 ma voie depuis trois ans&hellip;\n","protected":false},"author":2,"featured_media":275892,"comment_status":"","ping_status":"","sticky":false,"template":"","format":"standard","meta":{"footnotes":""},"categories":[1418],"tags":[1011,27,1472,60],"class_list":{"0":"post-275891","1":"post","2":"type-post","3":"status-publish","4":"format-standard","5":"has-post-thumbnail","7":"category-golf","8":"tag-fr","9":"tag-france","10":"tag-golf","11":"tag-sports"},"share_on_mastodon":{"url":"https:\/\/pubeurope.com\/@fr\/114921253303027147","error":""},"_links":{"self":[{"href":"https:\/\/www.europesays.com\/fr\/wp-json\/wp\/v2\/posts\/275891","targetHints":{"allow":["GET"]}}],"collection":[{"href":"https:\/\/www.europesays.com\/fr\/wp-json\/wp\/v2\/posts"}],"about":[{"href":"https:\/\/www.europesays.com\/fr\/wp-json\/wp\/v2\/types\/post"}],"author":[{"embeddable":true,"href":"https:\/\/www.europesays.com\/fr\/wp-json\/wp\/v2\/users\/2"}],"replies":[{"embeddable":true,"href":"https:\/\/www.europesays.com\/fr\/wp-json\/wp\/v2\/comments?post=275891"}],"version-history":[{"count":0,"href":"https:\/\/www.europesays.com\/fr\/wp-json\/wp\/v2\/posts\/275891\/revisions"}],"wp:featuredmedia":[{"embeddable":true,"href":"https:\/\/www.europesays.com\/fr\/wp-json\/wp\/v2\/media\/275892"}],"wp:attachment":[{"href":"https:\/\/www.europesays.com\/fr\/wp-json\/wp\/v2\/media?parent=275891"}],"wp:term":[{"taxonomy":"category","embeddable":true,"href":"https:\/\/www.europesays.com\/fr\/wp-json\/wp\/v2\/categories?post=275891"},{"taxonomy":"post_tag","embeddable":true,"href":"https:\/\/www.europesays.com\/fr\/wp-json\/wp\/v2\/tags?post=275891"}],"curies":[{"name":"wp","href":"https:\/\/api.w.org\/{rel}","templated":true}]}}