{"id":275893,"date":"2025-07-26T19:46:12","date_gmt":"2025-07-26T19:46:12","guid":{"rendered":"https:\/\/www.europesays.com\/fr\/275893\/"},"modified":"2025-07-26T19:46:12","modified_gmt":"2025-07-26T19:46:12","slug":"rugby-a-7-le-coeur-a-parle-et-ma-incite-a-repartir-en-equipe-de-france-a-7-antoine-zeghdar-officialise-son-depart-de-castres","status":"publish","type":"post","link":"https:\/\/www.europesays.com\/fr\/275893\/","title":{"rendered":"Rugby \u00e0 7 \u2013 \u00ab\u00a0Le c\u0153ur a parl\u00e9 et m\u2019a incit\u00e9 \u00e0 repartir en \u00e9quipe de France \u00e0 7\u00a0\u00bb\u00a0: Antoine Zeghdar officialise son d\u00e9part de Castres"},"content":{"rendered":"<p>\n                Apr\u00e8s une saison \u00e0 tenter sa chance \u00e0 Castres, le champion olympique (26 ans) s\u2019est \u00e0 nouveau engag\u00e9 avec la FFR pour porter les couleurs de France 7. Avec, d\u00e9j\u00e0, \u00e0 l\u2019horizon, les Jeux Olympiques de 2028.\n            <\/p>\n<p><strong>Vous avez quitt\u00e9 Castres et vous allez revenir au sein de France 7 \u00e0 temps plein. Qu\u2019est-ce qui a motiv\u00e9 cette d\u00e9cision\u00a0?<\/strong><\/p>\n<p>C\u2019est un concours de circonstances. Tout d\u2019abord, l\u2019ann\u00e9e que j\u2019ai pass\u00e9e <strong><a href=\"https:\/\/www.rugbyrama.fr\/rugby-a-VII\/\" target=\"_self\" rel=\"nofollow noopener\">avec France 7<\/a><\/strong> a \u00e9t\u00e9 la plus \u00e9panouissante de ma vie. J\u2019ai pris v\u00e9ritablement go\u00fbt \u00e0 ce sport. <strong><a href=\"https:\/\/www.rugbyrama.fr\/rugby-a-xv\/top-14\/\" target=\"_self\" rel=\"nofollow noopener\">J\u2019\u00e9tais reparti en Top 14<\/a><\/strong> mais \u00e7a ne s\u2019est pas pass\u00e9 au mieux\u00a0: j\u2019ai repris tardivement et en \u00e9tant bless\u00e9, j\u2019ai manqu\u00e9 beaucoup d\u2019entra\u00eenements et j\u2019ai peu jou\u00e9 d\u2019autant que, comme c\u2019\u00e9tait pr\u00e9vu, j\u2019ai fait quelques allers-retours sur des \u00e9tapes \u00e0 7. Ce n\u2019est pas comme \u00e7a que je voulais que \u00e7a se passe. \u00c0 l\u2019arriv\u00e9e, le c\u0153ur a parl\u00e9 et m\u2019a incit\u00e9 \u00e0 repartir en \u00e9quipe de France. Elle m\u2019a beaucoup donn\u00e9 et j\u2019aimerais lui rendre.<\/p>\n<p><strong>Sur quelle dur\u00e9e vous \u00eates-vous engag\u00e9\u00a0?<\/strong><\/p>\n<p>J\u2019ai sign\u00e9 un an mais mon objectif est d\u2019aller<strong><a href=\"https:\/\/www.rugbyrama.fr\/2025\/07\/15\/rugby-a-7-ca-donne-envie-dy-revenir-antoine-dupont-tente-par-une-participation-aux-jeux-olympiques-de-los-angeles-en-2028-12827026.php\" target=\"_self\" rel=\"nofollow noopener\"> jusqu\u2019aux JO de Los Angeles<\/a><\/strong>. Apr\u00e8s, on verra. Il y a un temps pour tout. Pour l\u2019heure, le 7, c\u2019est ce que j\u2019ai envie de faire mais je ne quitte pas des yeux le rugby \u00e0 XV qui me procure aussi beaucoup de plaisir.<\/p>\n<p><strong>Quel go\u00fbt vous laisse en bouche votre r\u00e9cent passage \u00e0 XV\u00a0? On imagine qu\u2019il y a de la frustration alors que vous avez disput\u00e9 seulement quatre matchs sous les couleurs du CO\u2026<\/strong><\/p>\n<p>C\u2019est s\u00fbr mais, \u00e0 mon sens, il n\u2019y a rien qui arrive par hasard. C\u2019\u00e9tait le destin, je devais me rediriger vers le 7.<strong><a href=\"https:\/\/www.rugbyrama.fr\/equipe\/castres-olympique\/\" target=\"_self\" rel=\"nofollow noopener\"> \u00c0 Castres, j\u2019ai v\u00e9cu avec un groupe que j\u2019aime beaucoup<\/a><\/strong>, que je connaissais et que j\u2019\u00e9tais tr\u00e8s heureux de retrouver. Au niveau du staff, j\u2019ai beaucoup appr\u00e9ci\u00e9 ma rencontre avec Xavier Sadourny qui est une belle personne, un bon coach. Personnellement, j\u2019\u00e9tais tout le temps \u00e0 fond avec l\u2019\u00e9quipe. J\u2019aurais aim\u00e9 avoir plus de temps de jeu et pouvoir me montrer mais il y a eu tous ces al\u00e9as au d\u00e9but. Peut-\u00eatre que le staff aurait voulu me voir \u00e0 l\u2019\u0153uvre \u00e0 un moment donn\u00e9 mais je suis reparti \u00e0 7\u2026 Et, apr\u00e8s, c\u2019\u00e9tait la fin de saison, ce n\u2019\u00e9tait plus le moment de faire des tests. Jusqu\u2019au bout, en tout cas, je me suis donn\u00e9 \u00e0 100\u00a0% et je suis rest\u00e9 disponible. \u00c0 l\u2019arriv\u00e9e, les coachs ont compris mon choix de partir et ils \u00e9taient heureux de savoir que j\u2019allais m\u2019\u00e9panouir dans cet environnement.<\/p>\n<p><strong>Qu\u2019avez-vous retir\u00e9 de cette ann\u00e9e\u00a0?<\/strong><\/p>\n<p>C\u2019\u00e9tait assez particulier, j\u2019\u00e9tais entre les deux mondes. \u00c0 7, c\u2019\u00e9tait un nouveau cycle que l\u2019on appr\u00e9hendait un peu. J\u2019ai d\u00e9couvert des gars talentueux qui vont devenir tr\u00e8s int\u00e9ressants avec l\u2019exp\u00e9rience, et Beno\u00eet Baby, aussi, qui n\u2019a pas mis beaucoup de temps \u00e0 s\u2019adapter et \u00e0 faire des choses bien. Il y a tout pour r\u00e9aliser de belles performances. J\u2019ai jou\u00e9 trois tournois et gagn\u00e9 deux m\u00e9dailles. Apr\u00e8s, \u00e0 XV, je n\u2019ai pas perdu mon temps. Je me suis enrichi de ce que j\u2019ai connu et de ce que j\u2019ai travaill\u00e9. Et \u00e7a m\u2019a aussi confort\u00e9 dans mon choix de revenir \u00e0 7.<\/p>\n<p>        <img decoding=\"async\" class=\"std-img__img responsive-img\" src=\"https:\/\/www.europesays.com\/fr\/wp-content\/uploads\/2025\/07\/1753559172_212_image.jpg\" alt=\"Antoine Zeghdar m\u00e9daille d\u2019or autour du cou.\"\/><\/p>\n<p>                Antoine Zeghdar m\u00e9daille d\u2019or autour du cou.<br \/>\n                                    Abaca \/ Icon Sport<\/p>\n<p><strong>Dimanche, cela fera un an que vous avez d\u00e9croch\u00e9 l\u2019or olympique. Qu\u2019est-ce que cette date anniversaire ravive en vous\u00a0?<\/strong><\/p>\n<p>C\u2019est un sentiment incroyable. <strong><a href=\"https:\/\/www.rugbyrama.fr\/2025\/07\/26\/rugby-a-7-au-sommet-de-lolympe-les-yeux-dans-les-bleus-medailles-dor-aux-jeux-olympiques-paris-2024-12846027.php\" target=\"_self\" rel=\"nofollow noopener\">Quand je vois les photos qui remontent sur les r\u00e9seaux<\/a><\/strong>, j\u2019ai des frissons. C\u2019\u00e9taient des moments exceptionnels \u00e0 vivre.<\/p>\n<p><strong>En quoi cela a-t-il chang\u00e9 votre vie\u00a0?<\/strong><\/p>\n<p>\u00c0 notre niveau, on a marqu\u00e9 l\u2019histoire, d\u00e9j\u00e0. Et \u00e7a nous a rendus encore plus l\u00e9gitimes sur la sc\u00e8ne internationale. On a pass\u00e9 un cap et il y a un vrai go\u00fbt de reviens-y. Je pense d\u00e9j\u00e0 aux prochains Jeux. J\u2019ai h\u00e2te d\u2019y revenir.<\/p>\n<p><strong>Comment avez-vous v\u00e9cu les semaines et mois qui ont suivi ce summum \u00e9motionnel\u00a0?<\/strong><\/p>\n<p>Apr\u00e8s les JO, on en a beaucoup profit\u00e9. On \u00e9tait tellement heureux, on \u00e9tait invit\u00e9 \u00e0 droite et \u00e0 gauche\u2026 Mais j\u2019en avais un peu marre sur la fin, j\u2019avais envie de reprendre le rugby. Il n\u2019y a pas eu de sensation de vide\u00a0: j\u2019ai pris tout ce qu\u2019il y avait \u00e0 prendre et je n\u2019ai pas vu cet accomplissement comme une fin en soi. J\u2019avais d\u2019autres objectifs en t\u00eate.<\/p>\n<p><strong>Humainement, vous aviez aussi v\u00e9cu une aventure forte, sur la dur\u00e9e, avec ce groupe\u2026 Avez-vous ressenti un manque\u00a0?<\/strong><\/p>\n<p>Le lien entre nous est super fort et c\u2019est un r\u00e9gal de se revoir \u00e0 chaque fois, comme \u00e7a a pu \u00eatre le cas sur les terrains de Top 14. Il y a de beaux souvenirs, on a la chance d\u2019avoir les photos et les vid\u00e9os. M\u00eame si le temps passe, les liens ne dispara\u00eetront pas. Il faut que l\u2019on arrive \u00e0 mettre un truc en place chaque ann\u00e9e pour faire perdurer cet instant magique.<\/p>\n","protected":false},"excerpt":{"rendered":"Apr\u00e8s une saison \u00e0 tenter sa chance \u00e0 Castres, le champion olympique (26 ans) s\u2019est \u00e0 nouveau engag\u00e9&hellip;\n","protected":false},"author":2,"featured_media":275894,"comment_status":"","ping_status":"","sticky":false,"template":"","format":"standard","meta":{"footnotes":""},"categories":[1416],"tags":[1011,27,479,1468,60],"class_list":{"0":"post-275893","1":"post","2":"type-post","3":"status-publish","4":"format-standard","5":"has-post-thumbnail","7":"category-rugby","8":"tag-fr","9":"tag-france","10":"tag-rugby","11":"tag-rugby-football","12":"tag-sports"},"share_on_mastodon":{"url":"https:\/\/pubeurope.com\/@fr\/114921261321683913","error":""},"_links":{"self":[{"href":"https:\/\/www.europesays.com\/fr\/wp-json\/wp\/v2\/posts\/275893","targetHints":{"allow":["GET"]}}],"collection":[{"href":"https:\/\/www.europesays.com\/fr\/wp-json\/wp\/v2\/posts"}],"about":[{"href":"https:\/\/www.europesays.com\/fr\/wp-json\/wp\/v2\/types\/post"}],"author":[{"embeddable":true,"href":"https:\/\/www.europesays.com\/fr\/wp-json\/wp\/v2\/users\/2"}],"replies":[{"embeddable":true,"href":"https:\/\/www.europesays.com\/fr\/wp-json\/wp\/v2\/comments?post=275893"}],"version-history":[{"count":0,"href":"https:\/\/www.europesays.com\/fr\/wp-json\/wp\/v2\/posts\/275893\/revisions"}],"wp:featuredmedia":[{"embeddable":true,"href":"https:\/\/www.europesays.com\/fr\/wp-json\/wp\/v2\/media\/275894"}],"wp:attachment":[{"href":"https:\/\/www.europesays.com\/fr\/wp-json\/wp\/v2\/media?parent=275893"}],"wp:term":[{"taxonomy":"category","embeddable":true,"href":"https:\/\/www.europesays.com\/fr\/wp-json\/wp\/v2\/categories?post=275893"},{"taxonomy":"post_tag","embeddable":true,"href":"https:\/\/www.europesays.com\/fr\/wp-json\/wp\/v2\/tags?post=275893"}],"curies":[{"name":"wp","href":"https:\/\/api.w.org\/{rel}","templated":true}]}}