{"id":275895,"date":"2025-07-26T19:47:12","date_gmt":"2025-07-26T19:47:12","guid":{"rendered":"https:\/\/www.europesays.com\/fr\/275895\/"},"modified":"2025-07-26T19:47:12","modified_gmt":"2025-07-26T19:47:12","slug":"gauff-tete-de-serie-n1-en-labsence-de-sabalenka-swiatek-et-keys-dans-le-meme-quart-de-tableau","status":"publish","type":"post","link":"https:\/\/www.europesays.com\/fr\/275895\/","title":{"rendered":"Gauff t\u00eate de s\u00e9rie n\u00b01 en l\u2019absence de Sabalenka, Swiatek et Keys dans le m\u00eame quart de tableau"},"content":{"rendered":"<p>                <img decoding=\"async\" src=\"https:\/\/www.europesays.com\/fr\/wp-content\/uploads\/2025\/07\/1xnA.jpg\" alt=\"Tirage au sort du WTA 1000 de Montr\u00e9al : Gauff t\u00eate de s\u00e9rie n\u00b01 en l\u2019absence de Sabalenka, Swiatek et Keys dans le m\u00eame quart de tableau\"\/><\/p>\n<p><strong>Le tirage au sort du tableau du WTA 1000 de Montr\u00e9al a \u00e9t\u00e9 effectu\u00e9 ce samedi.<\/strong><\/p>\n<p>Coco Gauff se retrouve t\u00eate de s\u00e9rie n\u00b01 suite au forfait d\u2019Aryna Sabalenka pour cause de fatigue. La gagnante de Roland-Garros pourrait croiser la route de Danielle Collins d\u00e8s son entr\u00e9e en lice, si cette derni\u00e8re parvient \u00e0 passer le premier tour face \u00e0 une joueuse qualifi\u00e9e. En huiti\u00e8mes de finale, elle pourrait affronter Diana Shnaider, avant un quart potentiel contre Jasmine Paolini.<\/p>\n<p>D\u00e9j\u00e0 de retour \u00e0 la comp\u00e9tition apr\u00e8s son titre \u00e0 Wimbledon, Iga Swiatek se retrouve en bas du tableau avec un premier match qui sera contre Yulia Putintseva ou une qualifi\u00e9e. Anastasia Pavlyuchenkova pourrait se pr\u00e9senter en face d\u2019elle au troisi\u00e8me tour, avant un \u00e9ventuel huiti\u00e8me de finale contre Clara Tauson. En quart de finale, Swiatek pourrait retrouver Madison Keys, qui l\u2019avait battue en demi-finale du dernier Open d\u2019Australie.<\/p>\n<p>Mirra Andreeva n\u2019a pas \u00e9t\u00e9 g\u00e2t\u00e9e au tirage, puisqu\u2019elle fera ses d\u00e9buts contre Barbora Krejcikova ou Bianca Andreescu. Leylah Fernandez, demi-finaliste \u00e0 Washington, se trouve \u00e9galement dans sa partie de tableau. Elena Rybakina ou Emma Navarro sont ses adversaires potentielles si elle parvient \u00e0 se hisser en quart de finale.<\/p>\n<p>Le dernier quart de tableau comprend Amanda Anisimova, finaliste \u00e0 Wimbledon, et Jessica Pegula. Anisimova d\u00e9butera face \u00e0 Sorana Cirstea ou Lulu Sun, tandis que Pegula bataillera contre Maria Sakkari ou Carson Branstine.<\/p>\n<p>Eugenie Bouchard, qui prendra sa retraite \u00e0 l\u2019issue du tournoi, affrontera Emiliana Arango. En cas de qualification, elle jouerait ensuite contre Belinda Bencic.<\/p>\n","protected":false},"excerpt":{"rendered":"Le tirage au sort du tableau du WTA 1000 de Montr\u00e9al a \u00e9t\u00e9 effectu\u00e9 ce samedi. Coco Gauff&hellip;\n","protected":false},"author":2,"featured_media":275896,"comment_status":"","ping_status":"","sticky":false,"template":"","format":"standard","meta":{"footnotes":""},"categories":[1415],"tags":[1011,27,60,1467],"class_list":{"0":"post-275895","1":"post","2":"type-post","3":"status-publish","4":"format-standard","5":"has-post-thumbnail","7":"category-tennis","8":"tag-fr","9":"tag-france","10":"tag-sports","11":"tag-tennis"},"share_on_mastodon":{"url":"https:\/\/pubeurope.com\/@fr\/114921265104596345","error":""},"_links":{"self":[{"href":"https:\/\/www.europesays.com\/fr\/wp-json\/wp\/v2\/posts\/275895","targetHints":{"allow":["GET"]}}],"collection":[{"href":"https:\/\/www.europesays.com\/fr\/wp-json\/wp\/v2\/posts"}],"about":[{"href":"https:\/\/www.europesays.com\/fr\/wp-json\/wp\/v2\/types\/post"}],"author":[{"embeddable":true,"href":"https:\/\/www.europesays.com\/fr\/wp-json\/wp\/v2\/users\/2"}],"replies":[{"embeddable":true,"href":"https:\/\/www.europesays.com\/fr\/wp-json\/wp\/v2\/comments?post=275895"}],"version-history":[{"count":0,"href":"https:\/\/www.europesays.com\/fr\/wp-json\/wp\/v2\/posts\/275895\/revisions"}],"wp:featuredmedia":[{"embeddable":true,"href":"https:\/\/www.europesays.com\/fr\/wp-json\/wp\/v2\/media\/275896"}],"wp:attachment":[{"href":"https:\/\/www.europesays.com\/fr\/wp-json\/wp\/v2\/media?parent=275895"}],"wp:term":[{"taxonomy":"category","embeddable":true,"href":"https:\/\/www.europesays.com\/fr\/wp-json\/wp\/v2\/categories?post=275895"},{"taxonomy":"post_tag","embeddable":true,"href":"https:\/\/www.europesays.com\/fr\/wp-json\/wp\/v2\/tags?post=275895"}],"curies":[{"name":"wp","href":"https:\/\/api.w.org\/{rel}","templated":true}]}}