{"id":275901,"date":"2025-07-26T19:51:09","date_gmt":"2025-07-26T19:51:09","guid":{"rendered":"https:\/\/www.europesays.com\/fr\/275901\/"},"modified":"2025-07-26T19:51:09","modified_gmt":"2025-07-26T19:51:09","slug":"tdf-tour-de-france-tadej-pogacar-lun-des-tours-les-plus-durs-que-jaie-faits","status":"publish","type":"post","link":"https:\/\/www.europesays.com\/fr\/275901\/","title":{"rendered":"TDF. Tour de France &#8211; Tadej Pogacar : \u00abL\u2019un des Tours les plus durs que j\u2019aie faits&#8230;\u00bb"},"content":{"rendered":"<p>Ce fut une journ\u00e9e un peu tranquille pour <strong><a href=\"https:\/\/www.cyclismactu.net\/..\/news-tdf-route-tour-de-france-tadej-pogacar-nous-verrons-demain-si-on-court-pour-gagner-89249.html\" target=\"_blank\" rel=\"nofollow noopener\">Tadej Pogacar<\/a><\/strong> (UAE Team Emirates-XRG). Le Maillot Jaune, qui, sauf retournement de situation, devrait remporter cette 112e \u00e9dition et \u00e9galer notamment <strong>Chris Froome<\/strong> au nombre de victoires sur le <strong><a href=\"https:\/\/www.cyclismactu.net\/..\/news-tdf-route-tour-de-france-kaden-groves-remporte-20e-etape-beau-coup-de-jordan-jegat-89244.html\" target=\"_blank\" rel=\"nofollow noopener\">Tour de France<\/a><\/strong>, avait retrouv\u00e9 le sourire ce samedi, \u00e0 la veille de l\u2019arriv\u00e9e \u00e0 Paris. Pr\u00e9sent en conf\u00e9rence de presse \u00e0 l\u2019issue de cette 20e \u00e9tape remport\u00e9e par le solide sprinteur australien <strong><a href=\"https:\/\/www.cyclismactu.net\/..\/news-tdf-route-tour-de-france-kaden-groves-gagner-en-solitaire-sur-tour-c-est-incroyable-89246.html\" target=\"_blank\" rel=\"nofollow noopener\">Kaden Groves<\/a><\/strong> (Alpecin-Deceuninck), qui a devanc\u00e9 <strong>Frank Van den Broek<\/strong> (Team PicNic PostNL) et <strong>Pascal Eenkhoorn<\/strong> (Soudal Quick-Step), le champion du monde s\u2019est exprim\u00e9 sur la difficult\u00e9 de ce <strong>Tour de France<\/strong> 2025.<\/p>\n<p>\u00a0<\/p>\n<p>\u00ab\u00a0J\u2019ai vraiment h\u00e2te \u00e0 la derni\u00e8re journ\u00e9e demain&#8230;\u00a0\u00bb<\/p>\n<p><strong>Ce n\u2019est pas toujours facile de le voir avec toi, mais tu dois \u00eatre fatigu\u00e9 \u00e0 ce stade. Peux-tu nous d\u00e9crire \u00e0 quel point ce Tour a \u00e9t\u00e9 difficile, ton niveau de fatigue, et si cela a eu un impact sur des \u00e9tapes comme celle du Mont Ventoux ou du Col de la Loze ?<\/strong><\/p>\n<p>Je pense que chaque ann\u00e9e on dit que c\u2019est le Tour le plus dur qu\u2019on ait jamais fait, que c\u2019est la course la plus folle. Mais honn\u00eatement, je sais que ce Tour \u00e9tait d\u2019un autre niveau. Peut-\u00eatre qu\u2019on a eu un seul jour un peu plus tranquille. Si vous regardez les donn\u00e9es de puissance sur l\u2019ensemble du Tour, c\u2019est vraiment impressionnant et tr\u00e8s difficile. M\u00eame aujourd\u2019hui, on a presque tout fait \u00e0 bloc du d\u00e9but \u00e0 la fin. Et je dois dire que, m\u00eame si c\u2019\u00e9tait l\u2019un des Tours les plus durs que j\u2019aie faits, je l\u2019ai appr\u00e9ci\u00e9 parce que j\u2019\u00e9tais en bonne forme et j\u2019avais de bonnes jambes. J\u2019ai vraiment h\u00e2te \u00e0 la derni\u00e8re journ\u00e9e demain.<\/p>\n<p>\u00a0<\/p>\n<p><strong>Quand tu rentres chez toi apr\u00e8s le Tour et que tu prends un peu de repos, combien de jours passent avant que tu aies envie de remonter sur le v\u00e9lo ?<\/strong><\/p>\n<p>Cette ann\u00e9e, je ne sais pas. Peut-\u00eatre que je remonte sur le v\u00e9lo lundi. Je rentre chez moi, et peut-\u00eatre mardi je roule un peu. On ne sait jamais. Si je me sens bien, je fais une petite sortie, je m\u2019arr\u00eate prendre un caf\u00e9 et je profite de l\u2019\u00e9t\u00e9 \u00e0 la maison.<\/p>\n<p>\u00a0<\/p>\n<p><strong>Tadej, il y a eu beaucoup de questions sur le dopage ces derni\u00e8res ann\u00e9es. Pendant ce Tour, il y a eu un cas particulier impliquant le soigneur slov\u00e8ne David Ro\u017eman de l\u2019\u00e9quipe Ineos, renvoy\u00e9 chez lui et faisant l\u2019objet d\u2019une enqu\u00eate par l\u2019Agence antidopage. Que penses-tu de cette affaire en g\u00e9n\u00e9ral, et connais-tu bien David Ro\u017eman, puisqu\u2019il est lui aussi slov\u00e8ne ?<\/strong><\/p>\n<p>Je ne sais rien sur ce cas. J\u2019ai entendu, je n\u2019ai m\u00eame pas lu. Oui, j\u2019ai entendu ce qui s\u2019est pass\u00e9 ces derniers jours. Bien s\u00fbr, ce n\u2019est jamais agr\u00e9able \u00e0 entendre, mais je ne le connais pas tr\u00e8s bien. Il \u00e9tait chez Sky puis Ineos depuis longtemps, mais\u2026 je ne sais pas. Je ne connais pas vraiment la situation, donc je ne peux pas dire grand-chose.<\/p>\n<p>\u00a0<\/p>\n<p><strong>Tadej, je sais que tu veux partir en vacances, mais as-tu d\u00e9cid\u00e9 si tu feras la Vuelta ?<\/strong><\/p>\n<p>Non, j&rsquo;ai dit, je ne sais plus quel jour c\u2019\u00e9tait pendant la conf\u00e9rence de presse\u2026 qu\u2019on d\u00e9cidera quelques jours apr\u00e8s le Tour, quand tout sera plus calme et qu\u2019on aura l\u2019esprit clair. \u00c0 ce moment-l\u00e0, on pourra prendre des d\u00e9cisions pour les prochaines courses. Ce sera difficile de d\u00e9cider, bien s\u00fbr. J\u2019aimerais aller \u00e0 la Vuelta, parce qu\u2019apr\u00e8s avoir fait le Tour chaque ann\u00e9e, j\u2019aimerais vraiment faire la Vuelta un jour aussi. Donc on verra.<\/p>\n<p>Tour de France &#8211; Classement de la 20\u00e8 \u00e9tape Tour de France &#8211; Classement g\u00e9n\u00e9ral provisoire apr\u00e8s la 20\u00e8 \u00e9tape<\/p>\n","protected":false},"excerpt":{"rendered":"Ce fut une journ\u00e9e un peu tranquille pour Tadej Pogacar (UAE Team Emirates-XRG). Le Maillot Jaune, qui, sauf&hellip;\n","protected":false},"author":2,"featured_media":275902,"comment_status":"","ping_status":"","sticky":false,"template":"","format":"standard","meta":{"footnotes":""},"categories":[1411],"tags":[1154,207,211,1011,27,209,60,210,212,208,213],"class_list":{"0":"post-275901","1":"post","2":"type-post","3":"status-publish","4":"format-standard","5":"has-post-thumbnail","7":"category-cyclisme","8":"tag-cycling","9":"tag-cyclisme","10":"tag-ffc","11":"tag-fr","12":"tag-france","13":"tag-route","14":"tag-sports","15":"tag-tour-de-france","16":"tag-uci","17":"tag-velo","18":"tag-world-tour"},"share_on_mastodon":{"url":"https:\/\/pubeurope.com\/@fr\/114921280908305147","error":""},"_links":{"self":[{"href":"https:\/\/www.europesays.com\/fr\/wp-json\/wp\/v2\/posts\/275901","targetHints":{"allow":["GET"]}}],"collection":[{"href":"https:\/\/www.europesays.com\/fr\/wp-json\/wp\/v2\/posts"}],"about":[{"href":"https:\/\/www.europesays.com\/fr\/wp-json\/wp\/v2\/types\/post"}],"author":[{"embeddable":true,"href":"https:\/\/www.europesays.com\/fr\/wp-json\/wp\/v2\/users\/2"}],"replies":[{"embeddable":true,"href":"https:\/\/www.europesays.com\/fr\/wp-json\/wp\/v2\/comments?post=275901"}],"version-history":[{"count":0,"href":"https:\/\/www.europesays.com\/fr\/wp-json\/wp\/v2\/posts\/275901\/revisions"}],"wp:featuredmedia":[{"embeddable":true,"href":"https:\/\/www.europesays.com\/fr\/wp-json\/wp\/v2\/media\/275902"}],"wp:attachment":[{"href":"https:\/\/www.europesays.com\/fr\/wp-json\/wp\/v2\/media?parent=275901"}],"wp:term":[{"taxonomy":"category","embeddable":true,"href":"https:\/\/www.europesays.com\/fr\/wp-json\/wp\/v2\/categories?post=275901"},{"taxonomy":"post_tag","embeddable":true,"href":"https:\/\/www.europesays.com\/fr\/wp-json\/wp\/v2\/tags?post=275901"}],"curies":[{"name":"wp","href":"https:\/\/api.w.org\/{rel}","templated":true}]}}