{"id":275905,"date":"2025-07-26T19:53:15","date_gmt":"2025-07-26T19:53:15","guid":{"rendered":"https:\/\/www.europesays.com\/fr\/275905\/"},"modified":"2025-07-26T19:53:15","modified_gmt":"2025-07-26T19:53:15","slug":"lord-ivar-mountbatten-annonce-les-fiancailles-de-sa-fille-ainee-filleule-du-prince-edward","status":"publish","type":"post","link":"https:\/\/www.europesays.com\/fr\/275905\/","title":{"rendered":"Lord Ivar Mountbatten annonce les fian\u00e7ailles de sa fille a\u00een\u00e9e, filleule du prince Edward"},"content":{"rendered":"<p>Lord Ivar Mountbatten a annonc\u00e9 les fian\u00e7ailles de sa fille a\u00een\u00e9e Ella, filleule du duc d\u2019\u00c9dimbourg. Lord Ivar, connu comme \u00e9tant le premier membre de la famille royale britannique ayant fait son coming out, a fait part de sa joie sur les r\u00e9seaux sociaux et accorde toute sa confiance en son futur gendre.<\/p>\n<p><strong>Lire aussi : <a href=\"https:\/\/histoiresroyales.fr\/fiancailles-dans-la-famille-du-comte-dudekem-dacoz\/\" target=\"_blank\" rel=\"noopener\">Fian\u00e7ailles dans la famille du comte d\u2019Udekem d\u2019Acoz<\/a><\/strong><\/p>\n<p>Ella Mountbatten va \u00e9pouser Fergus Wright<\/p>\n<p>Lord Ivar Mountbatten, 62 ans, est \u00ab\u00a0ravi d\u2019annoncer les fian\u00e7ailles \u00bb de sa fille a\u00een\u00e9e, Ella Mountbatten. Lord Ivar est un des fils du 3e marquis de Milford Haven. Son fr\u00e8re a\u00een\u00e9 est le 4e marquis et le chef de la famille. Lord Ivar est le premier membre de la famille royale britannique ouvertement homosexuel et s\u2019est mari\u00e9 avec James Coyle en 2018. Avant son mariage gay, Lord Ivar a \u00e9t\u00e9 mari\u00e9 de 1994 \u00e0 2011 \u00e0 Penelope avec qui il a eu trois filles : Ella, Alexandra et Louise.<\/p>\n<p><img fetchpriority=\"high\" decoding=\"async\" width=\"1300\" height=\"844\" src=\"https:\/\/www.europesays.com\/fr\/wp-content\/uploads\/2025\/07\/lord-ivar-mountbatten-premier-membre-gay-famille-royale.jpg\" alt=\"\" class=\"wp-image-214368 lazyload\" data-  \/>Lord Ivar Mountbatten (en rose) avec son mari, James Coyle (en bleu), devant leur demeure de Bridewell Park dans le Devon (Photo : ITV\/Jon Hall\/Shutterstock\/SIPA)<\/p>\n<p><strong>Lire aussi : <a href=\"https:\/\/histoiresroyales.fr\/rafael-nadal-devient-le-marquis-de-llevant-de-mallorca\/\" target=\"_blank\" rel=\"noopener\">Rafael Nadal devient le marquis de Llevant de Mallorca<\/a><\/strong><\/p>\n<p>Ella Mountbatten, 29 ans, a accept\u00e9 la demande de son petit ami Fergus Wright. Le cousin de la famille royale britannique a annonc\u00e9 la nouvelle ce samedi 26 juillet 2025 sur ses r\u00e9seaux sociaux, en partageant une photo de sa fille Ella pr\u00e9sentant fi\u00e8rement la bague comprenant un \u00e9meraude central, entour\u00e9 de diamants. Ella Mountbatten est la filleule du prince Edward, duc d\u2019\u00c9dimbourg. Sa s\u0153ur Alexandra a pour marraine la duchesse d\u2019\u00c9dimbourg. \u00c0 l\u2019inverse, Lord Ivar Mountbatten est le parrain de Lady Louise Windsor-Mountbatten, la fille du duc et de la duchesse d\u2019\u00c9dimbourg.<\/p>\n<p><img loading=\"lazy\" decoding=\"async\" width=\"1145\" height=\"1400\" src=\"https:\/\/www.europesays.com\/fr\/wp-content\/uploads\/2025\/07\/ella-mountbatten-mariage-fergus-wright-fiancailles-1145x1400.jpg\" alt=\"\" class=\"wp-image-214366 lazyload\" data-  \/>Ella Mountbatten, filleule du duc d\u2019\u00c9dimbourg, pr\u00e9sente sa bague de fian\u00e7ailles apr\u00e8s avoir accept\u00e9 la demande de Fergus Wright (Photo : Instagram\/ivar_mountbatten)<\/p>\n<p><strong>Lire aussi : <a href=\"https:\/\/histoiresroyales.fr\/princesse-elisabeth-reperee-robe-arc-en-ciel-bien-entouree-gironde-chateau-royal-de-cazeneuve\/\" target=\"_blank\" rel=\"noopener\">La princesse \u00c9lisabeth rep\u00e9r\u00e9e dans une robe arc-en-ciel et bien entour\u00e9e en Gironde, au ch\u00e2teau royal de Cazeneuve<\/a><\/strong><\/p>\n<p>Le duc d\u2019\u00c9dimbourg repr\u00e9sentera-t-il la famille royale au mariage de sa filleule ?<\/p>\n<p>Lord Ivar Mountbatten est heureux que son futur gendre se soit jet\u00e9 \u00e0 l\u2019eau. \u00ab\u00a0Ferg n\u2019est pas du genre \u00e0 se pr\u00e9cipiter, je suis donc extr\u00eamement heureuse qu\u2019il ait enfin mis fin \u00e0 notre supplice ! \u00bb, explique l\u2019aristocrate. Le cousin du roi Charles III est m\u00eame connu de l\u2019autre c\u00f4t\u00e9 de l\u2019Atlantique apr\u00e8s avoir particip\u00e9, il y a quelques mois, \u00e0 l\u2019\u00e9mission The Traitors, la version am\u00e9ricaine des Tra\u00eetres. Ivar Mountbatten a m\u00eame remport\u00e9 l\u2019\u00e9mission avec trois autres \u00ab\u00a0loyaux \u00bb, dont faisait partie Dylan Efron, le fr\u00e8re de Zac Efron.<\/p>\n<p><img loading=\"lazy\" decoding=\"async\" width=\"1076\" height=\"1400\" src=\"https:\/\/www.europesays.com\/fr\/wp-content\/uploads\/2025\/07\/zac-efron-dylon-efron-traitres-ivar-mountbatten-1-1076x1400.jpg\" alt=\"\" class=\"wp-image-214362 lazyload\" data-  \/>Dylon Efron, Dolores Catania et Ivar Mountbatten, trois des quatre gagnants de la saison 3 des \u00ab\u00a0Tra\u00eetres \u00bb aux \u00c9tats-Unis (Photo : Derek French\/Shutterstock\/SIPA)<\/p>\n<p><strong>Lire aussi : <a href=\"https:\/\/histoiresroyales.fr\/lady-victoria-hervey-detonne-a-ascot-la-soeur-du-marquis-de-bristol-se-fait-remarquer-avec-sa-robe-originale\/\" target=\"_blank\" rel=\"noopener\">Lady Victoria Hervey d\u00e9tonne \u00e0 Ascot : la s\u0153ur du marquis de Bristol se fait remarquer avec sa robe originale<\/a><\/strong><\/p>\n<p>Lord Ivar ne tarit pas d\u2019\u00e9loges concernant Fergus : \u00ab\u00a0Je sais qu\u2019il veillera sur ma fille jusqu\u2019\u00e0 sa mort\u00a0et ils ne pourraient pas \u00eatre mieux assortis\u00a0\u00bb. Lord Ivar termine son message \u00e0 sa fille et \u00e0 son futur beau-fils, en leur donnant un petit conseil : \u00ab\u00a0Profitez pleinement de ce moment pr\u00e9cieux de votre vie. Je vous embrasse tous les deux avec beaucoup d\u2019affection \u00bb. <\/p>\n<p><img loading=\"lazy\" decoding=\"async\" width=\"1400\" height=\"1746\" src=\"https:\/\/www.europesays.com\/fr\/wp-content\/uploads\/2025\/07\/parente-roi-charles-iii-lord-ivar-mountbatten.jpg\" alt=\"\" class=\"wp-image-140322 lazyload\" data-  \/>Lord Ivar Mountbatten et le roi Charles III sont des cousins au second degr\u00e9, partageant le m\u00eame arri\u00e8re-grand-p\u00e8re, le 1er marquis de Mildford Haven (Image : Histoires Royales)<\/p>\n<p>Lord Ivar Mountbatten est un descendant de la reine Victoria. Comme le roi Charles III, il est aussi l\u2019arri\u00e8re-petit-fils du prince Louis de Battenberg, lui-m\u00eame petit-fils du grand-duc Louis II de Hesse. Le prince Alexandre de Hesse, fils du grand-duc Louis II, avait \u00e9pous\u00e9 en 1851 la comtesse Julia. Apr\u00e8s ce mariage in\u00e9gal, le grand-duc Louis II a conf\u00e9r\u00e9 le titre de comtesse de Battenberg \u00e0 sa nouvelle belle-fille, titre qui fut ensuite \u00e9lev\u00e9 au rang de princesse. Le titre a \u00e9t\u00e9 cr\u00e9\u00e9 pour \u00eatre transmis \u00e0 sa descendance. Les princes de Battenberg sont une branche morganatique de la famille de Hesse. Les princes de Battenberg install\u00e9s au Royaume-Uni ont anglicis\u00e9 leur nom lors de leur naturalisation, apr\u00e8s la Premi\u00e8re Guerre mondiale. C\u2019est ainsi que les Battenberg sont devenus Mountbatten. Le prince Louis de Battenberg, fils d\u2019Alexandre, est devenu Louis Mountbatten. En \u00e9change de cette naturalisation, il re\u00e7ut le titre de marquis de Mildford Haven, titre toujours port\u00e9 par le chef de famille. Lord Louis a \u00e9pous\u00e9 sa cousine Victoria, elle-m\u00eame descendante du grand-duc de Hesse et petite-fille de la reine Victoria par sa m\u00e8re.<\/p>\n<p>\t\t\t\t<img loading=\"lazy\" alt=\"Avatar photo\" src=\"https:\/\/www.europesays.com\/fr\/wp-content\/uploads\/2025\/04\/1516945716303-164x164.jpeg\"  class=\"avatar avatar-164 photo lazyload\" height=\"164\" width=\"164\" decoding=\"async\"\/><br \/>\n\t\t<a href=\"https:\/\/histoiresroyales.fr\/author\/royaliste123\/\" target=\"_blank\" rel=\"noopener\">Nicolas Fontaine<\/a><br \/>\n\t\t\t\t\tR\u00e9dacteur en chef<\/p>\n<p>Nicolas Fontaine a \u00e9t\u00e9 concepteur-r\u00e9dacteur et auteur pour de nombreuses marques et m\u00e9dias belges et fran\u00e7ais. Sp\u00e9cialiste de l&rsquo;actualit\u00e9 des familles royales, Nicolas a fond\u00e9 le site Histoires royales dont il est le r\u00e9dacteur en chef.&#13;<br \/>\n&#13;<br \/>\nnicolas@histoiresroyales.fr<\/p>\n<p>\t\t\t\t\t\t\t<a href=\"https:\/\/twitter.com\/ActusRoyales\" class=\"boxed-icon fill twitter\" target=\"_blank\" rel=\"noopener\"><\/a><br \/>\n\t\t\t\t\t\t\t\t\t<a href=\"https:\/\/www.instagram.com\/histoiresroyales.fr\/\" class=\"boxed-icon fill instagram\" target=\"_blank\" rel=\"noopener\"><\/a><\/p>\n<p>\t\t\t\t\t\t\t\t\t\t\t\t\t<script async src=\"https:\/\/platform.twitter.com\/widgets.js\" charset=\"utf-8\"><\/script><script async src=\"\/\/www.instagram.com\/embed.js\"><\/script><\/p>\n","protected":false},"excerpt":{"rendered":"Lord Ivar Mountbatten a annonc\u00e9 les fian\u00e7ailles de sa fille a\u00een\u00e9e Ella, filleule du duc d\u2019\u00c9dimbourg. Lord Ivar,&hellip;\n","protected":false},"author":2,"featured_media":275906,"comment_status":"","ping_status":"","sticky":false,"template":"","format":"standard","meta":{"footnotes":""},"categories":[1359],"tags":[58,59,41527,1011,27,41528,41529,41530,973],"class_list":{"0":"post-275905","1":"post","2":"type-post","3":"status-publish","4":"format-standard","5":"has-post-thumbnail","7":"category-people","8":"tag-divertissement","9":"tag-entertainment","10":"tag-fianu00e7ailles","11":"tag-fr","12":"tag-france","13":"tag-lord-ivar-mountbatten","14":"tag-noblesse","15":"tag-noblesse-britannique","16":"tag-people"},"share_on_mastodon":{"url":"https:\/\/pubeurope.com\/@fr\/114921288831919671","error":""},"_links":{"self":[{"href":"https:\/\/www.europesays.com\/fr\/wp-json\/wp\/v2\/posts\/275905","targetHints":{"allow":["GET"]}}],"collection":[{"href":"https:\/\/www.europesays.com\/fr\/wp-json\/wp\/v2\/posts"}],"about":[{"href":"https:\/\/www.europesays.com\/fr\/wp-json\/wp\/v2\/types\/post"}],"author":[{"embeddable":true,"href":"https:\/\/www.europesays.com\/fr\/wp-json\/wp\/v2\/users\/2"}],"replies":[{"embeddable":true,"href":"https:\/\/www.europesays.com\/fr\/wp-json\/wp\/v2\/comments?post=275905"}],"version-history":[{"count":0,"href":"https:\/\/www.europesays.com\/fr\/wp-json\/wp\/v2\/posts\/275905\/revisions"}],"wp:featuredmedia":[{"embeddable":true,"href":"https:\/\/www.europesays.com\/fr\/wp-json\/wp\/v2\/media\/275906"}],"wp:attachment":[{"href":"https:\/\/www.europesays.com\/fr\/wp-json\/wp\/v2\/media?parent=275905"}],"wp:term":[{"taxonomy":"category","embeddable":true,"href":"https:\/\/www.europesays.com\/fr\/wp-json\/wp\/v2\/categories?post=275905"},{"taxonomy":"post_tag","embeddable":true,"href":"https:\/\/www.europesays.com\/fr\/wp-json\/wp\/v2\/tags?post=275905"}],"curies":[{"name":"wp","href":"https:\/\/api.w.org\/{rel}","templated":true}]}}