{"id":275907,"date":"2025-07-26T19:55:11","date_gmt":"2025-07-26T19:55:11","guid":{"rendered":"https:\/\/www.europesays.com\/fr\/275907\/"},"modified":"2025-07-26T19:55:11","modified_gmt":"2025-07-26T19:55:11","slug":"alice-minier-publie-son-premier-roman-le-bleu-des-flammes","status":"publish","type":"post","link":"https:\/\/www.europesays.com\/fr\/275907\/","title":{"rendered":"Alice Minier publie son premier roman, \u00ab\u00a0Le Bleu des flammes\u00a0\u00bb"},"content":{"rendered":"<p>Originaire de la petite commune de\u00a0Chezelles, Alice Minier vient de franchir\u00a0une belle \u00e9tape\u00a0dans sa vie\u00a0d\u2019autrice\u00a0en publiant\u00a0son tout premier roman aux <a target=\"_blank\" href=\"https:\/\/www.editions-passiflore.com\/\" rel=\"nofollow noopener\">\u00e9ditions\u00a0Passiflores<\/a>. Une cons\u00e9cration pour cette jeune professeure d\u2019espagnol, amoureuse des mots depuis son plus jeune \u00e2ge&#8230;. <\/p>\n<p>    Cet article a \u00e9t\u00e9 tronqu\u00e9. Abonnez-vous pour lire l&rsquo;article complet sur notre site.<\/p>\n<p style=\"margin: 0 !important; padding: 0 !important; font-size: 12px !important;\">Cet article a \u00e9t\u00e9 tronqu\u00e9. Abonnez-vous pour lire l&rsquo;article complet.<\/p>\n<p>    <a href=\"https:\/\/www.lanouvellerepublique.fr\/abonnements\" style=\"display: inline-block; margin-top: 5px !important; padding: 6px 12px !important; background: #cb1c27; color: white; text-decoration: none; border-radius: 4px; font-size: 12px !important;\" rel=\"nofollow noopener\" target=\"_blank\"><br \/>\n      S&rsquo;abonner<br \/>\n    <\/a><\/p>\n","protected":false},"excerpt":{"rendered":"Originaire de la petite commune de\u00a0Chezelles, Alice Minier vient de franchir\u00a0une belle \u00e9tape\u00a0dans sa vie\u00a0d\u2019autrice\u00a0en publiant\u00a0son tout premier&hellip;\n","protected":false},"author":2,"featured_media":275908,"comment_status":"","ping_status":"","sticky":false,"template":"","format":"standard","meta":{"footnotes":""},"categories":[1357],"tags":[1392,1379,41531,1674,58,59,1011,27,1387,41532,1380,1393],"class_list":{"0":"post-275907","1":"post","2":"type-post","3":"status-publish","4":"format-standard","5":"has-post-thumbnail","7":"category-livres","8":"tag-a-la-une-local","9":"tag-books","10":"tag-chezelles-37","11":"tag-communes","12":"tag-divertissement","13":"tag-entertainment","14":"tag-fr","15":"tag-france","16":"tag-indre-et-loire","17":"tag-la-foret-des-livres","18":"tag-livres","19":"tag-loisirs"},"share_on_mastodon":{"url":"https:\/\/pubeurope.com\/@fr\/114921296658171083","error":""},"_links":{"self":[{"href":"https:\/\/www.europesays.com\/fr\/wp-json\/wp\/v2\/posts\/275907","targetHints":{"allow":["GET"]}}],"collection":[{"href":"https:\/\/www.europesays.com\/fr\/wp-json\/wp\/v2\/posts"}],"about":[{"href":"https:\/\/www.europesays.com\/fr\/wp-json\/wp\/v2\/types\/post"}],"author":[{"embeddable":true,"href":"https:\/\/www.europesays.com\/fr\/wp-json\/wp\/v2\/users\/2"}],"replies":[{"embeddable":true,"href":"https:\/\/www.europesays.com\/fr\/wp-json\/wp\/v2\/comments?post=275907"}],"version-history":[{"count":0,"href":"https:\/\/www.europesays.com\/fr\/wp-json\/wp\/v2\/posts\/275907\/revisions"}],"wp:featuredmedia":[{"embeddable":true,"href":"https:\/\/www.europesays.com\/fr\/wp-json\/wp\/v2\/media\/275908"}],"wp:attachment":[{"href":"https:\/\/www.europesays.com\/fr\/wp-json\/wp\/v2\/media?parent=275907"}],"wp:term":[{"taxonomy":"category","embeddable":true,"href":"https:\/\/www.europesays.com\/fr\/wp-json\/wp\/v2\/categories?post=275907"},{"taxonomy":"post_tag","embeddable":true,"href":"https:\/\/www.europesays.com\/fr\/wp-json\/wp\/v2\/tags?post=275907"}],"curies":[{"name":"wp","href":"https:\/\/api.w.org\/{rel}","templated":true}]}}