{"id":275909,"date":"2025-07-26T19:56:18","date_gmt":"2025-07-26T19:56:18","guid":{"rendered":"https:\/\/www.europesays.com\/fr\/275909\/"},"modified":"2025-07-26T19:56:18","modified_gmt":"2025-07-26T19:56:18","slug":"cest-lune-des-series-les-plus-vues-du-moment-sur-netflix-et-il-ne-faut-pas-la-louper-selon-les-abonnes-de-tele-loisirs","status":"publish","type":"post","link":"https:\/\/www.europesays.com\/fr\/275909\/","title":{"rendered":"C\u2019est l\u2019une des s\u00e9ries les plus vues du moment sur Netflix et il ne faut pas la louper selon les abonn\u00e9s de T\u00e9l\u00e9-Loisirs"},"content":{"rendered":"<p>Vous aimez les s\u00e9ries touchantes qui donnent mati\u00e8re \u00e0 r\u00e9flexion ? Vous allez adorer ce nouveau programme diffus\u00e9 sur Netflix ce mercredi 23 juillet ! Cette production turque fait d\u00e9j\u00e0 beaucoup parler d\u2019elle et selon nos abonn\u00e9s, c\u2019est \u00e0 voir de toute urgence. D\u00e9couvrez quelle est cette s\u00e9rie qui passionne tant les t\u00e9l\u00e9spectateurs et de quoi elle parle.<\/p>\n<p>Une fois encore, Netflix a trouv\u00e9 la recette du succ\u00e8s avec sa toute nouvelle s\u00e9rie mise en ligne ce mercredi 23 juillet en France. Pour ravir les spectateurs en qu\u00eate d\u2019introspection et de drame, la plateforme a une fois de plus mis\u00e9 sur une production turque : Les lettres du pass\u00e9. Cela fait quelque temps que <a href=\"https:\/\/www.programme-tv.net\/news\/cinema\/340543-netflix-le-top-10-des-meilleurs-films-turcs-a-voir-sur-la-plateforme\/\" data-api-deeplink=\"teleloisirs:\/\/news\/340543\" target=\"_blank\" rel=\"noopener\">les fictions venues de Turquie<\/a> cartonnent aupr\u00e8s de leurs abonn\u00e9s, alors les programmateurs n\u2019h\u00e9sitent pas \u00e0 exploiter le filon et ils ont raison, car Les lettres du pass\u00e9 figure d\u00e9j\u00e0 parmi les programmes les plus regard\u00e9s du moment ! Les critiques des abonn\u00e9s sont dithyrambiques et quand on jette un \u0153il \u00e0 la bande-annonce, on comprend pourquoi : le pitch est tr\u00e8s prometteur. Bonus : elle<a href=\"https:\/\/www.programme-tv.net\/news\/series-tv\/384015-elle-a-deja-conquis-des-milliers-d-abonnes-cette-serie-netflix-se-rattrape-en-une-apres-midi\/\" data-api-deeplink=\"teleloisirs:\/\/news\/384015\" target=\"_blank\" rel=\"noopener\"> se rattrape en une apr\u00e8s-midi<\/a> !<\/p>\n<p>\u00ab\u00a0Cette mini-s\u00e9rie est superbe\u00a0\u00bb : les internautes sont accros \u00e0 ce nouveau programme Netflix<\/p>\n<p>Le catalogue de Netflix est tellement vaste qu\u2019il y en a forc\u00e9ment pour tous les go\u00fbts. Si les grosses productions comme <a href=\"https:\/\/www.programme-tv.net\/news\/series-tv\/383981-squid-game-toutes-les-questions-auxquelles-la-serie-ne-repond-pas-a-la-fin-de-la-saison-3\/\" data-api-deeplink=\"teleloisirs:\/\/news\/383981\" target=\"_blank\" rel=\"noopener\">Squid Game<\/a>, You ou encore Monstres mettent g\u00e9n\u00e9ralement tout le monde d\u2019accord, ce n\u2019est pas toujours le cas pour les plus petits projets. Pourtant, depuis sa diffusion ce mercredi 23 juillet sur la plateforme fran\u00e7aise, Les lettres du pass\u00e9 ne cessent de s\u00e9duire le public ! Sur les r\u00e9seaux sociaux, les commentaires qui encensent cette s\u00e9rie turque affluent. \u00ab\u00a0Je me suis lanc\u00e9 dans cette s\u00e9rie qui est superbe, d\u00e9j\u00e0 3eme \u00e9pisode et franchement, je vais y aller jusqu\u2019au bout. Tr\u00e8s envie de savoir pourquoi !\u00a0\u00bb ou \u00ab\u00a0Je la regarde en ce moment, tr\u00e8s belle mini-s\u00e9rie\u00a0\u00bb, peut-on lire sur Facebook. D\u2019autres l\u2019ont d\u00e9j\u00e0 termin\u00e9 et affirment que cela vaut le d\u00e9tour \u00ab\u00a0j\u2019ai ador\u00e9e\u00a0\u00bb. Pour certains internautes, ce succ\u00e8s n\u2019est pas un hasard, car \u00ab\u00a0les s\u00e9ries turques sont toujours top !\u00a0\u00bb Mais au fait, de quoi parle Les lettres du pass\u00e9 ?<\/p>\n<p>                        Qu\u2019est-ce que raconte Les lettres du pass\u00e9, la s\u00e9rie Netflix dont tout le monde parle ?<\/p>\n<p>La s\u00e9rie d\u00e9marre en 2003. Fatma Ayar, professeure, demande \u00e0 ses \u00e9l\u00e8ves d\u2019\u00e9crire une lettre \u00e0 eux-m\u00eames. Fatma garde toutes les lettres, mais les oublie. Vingt ans plus tard, c\u2019est sa fille, Elif, qui retombe sur ces lettres oubli\u00e9es. Elle les envoie \u00e0 leurs auteurs, aujourd\u2019hui trentenaires. En d\u00e9couvrant les lettres, certains voient ressurgir des v\u00e9rit\u00e9s enfouies qui vont bouleverser leur vie. Elif va, elle aussi, d\u00e9couvrir que quelque chose d\u2019inattendue vient bouleverser sa propre vie.<\/p>\n","protected":false},"excerpt":{"rendered":"Vous aimez les s\u00e9ries touchantes qui donnent mati\u00e8re \u00e0 r\u00e9flexion ? Vous allez adorer ce nouveau programme diffus\u00e9&hellip;\n","protected":false},"author":2,"featured_media":275910,"comment_status":"","ping_status":"","sticky":false,"template":"","format":"standard","meta":{"footnotes":""},"categories":[1356],"tags":[244,58,59,1011,27,41534,41533,127,1722,1721,129,252,1364],"class_list":{"0":"post-275909","1":"post","2":"type-post","3":"status-publish","4":"format-standard","5":"has-post-thumbnail","7":"category-television","8":"tag-commentaire","9":"tag-divertissement","10":"tag-entertainment","11":"tag-fr","12":"tag-france","13":"tag-les-lettres-du-passu00e9","14":"tag-les-lettres-du-passu00e9-su00e9rie-52190639","15":"tag-netflix","16":"tag-pub-streaming-netflix","17":"tag-su00e9rie-netflix","18":"tag-svod","19":"tag-television","20":"tag-tv"},"share_on_mastodon":{"url":"https:\/\/pubeurope.com\/@fr\/114921300623009114","error":""},"_links":{"self":[{"href":"https:\/\/www.europesays.com\/fr\/wp-json\/wp\/v2\/posts\/275909","targetHints":{"allow":["GET"]}}],"collection":[{"href":"https:\/\/www.europesays.com\/fr\/wp-json\/wp\/v2\/posts"}],"about":[{"href":"https:\/\/www.europesays.com\/fr\/wp-json\/wp\/v2\/types\/post"}],"author":[{"embeddable":true,"href":"https:\/\/www.europesays.com\/fr\/wp-json\/wp\/v2\/users\/2"}],"replies":[{"embeddable":true,"href":"https:\/\/www.europesays.com\/fr\/wp-json\/wp\/v2\/comments?post=275909"}],"version-history":[{"count":0,"href":"https:\/\/www.europesays.com\/fr\/wp-json\/wp\/v2\/posts\/275909\/revisions"}],"wp:featuredmedia":[{"embeddable":true,"href":"https:\/\/www.europesays.com\/fr\/wp-json\/wp\/v2\/media\/275910"}],"wp:attachment":[{"href":"https:\/\/www.europesays.com\/fr\/wp-json\/wp\/v2\/media?parent=275909"}],"wp:term":[{"taxonomy":"category","embeddable":true,"href":"https:\/\/www.europesays.com\/fr\/wp-json\/wp\/v2\/categories?post=275909"},{"taxonomy":"post_tag","embeddable":true,"href":"https:\/\/www.europesays.com\/fr\/wp-json\/wp\/v2\/tags?post=275909"}],"curies":[{"name":"wp","href":"https:\/\/api.w.org\/{rel}","templated":true}]}}