{"id":275935,"date":"2025-07-26T20:11:10","date_gmt":"2025-07-26T20:11:10","guid":{"rendered":"https:\/\/www.europesays.com\/fr\/275935\/"},"modified":"2025-07-26T20:11:10","modified_gmt":"2025-07-26T20:11:10","slug":"le-pretre-se-fait-voler-son-velo-dans-ce-village-varois-les-habitants-se-mobilisent-pour-lui-en-racheter-un","status":"publish","type":"post","link":"https:\/\/www.europesays.com\/fr\/275935\/","title":{"rendered":"Le pr\u00eatre se fait voler son v\u00e9lo dans ce village varois, les habitants se mobilisent pour lui en racheter un"},"content":{"rendered":"<p>Un v\u00e9lo \u00e0 assistance \u00e9lectrique pour un cur\u00e9 tout terrain. Dans la paroisse d\u2019\u00c9venos, la charit\u00e9 \u2013 vertu th\u00e9ologique supr\u00eame ! \u2013 n\u2019est pas un vain mot. Et, bien ordonn\u00e9e, elle se pratique au-del\u00e0 du cercle des messes dominicales.<\/p>\n<p>En t\u00e9moigne cet appel aux dons amplifi\u00e9 par le biais <a href=\"http:\/\/www.leetchi.com\/fr\/c\/velo-electrique-pour-notre-pretre-de-la-commune-devenos-9472315\" target=\"_blank\" rel=\"noopener nofollow\">d\u2019une cagnotte ouverte en ligne sur Leetchi<\/a> (1) pour offrir une bicyclette \u00e9lectrique et un \u00e9quipement ad\u00e9quat au p\u00e8re Dominique Chabert, cur\u00e9 de la paroisse.<\/p>\n<p>\u00ab\u00a0Le p\u00e8re Chabert, \u00e0 l\u2019occasion d\u2019une simple discussion, m\u2019a racont\u00e9 qu\u2019on lui avait vol\u00e9 son pr\u00e9c\u00e9dent v\u00e9lo \u00e9lectrique il y a quelques ann\u00e9es, confie C\u00e9dric Taupiac, ost\u00e9opathe ebrosien de l\u2019officiant, \u00e0 l\u2019initiative de l\u2019op\u00e9ration qu\u2019il a lanc\u00e9e en d\u00e9but d\u2019ann\u00e9e. Bien plus qu\u2019un pr\u00eatre, c\u2019est une personne \u00e9norm\u00e9ment ouverte, humaniste, et tr\u00e8s appr\u00e9ci\u00e9e dans le village Je me suis dit qu\u2019il rendait tellement de services \u00e0 tout le monde, qu\u2019il fallait lui rendre la pareille\u00a0\u00bb.<\/p>\n<p>\u00c2g\u00e9 de 65 ans, le p\u00e8re Dominique Chabert, qui officie \u00e0 \u00c9venos depuis six ans, est pass\u00e9 par Hy\u00e8res, Figani\u00e8res, Alger et les cit\u00e9s HLM toulonnaise de La Beaucaire et seynoise de Berthe, en qualit\u00e9 de cur\u00e9 et d\u2019aum\u00f4nier de mouvement dans ces deux derni\u00e8res.<\/p>\n<p>Des paroisses o\u00f9 il a su se faire appr\u00e9cier.<\/p>\n<p>\u00ab\u00a0Au guidon de mon ancien v\u00e9lo, je faisais mes clochers\u00a0\u00bb<\/p>\n<p>\u00c9mu par l\u2019attention de ses paroissiens, \u2013 \u00ab\u00a0c\u2019est m\u00eame un peu g\u00eanant\u00a0\u00bb \u2013 il confirme le vol de son v\u00e9lo \u00e9lectrique, perp\u00e9tr\u00e9 \u00e0 La Londe, quartier de la Favi\u00e8re, il y a quelques ann\u00e9es, alors qu\u2019il prenait des vacances dans un pied \u00e0 terre familial.<\/p>\n<p>\u00ab\u00a0Au guidon de ce v\u00e9lo que j\u2019avais achet\u00e9, je faisais mes clochers, glisse-t-il. Avec, je roulais de Figani\u00e8res \u00e0 Canjuers, \u00e7a grimpait pas mal. Mais ce qui est bien avec l\u2019assistance \u00e9lectrique c\u2019est qu\u2019on peut doser son effort en fonction de sa forme, et en descente, pas besoin d\u2019\u00e9lectricit\u00e9. Et il faut toujours un effort\u00a0\u00bb.<\/p>\n<p>L\u2019ancien sportif accompli qui pratiquait le cyclisme, la course \u00e0 pied et la natation \u00e0 haute intensit\u00e9 \u2013 \u00ab\u00a0je bougeais vraiment, jusqu\u2019\u00e0 deux heures par jour\u00a0\u00bb \u2013 se verrait bien troquer son actuelle 208 Peugeot pour la petite reine, \u00e9cologique, au guidon de laquelle il pourrait rallier le Broussan, \u00e0 sept petits kilom\u00e8tres de Sainte-Anne mais avec un fort d\u00e9nivel\u00e9, en grimpant par le vieil \u00c9venos.<\/p>\n<p>Des hameaux o\u00f9 il prom\u00e8ne son sacerdoce et sa foi jusqu\u2019\u00e0 deux fois par semaine dans trois \u00e9glises o\u00f9 il c\u00e9l\u00e8bre les offices et dispense du r\u00e9confort. \u00ab\u00a0Je pense qu\u2019\u00e0 v\u00e9lo, avec un peu d\u2019entra\u00eenement, j\u2019y arriverai encore, estime le sexag\u00e9naire. \u00c7a serait tr\u00e8s bon pour ma sant\u00e9\u00a0\u00bb.<\/p>\n<p>676,50 euros collect\u00e9s pour un objectif de 2.500 euros<\/p>\n<p>Pour l\u2019heure, la qu\u00eate pas comme les autres a g\u00e9n\u00e9r\u00e9 676,50 euros de dons sur un objectif de 2.500 euros.<\/p>\n<p>\u00ab\u00a0De nombreux paroissiens ont donn\u00e9, par l\u2019interm\u00e9diaire de l\u2019association des trois clochers, des non pratiquants aussi, qui appr\u00e9cient l\u2019approche de Dominique sur le plan spirituel, organisationnel, sur beaucoup de choses; des commer\u00e7ants bar-tabac, restaurants\u2026 appuie C\u00e9dric Taupiac. Et m\u00eame si on n\u2019arrive pas \u00e0 2.500 euros, avec moins il y aurait quand m\u00eame de quoi lui acheter un beau v\u00e9lo\u00a0\u00bb.<\/p>\n<p>Jusuq\u2019\u00e0 la maire d\u2019\u00c9venos, Blandine Monier, qui suit de tr\u00e8s pr\u00e8s l\u2019\u00e9volution de cette collecte. Elle a propos\u00e9 d\u2019ouvrir l\u2019esplanade \u00e0 tous les donateurs pour un moment festif \u00e0 l\u2019occasion de la remise du v\u00e9lo.<\/p>\n<p>M\u00eame les voleurs du v\u00e9lo \u00e9lectrique du p\u00e8re Chabert, qui ont ignor\u00e9 le septi\u00e8me commandement \u00ab\u00a0tu ne voleras pas\u00a0\u00bb, y seraient presque les bienvenus. \u00ab\u00a0Je leur pardonne bien s\u00fbr\u00a0\u00bb, rayonne l\u2019homme d\u2019\u00e9glise.<\/p>\n<p>1. <a href=\"http:\/\/www.leetchi.com\/fr\/c\/velo-electrique-pour-notre-pretre-de-la-commune-devenos-9472315\" target=\"_blank\" rel=\"noopener nofollow\">La cagnotte<\/a><\/p>\n","protected":false},"excerpt":{"rendered":"Un v\u00e9lo \u00e0 assistance \u00e9lectrique pour un cur\u00e9 tout terrain. Dans la paroisse d\u2019\u00c9venos, la charit\u00e9 \u2013 vertu&hellip;\n","protected":false},"author":2,"featured_media":275936,"comment_status":"","ping_status":"","sticky":false,"template":"","format":"standard","meta":{"footnotes":""},"categories":[9619],"tags":[1111,11,11130,1777,674,1011,27,12,882,25,2310],"class_list":{"0":"post-275935","1":"post","2":"type-post","3":"status-publish","4":"format-standard","5":"has-post-thumbnail","7":"category-toulon","8":"tag-actu","9":"tag-actualites","10":"tag-belle-histoire","11":"tag-eu","12":"tag-europe","13":"tag-fr","14":"tag-france","15":"tag-news","16":"tag-provence-alpes-cote-dazur","17":"tag-republique-francaise","18":"tag-toulon"},"share_on_mastodon":{"url":"https:\/\/pubeurope.com\/@fr\/114921359541693572","error":""},"_links":{"self":[{"href":"https:\/\/www.europesays.com\/fr\/wp-json\/wp\/v2\/posts\/275935","targetHints":{"allow":["GET"]}}],"collection":[{"href":"https:\/\/www.europesays.com\/fr\/wp-json\/wp\/v2\/posts"}],"about":[{"href":"https:\/\/www.europesays.com\/fr\/wp-json\/wp\/v2\/types\/post"}],"author":[{"embeddable":true,"href":"https:\/\/www.europesays.com\/fr\/wp-json\/wp\/v2\/users\/2"}],"replies":[{"embeddable":true,"href":"https:\/\/www.europesays.com\/fr\/wp-json\/wp\/v2\/comments?post=275935"}],"version-history":[{"count":0,"href":"https:\/\/www.europesays.com\/fr\/wp-json\/wp\/v2\/posts\/275935\/revisions"}],"wp:featuredmedia":[{"embeddable":true,"href":"https:\/\/www.europesays.com\/fr\/wp-json\/wp\/v2\/media\/275936"}],"wp:attachment":[{"href":"https:\/\/www.europesays.com\/fr\/wp-json\/wp\/v2\/media?parent=275935"}],"wp:term":[{"taxonomy":"category","embeddable":true,"href":"https:\/\/www.europesays.com\/fr\/wp-json\/wp\/v2\/categories?post=275935"},{"taxonomy":"post_tag","embeddable":true,"href":"https:\/\/www.europesays.com\/fr\/wp-json\/wp\/v2\/tags?post=275935"}],"curies":[{"name":"wp","href":"https:\/\/api.w.org\/{rel}","templated":true}]}}