{"id":275944,"date":"2025-07-26T20:20:14","date_gmt":"2025-07-26T20:20:14","guid":{"rendered":"https:\/\/www.europesays.com\/fr\/275944\/"},"modified":"2025-07-26T20:20:14","modified_gmt":"2025-07-26T20:20:14","slug":"jeune-homme-poignarde-a-rennes-deux-personnes-mises-en-examen-et-ecrouees","status":"publish","type":"post","link":"https:\/\/www.europesays.com\/fr\/275944\/","title":{"rendered":"Jeune homme poignard\u00e9 \u00e0 Rennes\u00a0: deux personnes mises en examen et \u00e9crou\u00e9es"},"content":{"rendered":"<p>Samedi 19 juillet, un jeune homme \u00e2g\u00e9 de 20 ans, originaire de Brest, <a href=\"https:\/\/www.letelegramme.fr\/ille-et-vilaine\/rennes-35000\/un-jeune-homme-meurt-poignarde-dans-le-quartier-de-cleunay-a-rennes-6858292.php\" rel=\"nofollow noopener\" target=\"_blank\">\u00e9tait mort \u00e0 la suite d\u2019un coup de couteau<\/a> pr\u00e8s de la station de m\u00e9tro du quartier Cleunay, \u00e0 Rennes. Deux hommes, expliquant \u00eatre des connaissances de la victime, s\u2019\u00e9taient pr\u00e9sent\u00e9s pour se renseigner sur l\u2019\u00e9tat de sant\u00e9 du jeune homme d\u00e9c\u00e9d\u00e9. Ils avaient \u00e9t\u00e9 plac\u00e9s en garde \u00e0 vue <a href=\"https:\/\/www.letelegramme.fr\/ille-et-vilaine\/rennes-35000\/jeune-homme-poignarde-a-rennes-cinq-personnes-en-garde-a-vue-remises-en-liberte-6858500.php\" rel=\"nofollow noopener\" target=\"_blank\">puis remis en libert\u00e9<\/a>.<\/p>\n<p>\u00ab Les deux individus impliqu\u00e9s dans la sc\u00e8ne du crime survenu samedi dernier, aux abords de la station de m\u00e9tro Cleunay, \u00e0 Rennes, ont \u00e9t\u00e9 pr\u00e9sent\u00e9s, ce jour, \u00e0 un juge d\u2019instruction puis au juge des libert\u00e9s et de la d\u00e9tention, lequel a ordonn\u00e9 leur placement en d\u00e9tention provisoire \u00bb, explique, ce samedi soir, dans un communiqu\u00e9, le procureur de la R\u00e9publique adjoint de Rennes, Matthieu Thomas. Les deux jeunes, tous deux \u00e2g\u00e9s de 20 ans, ont \u00e9t\u00e9 mis en examen, pour l\u2019un, des chefs de \u00ab meurtre en bande organis\u00e9e et d\u2019association de malfaiteurs \u00bb et, pour l\u2019autre, \u00ab d\u2019association de malfaiteurs et de complicit\u00e9 de meurtre en bande organis\u00e9e \u00bb.<\/p>\n<p>L\u2019hypoth\u00e8se du trafic de stup\u00e9fiants pas privil\u00e9gi\u00e9e<\/p>\n<p>L\u2019hypoth\u00e8se d\u2019un r\u00e8glement de comptes <a href=\"https:\/\/www.letelegramme.fr\/ille-et-vilaine\/rennes-35000\/jeune-homme-poignarde-a-mort-a-rennes-lhypothese-dun-reglement-de-comptes-lie-au-narcotrafic-exploree-6859321.php\" rel=\"nofollow noopener\" target=\"_blank\">en lien direct avec le trafic de stup\u00e9fiants<\/a> n\u2019est pas privil\u00e9gi\u00e9e \u00e0 ce stade de la proc\u00e9dure. \u00ab Le premier individu admet \u00eatre l\u2019auteur du coup de couteau mortel port\u00e9 \u00e0 la victime dans un contexte d\u2019altercations r\u00e9p\u00e9t\u00e9es entre eux, tandis que le second conteste avoir pris part \u00e0 tout acte pr\u00e9paratoire de cette sc\u00e8ne de crime \u00bb, souligne le procureur.<\/p>\n","protected":false},"excerpt":{"rendered":"Samedi 19 juillet, un jeune homme \u00e2g\u00e9 de 20 ans, originaire de Brest, \u00e9tait mort \u00e0 la suite&hellip;\n","protected":false},"author":2,"featured_media":275945,"comment_status":"","ping_status":"","sticky":false,"template":"","format":"standard","meta":{"footnotes":""},"categories":[2821],"tags":[1111,11,829,765,1777,674,1011,27,848,12,584,25],"class_list":{"0":"post-275944","1":"post","2":"type-post","3":"status-publish","4":"format-standard","5":"has-post-thumbnail","7":"category-rennes","8":"tag-actu","9":"tag-actualites","10":"tag-bretagne","11":"tag-en-continu","12":"tag-eu","13":"tag-europe","14":"tag-fr","15":"tag-france","16":"tag-ille-et-vilaine","17":"tag-news","18":"tag-rennes","19":"tag-republique-francaise"},"share_on_mastodon":{"url":"https:\/\/pubeurope.com\/@fr\/114921394883439104","error":""},"_links":{"self":[{"href":"https:\/\/www.europesays.com\/fr\/wp-json\/wp\/v2\/posts\/275944","targetHints":{"allow":["GET"]}}],"collection":[{"href":"https:\/\/www.europesays.com\/fr\/wp-json\/wp\/v2\/posts"}],"about":[{"href":"https:\/\/www.europesays.com\/fr\/wp-json\/wp\/v2\/types\/post"}],"author":[{"embeddable":true,"href":"https:\/\/www.europesays.com\/fr\/wp-json\/wp\/v2\/users\/2"}],"replies":[{"embeddable":true,"href":"https:\/\/www.europesays.com\/fr\/wp-json\/wp\/v2\/comments?post=275944"}],"version-history":[{"count":0,"href":"https:\/\/www.europesays.com\/fr\/wp-json\/wp\/v2\/posts\/275944\/revisions"}],"wp:featuredmedia":[{"embeddable":true,"href":"https:\/\/www.europesays.com\/fr\/wp-json\/wp\/v2\/media\/275945"}],"wp:attachment":[{"href":"https:\/\/www.europesays.com\/fr\/wp-json\/wp\/v2\/media?parent=275944"}],"wp:term":[{"taxonomy":"category","embeddable":true,"href":"https:\/\/www.europesays.com\/fr\/wp-json\/wp\/v2\/categories?post=275944"},{"taxonomy":"post_tag","embeddable":true,"href":"https:\/\/www.europesays.com\/fr\/wp-json\/wp\/v2\/tags?post=275944"}],"curies":[{"name":"wp","href":"https:\/\/api.w.org\/{rel}","templated":true}]}}