{"id":275953,"date":"2025-07-26T20:25:25","date_gmt":"2025-07-26T20:25:25","guid":{"rendered":"https:\/\/www.europesays.com\/fr\/275953\/"},"modified":"2025-07-26T20:25:25","modified_gmt":"2025-07-26T20:25:25","slug":"cest-moi-mais-la-statue-ne-cause-pas-sourit-jo-landron-figure-de-la-place-royale-a","status":"publish","type":"post","link":"https:\/\/www.europesays.com\/fr\/275953\/","title":{"rendered":"\u00ab\u00a0C\u2019est moi, mais la statue ne cause pas\u00a0\u00bb, sourit Jo Landron, figure de la place Royale \u00e0"},"content":{"rendered":"<p>La statue aux belles bacchantes serait-elle descendue de son socle\u00a0? Aurait-elle en double\u00a0? Un effet de la chaleur\u00a0? Un passant regarde la fontaine, regarde Jo avec qui nous parlons. Re-regarde la fontaine, s\u2019approche et lance un \u00ab\u00a0c\u2019est bien vous\u00a0!\u00a0\u00bb Z\u00e9ro h\u00e9sitation pour Luce, dame d\u2019un \u00e2ge tr\u00e8s respectable, qui fonce demander une photo\u00a0: Jo Landron, vigneron \u00e0 La Haie-Fouassiere avec lequel nous parlons est bien l\u2019homme \u00e0 la moustache sur la fontaine.<\/p>\n<p><strong>Lire aussi :<\/strong>\u00a0<a href=\"https:\/\/nantes.maville.com\/actu\/actudet_-en-images.-qui-sont-les-nouveaux-visages-des-allegories-de-la-fontaine-place-royale-a-nantes-_8-6912447_actu.Htm\" target=\"_self\" rel=\"nofollow noopener\">EN IMAGES. Qui sont les nouveaux visages des all\u00e9gories de la fontaine place Royale, \u00e0 Nantes<\/a><\/p>\n<p>Alors Jo, \u00e7a fait quoi d\u2019avoir sa bobine sur la statue\u00a0? <strong>\u00ab\u00a0Le choc a \u00e9t\u00e9 dans l\u2019atelier, quand je me suis d\u00e9couvert.\u00a0C\u2019est bizarre et fort. C\u2019est bien moi, en un peu plus grand, \u00e0 l\u2019\u00e9chelle 1,35 et une moustache en poil de yacks comme au mus\u00e9e Gr\u00e9vin. Mais la statue ne cause pas\u00a0!\u00a0\u00bb <\/strong> Jo Landron, si. Et pouvoir parler, c\u2019est l\u2019occasion pour lui de remettre la bouteille au milieu de la table. Comme l\u2019\u00e9glise au milieu du village. <strong>\u00ab\u00a0Je suis quelqu\u2019un de modeste. Je ne vais pas prendre pour autant le melon, le gag pour un vigneron. Je ne suis que le porte-drapeau d\u2019une activit\u00e9 que l\u2019artiste a voulu repr\u00e9senter.\u00a0Mais comme cette statue\u00a0correspond \u00e0 mon ann\u00e9e de d\u00e9part en retraite, c\u2019est une petite fiert\u00e9. Je la vois comme un point d\u2019orgue sur mon parcours professionnel. \u00a0\u00bb, <\/strong>raconte <a href=\"https:\/\/nantes.maville.com\/actu\/actudet_-dans-le-vignoble-de-nantes-avant-dernieres-vendanges-pour-jo-landron-_52716-5922117_actu.Htm\" target=\"_self\" rel=\"nofollow noopener\">Jo qui, \u00e0 65\u00a0ans, laisse le domaine et ses 40\u00a0hectares \u00e0 sa fille H\u00e9l\u00e8ne et son compagnon, Nicolas Chaurois<\/a>.<\/p>\n<p>Vingt-cinq ans sans pesticide<\/p>\n<p>Causer, c\u2019est aussi l\u2019occasion pour lui de faire une explication de texte de la hotte \u00e0 dos, cet objet en cuivre que porte sa statue en r\u00e9sine. Et couper net \u00e0 un contre-sens qui lui fait mal au bide\u00a0: <strong>\u00ab\u00a0Ce n\u2019est pas un appareil \u00e0 sulfater comme j\u2019entends dire. \u00c7a fait vingt-cinq\u00a0ans que je n\u2019utilise plus de pesticides. Je me suis converti en culture biologique en 1998 et j\u2019ai adopt\u00e9 la philosophie de la biodynamie pour apporter les meilleurs soins \u00e0 la vigne dans l\u2019\u00e9quilibre et dans le vivant. Cette hotte me sert \u00e0 \u00e9pandre des pr\u00e9parations en biodynamie. La lance est tourn\u00e9e vers le ciel car il s\u2019agit de silice de corne, pr\u00e9paration qui permet d\u2019amener plus de la lumi\u00e8re sur le v\u00e9g\u00e9tal.\u00a0\u00bb<\/strong><\/p>\n<p>Comme celui d\u2019un\u00a0metalleux avec son groupe favori, le tee-shirt de Jo annonce la couleur\u00a0: \u00ab\u00a0Chasser le naturel, il revient goulot\u00a0\u00bb. Jo le porte dans les vignes et tenait \u00e0 ce que la statue le porte sur sa fontaine. <strong>\u00ab\u00a0C\u2019est le tee-shirt que fait un copain, Michel Tomer. Le message nous rappelle qu\u2019il faut laisser le vigneron travailler de fa\u00e7on libre. Sans trop de technique derri\u00e8re.\u00a0\u00bb<\/strong><\/p>\n<p>L\u2019autre d\u00e9tail qui n\u2019en n\u2019est pas un pour lui, c\u2019est \u00e0 c\u00f4t\u00e9 de sa statue, une bouteille d\u2019<a href=\"https:\/\/rennes.maville.com\/actu\/actudet_-un-muscadet-frais-et-tout-en-rondeur_54135-3731929_actu.Htm\" target=\"_self\" rel=\"nofollow noopener\">Amphibolite<\/a>. A deux consonnes d\u2019Amphitrite, l\u2019all\u00e9gorie de Nantes, mais en fait, le nom d\u2019une roche et de sa cuv\u00e9e signature depuis 1993. <strong>\u00ab\u00a0Le vin doit \u00eatre le reflet de nos terroirs. \u00c7a ancre nos m\u00e9tiers.\u00a0\u00bb <\/strong>Alors statue ou pas,<strong> \u00ab\u00a0quarante-cinq ans sur les m\u00eames terres et 45\u00a0mill\u00e9simes, j\u2019ai bien les pieds sur terre\u00a0\u00bb.<\/strong><\/p>\n<p>\u00a0<\/p>\n","protected":false},"excerpt":{"rendered":"La statue aux belles bacchantes serait-elle descendue de son socle\u00a0? Aurait-elle en double\u00a0? Un effet de la chaleur\u00a0?&hellip;\n","protected":false},"author":2,"featured_media":275954,"comment_status":"","ping_status":"","sticky":false,"template":"","format":"standard","meta":{"footnotes":""},"categories":[2818],"tags":[1111,11,3738,1777,674,36520,1011,27,3237,41536,766,12,2636,5536,25,41537,41535,11600],"class_list":{"0":"post-275953","1":"post","2":"type-post","3":"status-publish","4":"format-standard","5":"has-post-thumbnail","7":"category-nantes","8":"tag-actu","9":"tag-actualites","10":"tag-cause","11":"tag-eu","12":"tag-europe","13":"tag-figure","14":"tag-fr","15":"tag-france","16":"tag-jo","17":"tag-landron","18":"tag-nantes","19":"tag-news","20":"tag-pays-de-la-loire","21":"tag-place","22":"tag-republique-francaise","23":"tag-royale","24":"tag-sourit","25":"tag-statue"},"share_on_mastodon":{"url":"https:\/\/pubeurope.com\/@fr\/114921414558344689","error":""},"_links":{"self":[{"href":"https:\/\/www.europesays.com\/fr\/wp-json\/wp\/v2\/posts\/275953","targetHints":{"allow":["GET"]}}],"collection":[{"href":"https:\/\/www.europesays.com\/fr\/wp-json\/wp\/v2\/posts"}],"about":[{"href":"https:\/\/www.europesays.com\/fr\/wp-json\/wp\/v2\/types\/post"}],"author":[{"embeddable":true,"href":"https:\/\/www.europesays.com\/fr\/wp-json\/wp\/v2\/users\/2"}],"replies":[{"embeddable":true,"href":"https:\/\/www.europesays.com\/fr\/wp-json\/wp\/v2\/comments?post=275953"}],"version-history":[{"count":0,"href":"https:\/\/www.europesays.com\/fr\/wp-json\/wp\/v2\/posts\/275953\/revisions"}],"wp:featuredmedia":[{"embeddable":true,"href":"https:\/\/www.europesays.com\/fr\/wp-json\/wp\/v2\/media\/275954"}],"wp:attachment":[{"href":"https:\/\/www.europesays.com\/fr\/wp-json\/wp\/v2\/media?parent=275953"}],"wp:term":[{"taxonomy":"category","embeddable":true,"href":"https:\/\/www.europesays.com\/fr\/wp-json\/wp\/v2\/categories?post=275953"},{"taxonomy":"post_tag","embeddable":true,"href":"https:\/\/www.europesays.com\/fr\/wp-json\/wp\/v2\/tags?post=275953"}],"curies":[{"name":"wp","href":"https:\/\/api.w.org\/{rel}","templated":true}]}}