{"id":275955,"date":"2025-07-26T20:26:13","date_gmt":"2025-07-26T20:26:13","guid":{"rendered":"https:\/\/www.europesays.com\/fr\/275955\/"},"modified":"2025-07-26T20:26:13","modified_gmt":"2025-07-26T20:26:13","slug":"football-la-reserve-du-fc-nantes-bat-une-formation-de-n2-sport","status":"publish","type":"post","link":"https:\/\/www.europesays.com\/fr\/275955\/","title":{"rendered":"Football. La r\u00e9serve du FC Nantes bat une formation de N2 . Sport"},"content":{"rendered":"<p>La r\u00e9serve du FC Nantes (N3) s\u2019est impos\u00e9e 2-0 ce samedi en amical, \u00e0 Sainte-C\u00e9cile (Vend\u00e9e), contre le Vend\u00e9e Foot Club La Roche-sur-Yon (N2).\u00a0Battus il y a une semaine par le Stade Briochin (1-0), promu en National, <a href=\"https:\/\/nantes.maville.com\/sport\/detail_-football.-national-2-et-national-3-les-clubs-de-loire-atlantique-connaissent-leur-calendrier-_8-6910022_actu.Htm\" target=\"_blank\" rel=\"noopener\">les jeunes Canaris <\/a>ont cette fois-ci r\u00e9ussi \u00e0 faire chuter une formation hi\u00e9rarchiquement sup\u00e9rieure. Hugo Lamy (65e) et\u00a0Brayan Nzita (90e) ont inscrit les deux buts nantais.<\/p>\n<p>\u00ab\u00a0C\u2019\u00e9tait une bonne s\u00e9ance de travail\u00a0\u00bb<\/p>\n<p>\u00ab\u00a0On a fait un bon match\u00a0\u00bb, note St\u00e9phane Ziani, l\u2019entra\u00eeneur des Jaunes. \u00ab\u00a0La Roche a mis son \u00e9quipe-type en premi\u00e8re mi-temps. On les a mis en difficult\u00e9 mais quand ils se sont mis \u00e0 jouer, on a souffert. On a \u00e9t\u00e9 solide malgr\u00e9 tout et on a marqu\u00e9 en seconde p\u00e9riode. C\u2019\u00e9tait une bonne s\u00e9ance de travail pour une \u00e9quipe tr\u00e8s jeune. Je n\u2019avais que cinq rempla\u00e7ants plus deux gardiens sur le banc et tout le monde a pu jouer\u00a0\u00bb, d\u00e9taille le technicien. Le FCN se d\u00e9placera au Vend\u00e9e Les Herbiers Football (N2) samedi prochain \u00e0 18\u00a0h dans le cadre de sa troisi\u00e8me rencontre de pr\u00e9paration.<\/p>\n<p>La fiche technique<\/p>\n<p>Vend\u00e9e Foot Club La Roche-sur-Yon (N2) \u2013 FC Nantes (N3)<\/p>\n<p>0-2<\/p>\n<p>Buts\u00a0: Lamy (65e), Nzita (90e)<\/p>\n<p>\u00a0<\/p>\n","protected":false},"excerpt":{"rendered":"La r\u00e9serve du FC Nantes (N3) s\u2019est impos\u00e9e 2-0 ce samedi en amical, \u00e0 Sainte-C\u00e9cile (Vend\u00e9e), contre le&hellip;\n","protected":false},"author":2,"featured_media":275956,"comment_status":"","ping_status":"","sticky":false,"template":"","format":"standard","meta":{"footnotes":""},"categories":[2818],"tags":[1111,11,3809,1465,1777,674,63,1011,27,1792,1922,766,12,2636,25,479,517,1470],"class_list":{"0":"post-275955","1":"post","2":"type-post","3":"status-publish","4":"format-standard","5":"has-post-thumbnail","7":"category-nantes","8":"tag-actu","9":"tag-actualites","10":"tag-ball","11":"tag-basket","12":"tag-eu","13":"tag-europe","14":"tag-football","15":"tag-fr","16":"tag-france","17":"tag-handball","18":"tag-info","19":"tag-nantes","20":"tag-news","21":"tag-pays-de-la-loire","22":"tag-republique-francaise","23":"tag-rugby","24":"tag-sport","25":"tag-volley"},"share_on_mastodon":{"url":"https:\/\/pubeurope.com\/@fr\/114921418431718880","error":""},"_links":{"self":[{"href":"https:\/\/www.europesays.com\/fr\/wp-json\/wp\/v2\/posts\/275955","targetHints":{"allow":["GET"]}}],"collection":[{"href":"https:\/\/www.europesays.com\/fr\/wp-json\/wp\/v2\/posts"}],"about":[{"href":"https:\/\/www.europesays.com\/fr\/wp-json\/wp\/v2\/types\/post"}],"author":[{"embeddable":true,"href":"https:\/\/www.europesays.com\/fr\/wp-json\/wp\/v2\/users\/2"}],"replies":[{"embeddable":true,"href":"https:\/\/www.europesays.com\/fr\/wp-json\/wp\/v2\/comments?post=275955"}],"version-history":[{"count":0,"href":"https:\/\/www.europesays.com\/fr\/wp-json\/wp\/v2\/posts\/275955\/revisions"}],"wp:featuredmedia":[{"embeddable":true,"href":"https:\/\/www.europesays.com\/fr\/wp-json\/wp\/v2\/media\/275956"}],"wp:attachment":[{"href":"https:\/\/www.europesays.com\/fr\/wp-json\/wp\/v2\/media?parent=275955"}],"wp:term":[{"taxonomy":"category","embeddable":true,"href":"https:\/\/www.europesays.com\/fr\/wp-json\/wp\/v2\/categories?post=275955"},{"taxonomy":"post_tag","embeddable":true,"href":"https:\/\/www.europesays.com\/fr\/wp-json\/wp\/v2\/tags?post=275955"}],"curies":[{"name":"wp","href":"https:\/\/api.w.org\/{rel}","templated":true}]}}