{"id":275963,"date":"2025-07-26T20:32:11","date_gmt":"2025-07-26T20:32:11","guid":{"rendered":"https:\/\/www.europesays.com\/fr\/275963\/"},"modified":"2025-07-26T20:32:11","modified_gmt":"2025-07-26T20:32:11","slug":"mercato-psg-le-gardien-de-lille-lucas-chevalier-veut-rejoindre-paris-donnarumma-pousse-dehors","status":"publish","type":"post","link":"https:\/\/www.europesays.com\/fr\/275963\/","title":{"rendered":"Mercato\u00a0PSG : le gardien de Lille Lucas Chevalier veut rejoindre Paris, Donnarumma pouss\u00e9 dehors ?"},"content":{"rendered":"<p class=\"paragraph text_align_left lp-f-body-02\">Comme annonc\u00e9 depuis plusieurs semaines, <a href=\"https:\/\/www.leparisien.fr\/sports\/football\/psg\/?ts=1753558928439\" target=\"_self\" rel=\"nofollow noopener\">le PSG<\/a> a fait de Lucas Chevalier <a href=\"https:\/\/www.leparisien.fr\/sports\/football\/psg\/mercato-le-psg-se-lance-sur-la-piste-lucas-chevalier-la-prolongation-de-donnarumma-en-suspens-31-01-2025-BLSFKT37SJFFZDMJOZ5KOV2BAM.php\" target=\"_self\" rel=\"nofollow noopener\">sa priorit\u00e9 en cas de d\u00e9part de Gianluigi Donnarumma<\/a>. Alors que les discussions pour la prolongation de l\u2019Italien, sous contrat jusqu\u2019en 2026, n\u2019avancent pas et s\u2019enlisent m\u00eame, au point de penser qu\u2019il n\u2019y aura pas d\u2019accord, la piste menant au gardien de Lille prend de l\u2019\u00e9paisseur.<\/p>\n<p class=\"paragraph text_align_left lp-f-body-02\">Alors que <a href=\"https:\/\/www.leparisien.fr\/sports\/football\/psg\/mercato-psg-le-prolongation-de-donnarumma-au-point-mort-paris-continue-davancer-sur-lucas-chevalier-08-06-2025-A7NO5RCHIRCBLFQEBZBSNSL77M.php\" target=\"_blank\" rel=\"nofollow noopener\">nous \u00e9crivions le 8 juin dernier<\/a> que Paris continuait d\u2019avancer tr\u00e8s fort pour sa venue, les positions se sont encore rapproch\u00e9es ces derniers jours. Suffisamment, en tout cas, pour imaginer que l\u2019affaire puisse aboutir.<\/p>\n<p>Valid\u00e9 par Luis Enrique<\/p>\n<p class=\"paragraph text_align_left lp-f-body-02\">Approch\u00e9 une premi\u00e8re fois par Paris cet hiver, Lucas Chevalier fait l\u2019unanimit\u00e9 au sein du club parisien qui travaille sur l\u2019op\u00e9ration depuis plusieurs mois. En parall\u00e8le des \u00e9changes avec \u00ab Gigio \u00bb et son entourage, Luis Campos s\u2019est toujours montr\u00e9 confiant en expliquant aux acteurs du march\u00e9 qu\u2019il tenait d\u00e9j\u00e0 une solution de replis. Son nom : Lucas Chevalier.<\/p>\n<p class=\"paragraph text_align_left lp-f-body-02\">Tr\u00e8s emball\u00e9 par l\u2019id\u00e9e de rejoindre<a href=\"https:\/\/www.leparisien.fr\/sports\/football\/ligue-des-champions\/le-psg-champion-deurope-la-victoire-de-paris-est-incontestable-reconnaissent-les-milanais-01-06-2025-FIUH2OEKKBFVHD2RMDI6TE3IF4.php\" target=\"_blank\" rel=\"nofollow noopener\"> les champions d\u2019Europe,<\/a> o\u00f9 l\u2019attend un contrat de cinq ans, le gardien num\u00e9ro 2 de l\u2019\u00e9quipe de France a d\u00e9j\u00e0 pu \u00e9changer avec Luis Enrique lors d\u2019un appel en visioconf\u00e9rence ces derniers mois. L\u2019Asturien lui a alors fait part de ses ambitions en indiquant qu\u2019il n\u2019avait pas encore pu choisir de gardien num\u00e9ro 1 depuis son arriv\u00e9e au PSG \u00e0 l\u2019\u00e9t\u00e9 2023, et qu\u2019il l\u2019envisageait pr\u00e9cis\u00e9ment dans ce r\u00f4le. Il verrait en Chevalier le profil id\u00e9al pour occuper la cage parisienne, \u00e0 la fois bon sur sa ligne, premier libero dans son placement et adroit dans son jeu au pied. Un gardien jeune, parmi les meilleurs de sa g\u00e9n\u00e9ration, qui devrait encore progresser dans les ann\u00e9es \u00e0 venir.<\/p>\n<p>Tout pourrait aller tr\u00e8s vite<\/p>\n<p class=\"paragraph text_align_left lp-f-body-02\">Dans l\u2019entourage du club de la capitale, on pense que tout pourrait aller tr\u00e8s vite, d\u00e9sormais, \u00e0 condition que Donnarumma s\u2019en aille. Lucas Chevalier a, en effet, toujours li\u00e9 sa venue \u00e0 un d\u00e9part de son a\u00een\u00e9 et Paris n\u2019a pas l\u2019intention de faire jouer la concurrence entre les deux. Reste \u00e0 trouver un terrain d\u2019entente avec Lille qui lors d\u2019une r\u00e9union au d\u00e9but de l\u2019\u00e9t\u00e9 avait fait fuiter le prix exorbitant de 70 millions d\u2019euros pour son gardien, sous contrat jusqu\u2019en 2027.<\/p>\n<p class=\"paragraph text_align_left lp-f-body-02\">Les \u00e9changes, men\u00e9s par les propri\u00e9taires des deux clubs, sont intenses et portent sur un montant plus raisonnable de 40 M\u20ac. D\u2019abord impensable dans le vestiaire des Dogues au d\u00e9but de l\u2019\u00e9t\u00e9, le d\u00e9part de Lucas Chevalier appara\u00eet comme de plus en plus plausible. Il obligerait certainement Lille \u00e0 revenir sur le march\u00e9 en d\u00e9bauchant un autre gardien apr\u00e8s le Belge Arnaud Bodart. Du c\u00f4t\u00e9 du PSG, on esp\u00e8re une issue positive avant la reprise de l\u2019entra\u00eenement pr\u00e9vue le 6 ao\u00fbt prochain.<\/p>\n","protected":false},"excerpt":{"rendered":"Comme annonc\u00e9 depuis plusieurs semaines, le PSG a fait de Lucas Chevalier sa priorit\u00e9 en cas de d\u00e9part&hellip;\n","protected":false},"author":2,"featured_media":275964,"comment_status":"","ping_status":"","sticky":false,"template":"","format":"standard","meta":{"footnotes":""},"categories":[2815],"tags":[1111,11,1777,674,63,1011,27,811,66,1307,12,25,60],"class_list":{"0":"post-275963","1":"post","2":"type-post","3":"status-publish","4":"format-standard","5":"has-post-thumbnail","7":"category-lille","8":"tag-actu","9":"tag-actualites","10":"tag-eu","11":"tag-europe","12":"tag-football","13":"tag-fr","14":"tag-france","15":"tag-hauts-de-france","16":"tag-ligue-1","17":"tag-lille","18":"tag-news","19":"tag-republique-francaise","20":"tag-sports"},"share_on_mastodon":{"url":"https:\/\/pubeurope.com\/@fr\/114921442094167313","error":""},"_links":{"self":[{"href":"https:\/\/www.europesays.com\/fr\/wp-json\/wp\/v2\/posts\/275963","targetHints":{"allow":["GET"]}}],"collection":[{"href":"https:\/\/www.europesays.com\/fr\/wp-json\/wp\/v2\/posts"}],"about":[{"href":"https:\/\/www.europesays.com\/fr\/wp-json\/wp\/v2\/types\/post"}],"author":[{"embeddable":true,"href":"https:\/\/www.europesays.com\/fr\/wp-json\/wp\/v2\/users\/2"}],"replies":[{"embeddable":true,"href":"https:\/\/www.europesays.com\/fr\/wp-json\/wp\/v2\/comments?post=275963"}],"version-history":[{"count":0,"href":"https:\/\/www.europesays.com\/fr\/wp-json\/wp\/v2\/posts\/275963\/revisions"}],"wp:featuredmedia":[{"embeddable":true,"href":"https:\/\/www.europesays.com\/fr\/wp-json\/wp\/v2\/media\/275964"}],"wp:attachment":[{"href":"https:\/\/www.europesays.com\/fr\/wp-json\/wp\/v2\/media?parent=275963"}],"wp:term":[{"taxonomy":"category","embeddable":true,"href":"https:\/\/www.europesays.com\/fr\/wp-json\/wp\/v2\/categories?post=275963"},{"taxonomy":"post_tag","embeddable":true,"href":"https:\/\/www.europesays.com\/fr\/wp-json\/wp\/v2\/tags?post=275963"}],"curies":[{"name":"wp","href":"https:\/\/api.w.org\/{rel}","templated":true}]}}