{"id":275971,"date":"2025-07-26T20:36:16","date_gmt":"2025-07-26T20:36:16","guid":{"rendered":"https:\/\/www.europesays.com\/fr\/275971\/"},"modified":"2025-07-26T20:36:16","modified_gmt":"2025-07-26T20:36:16","slug":"lucas-perri-lyon-officialise-a-leeds-united","status":"publish","type":"post","link":"https:\/\/www.europesays.com\/fr\/275971\/","title":{"rendered":"Lucas Perri (Lyon) officialis\u00e9 \u00e0 Leeds United"},"content":{"rendered":"<p>Le gardien br\u00e9silien de l\u2019OL s\u2019est engag\u00e9 ce samedi avec le club promu en Premier League.<\/p>\n<p class=\"fig-paragraph\">Le gardien de but br\u00e9silien de Lyon, Lucas Perri, a \u00e9t\u00e9 transf\u00e9r\u00e9 au club anglais de Leeds United, promu en Premier League, pour seize millions d&rsquo;euros, a annonc\u00e9 l&rsquo;OL samedi soir. A cette somme, pourront s&rsquo;ajouter 2 millions d&rsquo;euros de bonus ainsi qu&rsquo;un int\u00e9ressement de 10% sur la plus-value d&rsquo;un \u00e9ventuel transfert, pr\u00e9cise le communiqu\u00e9 du club rhodanien.<\/p>\n<p class=\"fig-paragraph\">L&rsquo;Olympique lyonnais avait acquis 100% des droits \u00e9conomiques du joueur pour 6,5 millions d&rsquo;euros dont 3,25 millions au moment de son acquisition en provenance de Botafogo (1\u00e8re div. br\u00e9silienne) en janvier 2024. Perri, \u00e2g\u00e9 de 27 ans, a sign\u00e9 \u00e0 Leeds un contrat de quatre ans, jusqu&rsquo;en 2029.<\/p>\n<p>                                    <a class=\"fig-a11y-skip a11y-hidden\" href=\"#fig-a11y-skip-main-inarticle\"><br \/>\n        Passer la publicit\u00e9<br \/>\n    <\/a><\/p>\n<p class=\"fig-paragraph\">Il a disput\u00e9 49 matches (dont 33 en Ligue 1 et 11 en Ligue Europa) avec l&rsquo;OL, dont la finale de la Coupe de France perdue (2-1) face au Paris Saint-Germain en mai 2024. Il avait \u00e9t\u00e9 pr\u00e9f\u00e9r\u00e9 \u00e0 Anthony Lopes, parti en janvier dernier \u00e0 Nantes, pour garder les cages lyonnaises la saison derni\u00e8re en devenant gardien N.1, avec notamment dix \u00abclean sheet\u00bb en Ligue 1 (3e meilleur total).<\/p>\n<p class=\"fig-paragraph\">Dans un contexte \u00e9conomique difficile, avec des restrictions de masse salariale et d&rsquo;indemnit\u00e9 de mutation impos\u00e9es par la DNCG pour permettre au club de rester en Ligue 1, l&rsquo;OL perd avec Perri son cinqui\u00e8me joueur titulaire de la saison derni\u00e8re apr\u00e8s Alexandre Lacazette (Neom, Arabie Saoudite, fin de contrat), Rayan Cherki (Manchester City pour 42,5 M EUR), Thiago Almada (Atl\u00e9tico Madrid, fin de pr\u00eat) et Nicolas Tagliafico (fin de contrat).<\/p>\n","protected":false},"excerpt":{"rendered":"Le gardien br\u00e9silien de l\u2019OL s\u2019est engag\u00e9 ce samedi avec le club promu en Premier League. Le gardien&hellip;\n","protected":false},"author":2,"featured_media":275972,"comment_status":"","ping_status":"","sticky":false,"template":"","format":"standard","meta":{"footnotes":""},"categories":[1889],"tags":[1111,11,2430,1777,674,1011,27,2428,1434,12,978,70,25],"class_list":{"0":"post-275971","1":"post","2":"type-post","3":"status-publish","4":"format-standard","5":"has-post-thumbnail","7":"category-lyon","8":"tag-actu","9":"tag-actualites","10":"tag-auvergne-rhone-alpes","11":"tag-eu","12":"tag-europe","13":"tag-fr","14":"tag-france","15":"tag-lyon","16":"tag-mercato","17":"tag-news","18":"tag-olympique-lyonnais","19":"tag-premier-league","20":"tag-republique-francaise"},"share_on_mastodon":{"url":"https:\/\/pubeurope.com\/@fr\/114921457787597445","error":""},"_links":{"self":[{"href":"https:\/\/www.europesays.com\/fr\/wp-json\/wp\/v2\/posts\/275971","targetHints":{"allow":["GET"]}}],"collection":[{"href":"https:\/\/www.europesays.com\/fr\/wp-json\/wp\/v2\/posts"}],"about":[{"href":"https:\/\/www.europesays.com\/fr\/wp-json\/wp\/v2\/types\/post"}],"author":[{"embeddable":true,"href":"https:\/\/www.europesays.com\/fr\/wp-json\/wp\/v2\/users\/2"}],"replies":[{"embeddable":true,"href":"https:\/\/www.europesays.com\/fr\/wp-json\/wp\/v2\/comments?post=275971"}],"version-history":[{"count":0,"href":"https:\/\/www.europesays.com\/fr\/wp-json\/wp\/v2\/posts\/275971\/revisions"}],"wp:featuredmedia":[{"embeddable":true,"href":"https:\/\/www.europesays.com\/fr\/wp-json\/wp\/v2\/media\/275972"}],"wp:attachment":[{"href":"https:\/\/www.europesays.com\/fr\/wp-json\/wp\/v2\/media?parent=275971"}],"wp:term":[{"taxonomy":"category","embeddable":true,"href":"https:\/\/www.europesays.com\/fr\/wp-json\/wp\/v2\/categories?post=275971"},{"taxonomy":"post_tag","embeddable":true,"href":"https:\/\/www.europesays.com\/fr\/wp-json\/wp\/v2\/tags?post=275971"}],"curies":[{"name":"wp","href":"https:\/\/api.w.org\/{rel}","templated":true}]}}