{"id":275975,"date":"2025-07-26T20:41:14","date_gmt":"2025-07-26T20:41:14","guid":{"rendered":"https:\/\/www.europesays.com\/fr\/275975\/"},"modified":"2025-07-26T20:41:14","modified_gmt":"2025-07-26T20:41:14","slug":"des-souvenirs-inoubliables-des-centaines-de-volontaires-reunis-pour-feter-le-premier-anniversaire-des-jeux-olympiques-parisiens","status":"publish","type":"post","link":"https:\/\/www.europesays.com\/fr\/275975\/","title":{"rendered":"\u00ab\u00a0Des souvenirs inoubliables\u00a0\u00bb, des centaines de volontaires r\u00e9unis pour f\u00eater le premier anniversaire des Jeux olympiques parisiens"},"content":{"rendered":"<p class=\"mb-4 text-lg md:leading-8 break-words\">Tenues officielles ressorties du placard, sacs \u00e0 dos frapp\u00e9s des anneaux olympiques, mascottes Phryge en peluche, pin\u2019s aux couleurs du monde entier: tout \u00e9tait r\u00e9uni pour recr\u00e9er <a href=\"https:\/\/fr.news.yahoo.com\/sport\/ne-remet-facilement-dun-%C3%A9t%C3%A9-162832854.html\" data-ylk=\"slk:l\u2019atmosph\u00e8re si particuli\u00e8re des Jeux;elm:context_link;itc:0;sec:content-canvas;outcm:mb_qualified_link;_E:mb_qualified_link;ct:story;\" class=\"link  yahoo-link\" target=\"_blank\" rel=\"noopener\">l\u2019atmosph\u00e8re si particuli\u00e8re des Jeux<\/a>. Les retrouvailles ont pris des airs de grande f\u00eate populaire, entre pique-nique g\u00e9ant, quiz autour des JO, diffusion de vid\u00e9os souvenirs et le tout en musique.<\/p>\n<p>\u201cOn voulait juste revivre un peu la magie des Jeux\u201d<\/p>\n<p class=\"mb-4 text-lg md:leading-8 break-words\">\u00c0 l\u2019origine de ce rassemblement, un petit groupe de b\u00e9n\u00e9voles surnomm\u00e9s \u00ab\u00a0les quatre mousquetaires\u00a0\u00bb. \u00ab\u00a0Autour d\u2019un resto, on s\u2019est dit qu\u2019il fallait faire quelque chose pour f\u00eater \u00e7a\u00a0\u00bb, raconte Emel, l\u2019une des organisatrices. \u00ab\u00a0L\u2019objectif, c\u2019\u00e9tait de revivre nos exp\u00e9riences. <a href=\"https:\/\/fr.news.yahoo.com\/sport\/jusqu%C3%A0-210-euros-bob-tenues-205603287.html\" data-ylk=\"slk:J\u2019ai la chair de poule de revoir tous ces gens avec leurs tenues.;elm:context_link;itc:0;sec:content-canvas;outcm:mb_qualified_link;_E:mb_qualified_link;ct:story;\" class=\"link  yahoo-link\" target=\"_blank\" rel=\"noopener\">J\u2019ai la chair de poule de revoir tous ces gens avec leurs tenues.<\/a> C\u2019est une journ\u00e9e de joie, \u00e7a me donne des frissons.\u00a0\u00bb<\/p>\n<p><img alt=\"\" loading=\"lazy\" width=\"738\" height=\"492\" decoding=\"async\" data-nimg=\"1\" class=\"rounded-lg\" style=\"color:transparent\" src=\"https:\/\/www.europesays.com\/fr\/wp-content\/uploads\/2025\/07\/7e82c30917efdf02cfca0b10742af340.jpeg\"\/><\/p>\n<p class=\"mb-4 text-lg md:leading-8 break-words\">L\u2019arriv\u00e9e surprise <a href=\"https:\/\/www.bfmtv.com\/paris\/jeux-de-paris-pres-de-230-000-euros-recoltes-lors-de-la-vente-aux-encheres-d-objets-collector_AD-202504130354.html\" rel=\"nofollow noopener\" target=\"_blank\" data-ylk=\"slk:de la mascotte Phryge;elm:context_link;itc:0;sec:content-canvas\" class=\"link \">de la mascotte Phryge<\/a> a d\u00e9clench\u00e9 une vague de selfies, pendant que des cadeaux \u00e9taient distribu\u00e9s aux participants. La Phryga mania a pris un tel engouement que les produits d\u00e9riv\u00e9s de la mascotte sont tr\u00e8s attendus par les fans.<\/p>\n<p>\u201cOn a trouv\u00e9 une famille pendant les Jeux\u201d<\/p>\n<p class=\"mb-4 text-lg md:leading-8 break-words\">Au-del\u00e0 des animations, cette journ\u00e9e a surtout permis de raviver les liens n\u00e9s pendant les Jeux. \u00ab\u00a0C\u2019\u00e9tait une aventure humaine exceptionnelle\u00a0\u00bb, confie Jannick, qui a fait parti des 45 000 chanceux. \u00ab\u00a0Avec les volontaires, j\u2019ai trouv\u00e9 une famille. Ce sont comme des fr\u00e8res et s\u0153urs. Maintenant les JO vivent avec moi, et je r\u00eave de revenir en arri\u00e8re.\u00a0\u00bb<\/p>\n<p class=\"mb-4 text-lg md:leading-8 break-words\">Au-del\u00e0 des performances sportives les olympiades ont marqu\u00e9 au fer rouge Maria Cristina\u00a0: \u00ab\u00a0C\u2019est de la magie, <a href=\"https:\/\/fr.news.yahoo.com\/sport\/d%C3%A9couvert-qu-peut-ambiancer-piscine-190934687.html\" data-ylk=\"slk:des souvenirs inoubliables, sans h\u00e9siter le meilleur \u00e9t\u00e9 de ma vie.;elm:context_link;itc:0;sec:content-canvas;outcm:mb_qualified_link;_E:mb_qualified_link;ct:story;\" class=\"link  yahoo-link\" target=\"_blank\" rel=\"noopener\">des souvenirs inoubliables, sans h\u00e9siter le meilleur \u00e9t\u00e9 de ma vie.<\/a> Aujourd\u2019hui, je revis l\u2019esprit des Jeux avec des gens qui comprennent ce que je ressens.\u00a0\u00bb<\/p>\n<p class=\"mb-4 text-lg md:leading-8 break-words\">Bonnet de Phryge sur la t\u00eate, entre deux pas de danses, Maryelle retrouve des visages connus: \u00ab\u00a0Aujourd\u2019hui, on a remis le costume de super-h\u00e9ros. On recroise des gens qu\u2019on a d\u00e9j\u00e0 vus, mais on fait aussi de nouvelles rencontres. C\u2019est vraiment une famille maintenant.\u00a0\u00bb<\/p>\n<p class=\"mb-4 text-lg md:leading-8 break-words\">Certains sont m\u00eame venus avec toute leur collection olympique : badges, mascottes, pin\u2019s et accessoires aux couleurs des Jeux. \u00ab\u00a0J\u2019ai ressorti mon sac \u00e0 dos avec les anneaux olympiques pour l\u2019occasion\u00a0\u00bb, raconte Beno\u00eet. \u00ab\u00a0On revit l\u2019ambiance des Jeux. C\u2019\u00e9tait une parenth\u00e8se enchant\u00e9e, la France qu\u2019on aime: tous r\u00e9unis autour du sport. Et \u00e7a, c\u2019est beau.\u00a0\u00bb<\/p>\n<p class=\"mb-4 text-lg md:leading-8 break-words\">En fin de journ\u00e9e, les volontaires ont \u00e9t\u00e9 invit\u00e9s \u00e0 se rendre aux Jardins des Tuileries <a href=\"https:\/\/fr.news.yahoo.com\/sport\/images-lenvol-vasque-olympique-retour-201943959.html\" data-ylk=\"slk:pour voir la vasque Olympique s\u2019\u00e9lever dans le ciel.;elm:context_link;itc:0;sec:content-canvas;outcm:mb_qualified_link;_E:mb_qualified_link;ct:story;\" class=\"link  yahoo-link\" target=\"_blank\" rel=\"noopener\">pour voir la vasque Olympique s\u2019\u00e9lever dans le ciel.<\/a> Une mani\u00e8re pour eux de ne pas oublier Paris 2024 tout en ayant en t\u00eate un autre objectif, celui des Alpes en 2030.<\/p>\n<p class=\"mb-4 text-lg md:leading-8 break-words\"><a href=\"https:\/\/rmcsport.bfmtv.com\/jeux-olympiques\/paris-2024-des-souvenirs-inoubliables-des-centaines-de-volontaires-reunis-pour-feter-le-premier-anniversaire-des-jeux-olympiques-parisiens_AV-202507260348.html#xtor=AL-68\" rel=\"nofollow noopener\" target=\"_blank\" data-ylk=\"slk:Article original publi\u00e9 sur RMC Sport;elm:context_link;itc:0;sec:content-canvas\" class=\"link \">Article original publi\u00e9 sur RMC Sport<\/a><\/p>\n","protected":false},"excerpt":{"rendered":"Tenues officielles ressorties du placard, sacs \u00e0 dos frapp\u00e9s des anneaux olympiques, mascottes Phryge en peluche, pin\u2019s aux&hellip;\n","protected":false},"author":2,"featured_media":275976,"comment_status":"","ping_status":"","sticky":false,"template":"","format":"standard","meta":{"footnotes":""},"categories":[1888],"tags":[1111,1928,11,1927,41538,41540,41542,1777,674,1011,27,41541,41539,12,1926,626,1925,25],"class_list":{"0":"post-275975","1":"post","2":"type-post","3":"status-publish","4":"format-standard","5":"has-post-thumbnail","7":"category-paris","8":"tag-actu","9":"tag-actu-paris","10":"tag-actualites","11":"tag-actualites-paris","12":"tag-anneaux-olympiques","13":"tag-chair-de-poule","14":"tag-couleurs-des-jeux","15":"tag-eu","16":"tag-europe","17":"tag-fr","18":"tag-france","19":"tag-la-magie-des-jeux","20":"tag-les-jeux","21":"tag-news","22":"tag-news-paris","23":"tag-paris","24":"tag-paris-news","25":"tag-republique-francaise"},"share_on_mastodon":{"url":"https:\/\/pubeurope.com\/@fr\/114921477560759875","error":""},"_links":{"self":[{"href":"https:\/\/www.europesays.com\/fr\/wp-json\/wp\/v2\/posts\/275975","targetHints":{"allow":["GET"]}}],"collection":[{"href":"https:\/\/www.europesays.com\/fr\/wp-json\/wp\/v2\/posts"}],"about":[{"href":"https:\/\/www.europesays.com\/fr\/wp-json\/wp\/v2\/types\/post"}],"author":[{"embeddable":true,"href":"https:\/\/www.europesays.com\/fr\/wp-json\/wp\/v2\/users\/2"}],"replies":[{"embeddable":true,"href":"https:\/\/www.europesays.com\/fr\/wp-json\/wp\/v2\/comments?post=275975"}],"version-history":[{"count":0,"href":"https:\/\/www.europesays.com\/fr\/wp-json\/wp\/v2\/posts\/275975\/revisions"}],"wp:featuredmedia":[{"embeddable":true,"href":"https:\/\/www.europesays.com\/fr\/wp-json\/wp\/v2\/media\/275976"}],"wp:attachment":[{"href":"https:\/\/www.europesays.com\/fr\/wp-json\/wp\/v2\/media?parent=275975"}],"wp:term":[{"taxonomy":"category","embeddable":true,"href":"https:\/\/www.europesays.com\/fr\/wp-json\/wp\/v2\/categories?post=275975"},{"taxonomy":"post_tag","embeddable":true,"href":"https:\/\/www.europesays.com\/fr\/wp-json\/wp\/v2\/tags?post=275975"}],"curies":[{"name":"wp","href":"https:\/\/api.w.org\/{rel}","templated":true}]}}