{"id":275980,"date":"2025-07-26T20:44:16","date_gmt":"2025-07-26T20:44:16","guid":{"rendered":"https:\/\/www.europesays.com\/fr\/275980\/"},"modified":"2025-07-26T20:44:16","modified_gmt":"2025-07-26T20:44:16","slug":"les-epeistes-francaises-championnes-du-monde-par-equipes-en-battant-les-russes-en-finale-lequipe","status":"publish","type":"post","link":"https:\/\/www.europesays.com\/fr\/275980\/","title":{"rendered":"Les \u00e9p\u00e9istes fran\u00e7aises championnes du monde par \u00e9quipes en battant les Russes en finale &#8211; L&#039;\u00c9quipe"},"content":{"rendered":"<ol>\n<li><a href=\"https:\/\/news.google.com\/rss\/articles\/CBMi1AFBVV95cUxOZGZCQVpJb0JObGR2TTJ5Umx4SG40aTR2eXdoSXNIMlRlZThHY3VjN04zTGNKaWlzWWtjZy1XcmtZTl93RU1oTlFoWDlZZ2RaNUpQbUZpU2l1U1R5M2JLTGk2eDFrcUp3b1Yzc3FzSUh4a3lLU3RDU2EwaXBUWXZkLVdSc1JWYXZPVENib3Y3emJyM3hIZ2ZwMVIybkJNZUhHQkMyTEU4SDhfWmRncHFaN3V0WWlsWHBGSUxtQ1lDVUp0dzA0WTZlN0k0Vm5wbFV4b0hOVg?oc=5\" target=\"_blank\" rel=\"nofollow noopener\">Les \u00e9p\u00e9istes fran\u00e7aises championnes du monde par \u00e9quipes en battant les Russes en finale<\/a>&nbsp;&nbsp;L&rsquo;\u00c9quipe<\/li>\n<li><a href=\"https:\/\/news.google.com\/rss\/articles\/CBMiyAFBVV95cUxNUTJSNUdEX3NzV1pKbzI3UE9UY0RDZU1pX1VTUW5OcGp0RDNSbXQxT0otdlJxdlI5c0NqcnlBbFJMb1l1Y05WdE9rbHNSZXROblVJMDhjRUxwcG52Ui0wMTJQV1VmTFVQVEdIbnJONWduMmZ3R0VzbFEtY3ZydTR4MzJ0VXJxV3RaMFllZDRpa3pSR0dhTjhZMVhneGFYeGRRX2w3RVNLLXhmcFdYOVAwcVJBb2IzUmZSeDJ2NzZCYzREampUZTVxRQ?oc=5\" target=\"_blank\" rel=\"nofollow noopener\">Les \u00e9p\u00e9istes fran\u00e7aises sacr\u00e9es championnes du monde par \u00e9quipe<\/a>&nbsp;&nbsp;Le Monde.fr<\/li>\n<li><a href=\"https:\/\/news.google.com\/rss\/articles\/CBMirgFBVV95cUxOWjdwQlhYVGN1Y2dCa2pkamhzM1pkV1BoVkVFTlJDZ29YSVB5eHpObDVuM05VOEV4RDBGZmVFMC15UEJrbXRKU0wxa3l4Wll0bE9McVFSV3BsWE5kRXd2bnhUN3dlMTRXbTRDR1lLTVZQaG1sb3hIakhzUjlMb3FQVWtKaE1fb0ZBdVFFZjYxbS1YV1VFbFZra2dVazRJZVYzQmk3VTEteVBzQVdMNVHSAawBQVVfeXFMTWJzdks4Q2lOcTczcXVMYzZhcGhHZzZpd2t1M1RsMXNSakl3X2FlMUtFdmJmMDUzdTlVSTBLbE1oUDdidFIxVXMyVFVHTUt3N1o3ZW1aU3paeTQtZjE2bGI1amZSVHE2U0paR0FNUjhVRm5WSDlINlB5WGpRdUg3NkZVNGdUQVg0YnlXRm9DWlRQOGpadDB0cVRPWmVNbU5WX09SbkxrRmFlX0hjcw?oc=5\" target=\"_blank\" rel=\"nofollow noopener\">Escrime &#8211; Mondiaux : Les Bleues en or \u00e0 l&rsquo;\u00e9p\u00e9e<\/a>&nbsp;&nbsp;Orange Actualit\u00e9s | Sports<\/li>\n<li><a href=\"https:\/\/news.google.com\/rss\/articles\/CBMiwgFBVV95cUxPc3dhQi1ldFVXUzFsbzBoMmFHdjRPNGhzZHRSR0RMcnpPS1F5MUZVbWtRbU9IRkZpQm5BLTlDdjdFZTBIZS13T19yVlJzWlpJc1NZcXd2Z0xtM1p6Y3RweFZCOFdNWElCaWF6aTF0LVBMc2dnby1Menl5VFhjTGgwQVRfRzZFdHVxQ2tyampWbkZhSGtVcTl0SC1jU2xRbV9WOEJSdElSQmlkckxINGMtcVhYdG5RYno5X3hlZXdsZnlWZw?oc=5\" target=\"_blank\" rel=\"nofollow noopener\">Mondiaux : Patrice devra se contenter de l&rsquo;argent<\/a>&nbsp;&nbsp;Eurosport<\/li>\n<li><a href=\"https:\/\/news.google.com\/rss\/articles\/CBMitwFBVV95cUxPOE5FSGJTWkZCRTBqVU55dXplN181aGhKUDhyQkQ4UmtIcjJSSk16Snp1SElGZnphMWk3eUJZLVBrQ2Rnd0ZEUFlyLWVwcDM3LVdSakpnYUxIX2VIWFRuYlZuQVdiSGg2Y01uZDFSS1dFTXVoR3VNNkcyTGF5TXRyUUI5QUNFTVJFeTRaWHFJOWFReldUN0ttTVAzcFlEZVFzSVhyaGk1TnplZ0Z2YmxxOWlfZ2x6a2s?oc=5\" target=\"_blank\" rel=\"nofollow noopener\">Mondiaux d\u2019escrime : sans certitudes, Sara Balzer vise \u00ab une m\u00e9daille mondiale \u00bb<\/a>&nbsp;&nbsp;Sud Ouest<\/li>\n<\/ol>\n","protected":false},"excerpt":{"rendered":"Les \u00e9p\u00e9istes fran\u00e7aises championnes du monde par \u00e9quipes en battant les Russes en finale&nbsp;&nbsp;L&rsquo;\u00c9quipe Les \u00e9p\u00e9istes fran\u00e7aises sacr\u00e9es&hellip;\n","protected":false},"author":2,"featured_media":275981,"comment_status":"","ping_status":"","sticky":false,"template":"","format":"standard","meta":{"footnotes":""},"categories":[1591],"tags":[11,1887,12,1885,1886,132],"class_list":{"0":"post-275980","1":"post","2":"type-post","3":"status-publish","4":"format-standard","5":"has-post-thumbnail","7":"category-russie","8":"tag-actualites","9":"tag-federation-de-russie","10":"tag-news","11":"tag-russia","12":"tag-russian-federation","13":"tag-russie"},"share_on_mastodon":{"url":"https:\/\/pubeurope.com\/@fr\/114921489262300925","error":""},"_links":{"self":[{"href":"https:\/\/www.europesays.com\/fr\/wp-json\/wp\/v2\/posts\/275980","targetHints":{"allow":["GET"]}}],"collection":[{"href":"https:\/\/www.europesays.com\/fr\/wp-json\/wp\/v2\/posts"}],"about":[{"href":"https:\/\/www.europesays.com\/fr\/wp-json\/wp\/v2\/types\/post"}],"author":[{"embeddable":true,"href":"https:\/\/www.europesays.com\/fr\/wp-json\/wp\/v2\/users\/2"}],"replies":[{"embeddable":true,"href":"https:\/\/www.europesays.com\/fr\/wp-json\/wp\/v2\/comments?post=275980"}],"version-history":[{"count":0,"href":"https:\/\/www.europesays.com\/fr\/wp-json\/wp\/v2\/posts\/275980\/revisions"}],"wp:featuredmedia":[{"embeddable":true,"href":"https:\/\/www.europesays.com\/fr\/wp-json\/wp\/v2\/media\/275981"}],"wp:attachment":[{"href":"https:\/\/www.europesays.com\/fr\/wp-json\/wp\/v2\/media?parent=275980"}],"wp:term":[{"taxonomy":"category","embeddable":true,"href":"https:\/\/www.europesays.com\/fr\/wp-json\/wp\/v2\/categories?post=275980"},{"taxonomy":"post_tag","embeddable":true,"href":"https:\/\/www.europesays.com\/fr\/wp-json\/wp\/v2\/tags?post=275980"}],"curies":[{"name":"wp","href":"https:\/\/api.w.org\/{rel}","templated":true}]}}