{"id":275983,"date":"2025-07-26T20:46:10","date_gmt":"2025-07-26T20:46:10","guid":{"rendered":"https:\/\/www.europesays.com\/fr\/275983\/"},"modified":"2025-07-26T20:46:10","modified_gmt":"2025-07-26T20:46:10","slug":"thomas-muller-annonce-quil-va-signer-aux-etats-unis-usa-mls","status":"publish","type":"post","link":"https:\/\/www.europesays.com\/fr\/275983\/","title":{"rendered":"Thomas M\u00fcller annonce qu&rsquo;il va signer aux \u00c9tats-Unis &#8211; USA &#8211; MLS"},"content":{"rendered":"<p>M\u00eame avec Donald Trump comme pr\u00e9sident, les \u00c9tats-Unis continuent de faire r\u00eaver.<\/p>\n<p>Il faudra bient\u00f4t se faire \u00e0 l\u2019id\u00e9e de voir <strong>Thomas M\u00fcller<\/strong> porter <a target=\"_blank\" href=\"https:\/\/www.sofoot.com\/articles\/le-bayern-munich-dit-adieu-a-thomas-muller-espece-rare-de-footballeur\" rel=\"nofollow noopener\">autre chose que la liquette du Bayern Munich<\/a>. Non prolong\u00e9 par les champions d\u2019Allemagne, l\u2019attaquant de 35 ans avait v\u00e9cu son dernier match avec son club de c\u0153ur <a target=\"_blank\" href=\"https:\/\/www.sofoot.com\/articles\/coupe-du-monde-des-clubs-le-paris-saint-germain-sanctionne-le-bayern-munich-et-file-en-demi-finales\" rel=\"nofollow noopener\">contre le PSG \u00e0 la Coupe du monde des clubs<\/a> (2-0). Ce samedi, la l\u00e9gende du football allemand a livr\u00e9 <strong>un indice sur sa future destination : il va s\u2019en aller du c\u00f4t\u00e9 de la MLS, aux \u00c9tats-Unis<\/strong>.<\/p>\n<p>Los Angeles comme possible destination<\/p>\n<p>Dans une vid\u00e9o publi\u00e9e sur Instagram, on le voit assis sur une chaise au bord de l\u2019eau aux c\u00f4t\u00e9s de son p\u00e8re et de son fr\u00e8re. Tous les trois coiff\u00e9s de larges chapeaux de cow-boy, ils philosophent en bavarois avant d\u2019annoncer : \u00ab\u00a0Maintenant, c\u2019est le grand saut outre-Atlantique.\u00a0\u00bb<\/p>\n<blockquote class=\"instagram-media\" s_tyle=\"background: #FFF; border: 0; border-radius: 3px; box-shadow: 0 0 1px 0 rgba(0,0,0,0.5),0 1px 10px 0 rgba(0,0,0,0.15); margin: 1px; max-width: 540px; min-width: 326px; padding: 0; width: calc(100% - 2px);\" data-instgrm-captioned=\"\" data-instgrm-permalink=\"https:\/\/www.instagram.com\/reel\/DMkM3wqtEMi\/?utm_source=ig_embed&amp;utm_campaign=loading\" data-instgrm-version=\"14\">\n<p>\u00a0<\/p>\n<p>Voir cette publication sur Instagram<\/p>\n<p>\u00a0<\/p>\n<p s_tyle=\"color: #c9c8cd; font-family: Arial,sans-serif; font-size: 14px; line-height: 17px; margin-bottom: 0; margin-top: 8px; overflow: hidden; padding: 8px 0 7px; text-align: center; text-overflow: ellipsis; white-space: nowrap;\"><a s_tyle=\"color: #c9c8cd; font-family: Arial,sans-serif; font-size: 14px; font-style: normal; font-weight: normal; line-height: 17px; text-decoration: none;\" href=\"https:\/\/www.instagram.com\/reel\/DMkM3wqtEMi\/?utm_source=ig_embed&amp;utm_campaign=loading\" target=\"_blank\" rel=\"noopener nofollow\">Une publication partag\u00e9e par Thomas Mu\u0308ller (@esmuellert)<\/a><\/p>\n<\/blockquote>\n<p>Le nom de sa future formation n\u2019a par contre pas \u00e9t\u00e9 r\u00e9v\u00e9l\u00e9. Un temps pressenti en Australie, M\u00fcller pourrait s\u2019engager du c\u00f4t\u00e9 du Los Angeles FC, selon les m\u00e9dias allemands.<\/p>\n<p>Et pourquoi pas un derby de LA avec Thomas M\u00fcller et <a target=\"_blank\" href=\"https:\/\/www.sofoot.com\/breves\/marco-reus-quitte-leurope-et-file-en-mls\" rel=\"nofollow noopener\">Marco Reus de chaque c\u00f4t\u00e9<\/a> !<\/p>\n<p>\t\t\t\t\t\t\t\t\t\t<a class=\"lien-connexe\" href=\"https:\/\/www.sofoot.com\/articles\/euro-feminin-2025-la-selectionneuse-montse-tome-vestige-du-systeme-rubiales-en-equipe-despagne\" rel=\"nofollow noopener\" target=\"_blank\">Monts\u00e9 Tom\u00e9, vestige du syst\u00e8me Rubiales<\/a>\t\t\t\t\t<script async src=\"\/\/www.instagram.com\/embed.js\"><\/script><\/p>\n","protected":false},"excerpt":{"rendered":"M\u00eame avec Donald Trump comme pr\u00e9sident, les \u00c9tats-Unis continuent de faire r\u00eaver. Il faudra bient\u00f4t se faire \u00e0&hellip;\n","protected":false},"author":2,"featured_media":275984,"comment_status":"","ping_status":"","sticky":false,"template":"","format":"standard","meta":{"footnotes":""},"categories":[1589],"tags":[47,11,61,69,65,64,73,1866,63,68,66,12,62,70,67,1864,1865,1863,308],"class_list":{"0":"post-275983","1":"post","2":"type-post","3":"status-publish","4":"format-standard","5":"has-post-thumbnail","7":"category-etats-unis","8":"tag-actualite","9":"tag-actualites","10":"tag-actus-football","11":"tag-bundesliga","12":"tag-championnats-europeens","13":"tag-equipe-de-france","14":"tag-etats-unis","15":"tag-etats-unis-damerique","16":"tag-football","17":"tag-ligua","18":"tag-ligue-1","19":"tag-news","20":"tag-news-foot","21":"tag-premier-league","22":"tag-serie-a","23":"tag-united-states","24":"tag-united-states-of-america","25":"tag-us","26":"tag-usa"},"share_on_mastodon":{"url":"https:\/\/pubeurope.com\/@fr\/114921497126845814","error":""},"_links":{"self":[{"href":"https:\/\/www.europesays.com\/fr\/wp-json\/wp\/v2\/posts\/275983","targetHints":{"allow":["GET"]}}],"collection":[{"href":"https:\/\/www.europesays.com\/fr\/wp-json\/wp\/v2\/posts"}],"about":[{"href":"https:\/\/www.europesays.com\/fr\/wp-json\/wp\/v2\/types\/post"}],"author":[{"embeddable":true,"href":"https:\/\/www.europesays.com\/fr\/wp-json\/wp\/v2\/users\/2"}],"replies":[{"embeddable":true,"href":"https:\/\/www.europesays.com\/fr\/wp-json\/wp\/v2\/comments?post=275983"}],"version-history":[{"count":0,"href":"https:\/\/www.europesays.com\/fr\/wp-json\/wp\/v2\/posts\/275983\/revisions"}],"wp:featuredmedia":[{"embeddable":true,"href":"https:\/\/www.europesays.com\/fr\/wp-json\/wp\/v2\/media\/275984"}],"wp:attachment":[{"href":"https:\/\/www.europesays.com\/fr\/wp-json\/wp\/v2\/media?parent=275983"}],"wp:term":[{"taxonomy":"category","embeddable":true,"href":"https:\/\/www.europesays.com\/fr\/wp-json\/wp\/v2\/categories?post=275983"},{"taxonomy":"post_tag","embeddable":true,"href":"https:\/\/www.europesays.com\/fr\/wp-json\/wp\/v2\/tags?post=275983"}],"curies":[{"name":"wp","href":"https:\/\/api.w.org\/{rel}","templated":true}]}}