{"id":275985,"date":"2025-07-26T20:47:10","date_gmt":"2025-07-26T20:47:10","guid":{"rendered":"https:\/\/www.europesays.com\/fr\/275985\/"},"modified":"2025-07-26T20:47:10","modified_gmt":"2025-07-26T20:47:10","slug":"israel-annonce-la-reprise-des-largages-daide-humanitaire-le-royaume-uni-et-les-emirats-se-preparent","status":"publish","type":"post","link":"https:\/\/www.europesays.com\/fr\/275985\/","title":{"rendered":"Isra\u00ebl annonce la reprise des largages d\u2019aide humanitaire, le Royaume-Uni et les \u00c9mirats se pr\u00e9parent"},"content":{"rendered":"<p><strong>LE POINT SUR LA SITUATION<\/strong> &#8211; L\u2019\u00c9tat fait face \u00e0 une pression internationale croissante concernant la situation humanitaire dramatique de Gaza.<\/p>\n<p class=\"fig-paragraph\">Les parachutages d\u2019aide humanitaire sur\u00a0<a href=\"http:\/\/www.lefigaro.fr\/vox\/monde\/l-editorial-de-patrick-saint-paul-gaza-l-emotion-et-l-impuissance-20250725\" target=\"_blank\" data-fig-type=\"Article\" rel=\"noopener\" data-gtm-custom-categorie=\"navigation\" data-gtm-custom-action=\"crossclick\" data-gtm-custom-label=\"Contextuel\" data-gtm-event=\"customEventSPE\" data-fig-domain=\"LEFIGARO\">la bande de Gaza<\/a>\u00a0affam\u00e9e vont reprendre apr\u00e8s l\u2019annonce samedi du Royaume-Uni et des \u00c9mirats qu\u2019ils se pr\u00e9paraient \u00e0 de telles op\u00e9rations, et l\u2019autorisation accord\u00e9e par Isra\u00ebl, au moment o\u00f9 le pays fait face\u00a0<a href=\"http:\/\/www.lefigaro.fr\/international\/en-israel-le-malaise-grandissant-sur-la-gestion-chaotique-de-l-aide-alimentaire-a-gaza-20250725\" target=\"_blank\" data-fig-type=\"Article\" rel=\"noopener\" data-gtm-custom-categorie=\"navigation\" data-gtm-custom-action=\"crossclick\" data-gtm-custom-label=\"Contextuel\" data-gtm-event=\"customEventSPE\" data-fig-domain=\"LEFIGARO\">\u00e0 une pression internationale croissante pour d\u00e9bloquer l\u2019entr\u00e9e de l\u2019aide<\/a>. Le Figaro fait le point sur la situation.<\/p>\n<p>Isra\u00ebl annonce la reprise des largages d\u2019aide humanitaire sur Gaza<\/p>\n<p class=\"fig-paragraph\">L\u2019arm\u00e9e isra\u00e9lienne a annonc\u00e9 samedi que les largages d\u2019aide humanitaire allaient reprendre dans la soir\u00e9e sur la bande Gaza, confront\u00e9e \u00e0 de graves p\u00e9nuries, et qu\u2019elle mettrait en place des couloirs humanitaires pour assurer le passage s\u00e9curis\u00e9 des convois de nourriture et de m\u00e9dicaments des Nations unies.<\/p>\n<p>                                    <a class=\"fig-a11y-skip a11y-hidden\" href=\"#fig-a11y-skip-main-inarticle\"><br \/>\n        Passer la publicit\u00e9<br \/>\n    <\/a><\/p>\n<p class=\"fig-paragraph\">Ces largages men\u00e9s par des pays \u00e9trangers reprendront samedi soir \u00abdans le cadre des efforts continus visant \u00e0 permettre et faciliter l\u2019entr\u00e9e de l\u2019aide \u00e0 Gaza\u00bb, a indiqu\u00e9 l\u2019arm\u00e9e, pr\u00e9cisant que les premiers largages comprendraient sept palettes de farine, de sucre et de conserves fournies par des organisations internationales.<\/p>\n<p>Le Royaume-Uni et les \u00c9mirats se pr\u00e9parent \u00e9galement<\/p>\n<p class=\"fig-paragraph\">Samedi, le Royaume-Uni a annonc\u00e9 se pr\u00e9parer \u00e0 larguer de l\u2019aide et \u00e0 \u00e9vacuer des \u00abenfants ayant besoin d\u2019une assistance m\u00e9dicale\u00bb, en collaboration avec \u00abdes partenaires tels que la Jordanie\u00bb. Les \u00c9mirats arabes unis ont d\u00e9clar\u00e9 de leur c\u00f4t\u00e9 qu\u2019ils reprenaient \u00abimm\u00e9diatement\u00bb les parachutages. Un responsable isra\u00e9lien avait affirm\u00e9 la veille que des largages d\u2019aide humanitaire allaient reprendre rapidement, \u00absous la coordination des \u00c9mirats arabes unis et de la Jordanie\u00bb. Vendredi, Paris, Berlin et Londres avaient exhort\u00e9 Isra\u00ebl \u00e0 \u00ablever imm\u00e9diatement les restrictions sur l\u2019acheminement de l\u2019aide\u00bb.<\/p>\n<p class=\"fig-paragraph\">Les \u00c9mirats, la Jordanie, la France et d\u2019autres pays avaient d\u00e9j\u00e0 particip\u00e9 \u00e0 des parachutages d\u2019aide sur Gaza en 2024, parfois jug\u00e9s dangereux et imposant une logistique complexe pour un volume d\u2019aide limit\u00e9. De nombreux responsables humanitaires avaient alors soulign\u00e9 qu\u2019ils ne pouvaient se substituer \u00e0 l\u2019acheminement de l\u2019aide par voie terrestre.<\/p>\n<p class=\"fig-paragraph\">Le chef de l\u2019agence de l\u2019ONU pour les r\u00e9fugi\u00e9s palestiniens (Unrwa), Philippe Lazzarini, a estim\u00e9 samedi que la reprise des parachutages constituait une r\u00e9ponse \u00abinefficace\u00bb \u00e0 la catastrophe humanitaire en cours. \u00abLes largages a\u00e9riens ne mettront pas fin \u00e0 la famine qui s\u2019aggrave. Ils sont co\u00fbteux, inefficaces et peuvent m\u00eame tuer des civils affam\u00e9s\u00bb, a-t-il d\u00e9clar\u00e9.<\/p>\n<p>Une nouvelle Flottille de la libert\u00e9 en route pour Gaza<\/p>\n<p class=\"fig-paragraph\">Le Handala, parti de Syracuse, en Sicile, charg\u00e9 de mat\u00e9riel m\u00e9dical, de nourriture, d\u2019\u00e9quipements pour enfants et de m\u00e9dicaments, se trouvait samedi \u00e0 105 milles nautiques (194 kilom\u00e8tres) de Gaza, selon la Flottille pour la libert\u00e9, le mouvement international de soutien aux Palestiniens qui organise cette mission. Isra\u00ebl, qui assi\u00e8ge la bande de Gaza depuis le d\u00e9but de la guerre contre le Hamas le 7 octobre 2023, avait impos\u00e9 d\u00e9but mars un blocus herm\u00e9tique au territoire, tr\u00e8s partiellement assoupli fin mai, qui a entra\u00een\u00e9 de tr\u00e8s graves p\u00e9nuries de nourriture, de m\u00e9dicaments et d\u2019autres biens de premi\u00e8re n\u00e9cessit\u00e9. L\u2019ONU et des ONG s\u2019alarment \u00e0 pr\u00e9sent d\u2019une flamb\u00e9e de la malnutrition infantile et d\u2019un risque de famine g\u00e9n\u00e9ralis\u00e9e parmi ses plus de deux millions d\u2019habitants.<\/p>\n<p>                                    <a class=\"fig-a11y-skip a11y-hidden\" href=\"#fig-a11y-skip-main-inarticle_mtf\"><br \/>\n        Passer la publicit\u00e9<br \/>\n    <\/a><\/p>\n<p>27 morts dans des frappes isra\u00e9liennes<\/p>\n<p class=\"fig-paragraph\">Samedi, la D\u00e9fense civile a annonc\u00e9 la mort de 27 personnes, notamment dans des frappes isra\u00e9liennes \u00e0 Gaza-ville, dans le nord, dans le secteur de Khan Youn\u00e8s, dans le sud, et dans le camp de Nousseirat, dans le centre de Gaza. Selon cette organisation de secouristes, trois personnes ont \u00e9t\u00e9 tu\u00e9es par des tirs isra\u00e9liens alors qu\u2019elles attendaient de l\u2019aide humanitaire, dont l\u2019une tu\u00e9e quand les soldats ont ouvert le feu sur un groupe de civils r\u00e9unis au nord-ouest de Gaza-ville. Des t\u00e9moins ont indiqu\u00e9 \u00e0 l\u2019AFP que plusieurs milliers de personnes s\u2019\u00e9taient rassembl\u00e9es dans cette zone pour obtenir de la nourriture.<\/p>\n<p class=\"fig-paragraph\">L\u2019un d\u2019eux, Abou Samir Hamoudeh, 42 ans, a affirm\u00e9 que l\u2019arm\u00e9e avait ouvert le feu \u00ablorsque les gens ont tent\u00e9 de s\u2019approcher du point de distribution\u00bb situ\u00e9 pr\u00e8s d\u2019un poste militaire. Interrog\u00e9e par l\u2019AFP, l\u2019arm\u00e9e isra\u00e9lienne a affirm\u00e9 qu\u2019elle se renseignait. Dans un communiqu\u00e9, elle a affirm\u00e9 que l\u2019aviation avait frapp\u00e9 \u00abplus de 100 cibles terroristes\u00bb en 24 heures. Les restrictions impos\u00e9es aux m\u00e9dias par Isra\u00ebl et les difficult\u00e9s d\u2019acc\u00e8s \u00e0 plusieurs zones emp\u00eachent l\u2019AFP de v\u00e9rifier de mani\u00e8re ind\u00e9pendante les informations des diff\u00e9rentes parties.<\/p>\n","protected":false},"excerpt":{"rendered":"LE POINT SUR LA SITUATION &#8211; L\u2019\u00c9tat fait face \u00e0 une pression internationale croissante concernant la situation humanitaire&hellip;\n","protected":false},"author":2,"featured_media":275986,"comment_status":"","ping_status":"","sticky":false,"template":"","format":"standard","meta":{"footnotes":""},"categories":[1588],"tags":[259,11,260,1777,674,14,261,12,262,473,1853,1851,1850,1852],"class_list":{"0":"post-275985","1":"post","2":"type-post","3":"status-publish","4":"format-standard","5":"has-post-thumbnail","7":"category-royaume-uni","8":"tag-actualite-internationale","9":"tag-actualites","10":"tag-affaires-etrangeres","11":"tag-eu","12":"tag-europe","13":"tag-international","14":"tag-ministere-des-affaires-etrangeres","15":"tag-news","16":"tag-politique-etrangere","17":"tag-royaume-uni","18":"tag-royaume-uni-de-grande-bretagne-et-dirlande-du-nord","19":"tag-uk","20":"tag-united-kingdom","21":"tag-united-kingdom-of-great-britain-and-northern-ireland"},"share_on_mastodon":{"url":"https:\/\/pubeurope.com\/@fr\/114921501052725062","error":""},"_links":{"self":[{"href":"https:\/\/www.europesays.com\/fr\/wp-json\/wp\/v2\/posts\/275985","targetHints":{"allow":["GET"]}}],"collection":[{"href":"https:\/\/www.europesays.com\/fr\/wp-json\/wp\/v2\/posts"}],"about":[{"href":"https:\/\/www.europesays.com\/fr\/wp-json\/wp\/v2\/types\/post"}],"author":[{"embeddable":true,"href":"https:\/\/www.europesays.com\/fr\/wp-json\/wp\/v2\/users\/2"}],"replies":[{"embeddable":true,"href":"https:\/\/www.europesays.com\/fr\/wp-json\/wp\/v2\/comments?post=275985"}],"version-history":[{"count":0,"href":"https:\/\/www.europesays.com\/fr\/wp-json\/wp\/v2\/posts\/275985\/revisions"}],"wp:featuredmedia":[{"embeddable":true,"href":"https:\/\/www.europesays.com\/fr\/wp-json\/wp\/v2\/media\/275986"}],"wp:attachment":[{"href":"https:\/\/www.europesays.com\/fr\/wp-json\/wp\/v2\/media?parent=275985"}],"wp:term":[{"taxonomy":"category","embeddable":true,"href":"https:\/\/www.europesays.com\/fr\/wp-json\/wp\/v2\/categories?post=275985"},{"taxonomy":"post_tag","embeddable":true,"href":"https:\/\/www.europesays.com\/fr\/wp-json\/wp\/v2\/tags?post=275985"}],"curies":[{"name":"wp","href":"https:\/\/api.w.org\/{rel}","templated":true}]}}