{"id":275987,"date":"2025-07-26T20:48:13","date_gmt":"2025-07-26T20:48:13","guid":{"rendered":"https:\/\/www.europesays.com\/fr\/275987\/"},"modified":"2025-07-26T20:48:13","modified_gmt":"2025-07-26T20:48:13","slug":"allemagne-une-croix-dans-une-ecole-bavaroise-porte-atteinte-a-la-liberte-religieuse","status":"publish","type":"post","link":"https:\/\/www.europesays.com\/fr\/275987\/","title":{"rendered":"Allemagne. Une croix dans une \u00e9cole bavaroise porte atteinte \u00e0 la libert\u00e9 religieuse"},"content":{"rendered":"<p>C\u2019est une belle croix en bois de 1,50 m de haut \u00e0 l\u2019entr\u00e9e de leur lyc\u00e9e au nord de la Bavi\u00e8re, \u00e0 Wolnzach. Toutefois, g\u00ean\u00e9es par sa vue quasi quotidienne, deux \u00e9l\u00e8ves avaient demand\u00e9 \u00e0 la direction qu\u2019elle soit retir\u00e9e, mais en vain. Elles ont alors port\u00e9 plainte devant le tribunal administratif bavarois qui vient de leur donner raison. Celui-ci a jug\u00e9 que l\u2019\u00e9tablissement \u00ab\u00a0aurait \u00e9t\u00e9 tenu de retirer le crucifix\u00a0\u00bb (\u00e0 l\u2019\u00e9poque, car depuis, les deux \u00e9l\u00e8ves ont fini leur scolarit\u00e9).<\/p>\n<p>Selon le tribunal, l\u2019exposition constante \u00e0 ce symbole religieux dans cette \u00e9cole constitue une \u00ab\u00a0atteinte \u00e0 la libert\u00e9 de ne&#8230;<\/p>\n","protected":false},"excerpt":{"rendered":"C\u2019est une belle croix en bois de 1,50 m de haut \u00e0 l\u2019entr\u00e9e de leur lyc\u00e9e au nord&hellip;\n","protected":false},"author":2,"featured_media":275988,"comment_status":"","ping_status":"","sticky":false,"template":"","format":"standard","meta":{"footnotes":""},"categories":[1587],"tags":[11,672,2389,2649,1804,1805,1803,2880,1777,674,107,1801,12,5889,1802,1806,4604,104,640,2879],"class_list":{"0":"post-275987","1":"post","2":"type-post","3":"status-publish","4":"format-standard","5":"has-post-thumbnail","7":"category-allemagne","8":"tag-actualites","9":"tag-allemagne","10":"tag-alsace","11":"tag-bas-rhin","12":"tag-bundesrepublik-deutschland","13":"tag-de","14":"tag-deutschland","15":"tag-edition-strasbourg","16":"tag-eu","17":"tag-europe","18":"tag-fil-info","19":"tag-germany","20":"tag-news","21":"tag-religion-croyance","22":"tag-republique-federale-dallemagne","23":"tag-rheinblick","24":"tag-selection-abonne","25":"tag-societe","26":"tag-strasbourg","27":"tag-strasbourg-ville"},"share_on_mastodon":{"url":"https:\/\/pubeurope.com\/@fr\/114921504988236771","error":""},"_links":{"self":[{"href":"https:\/\/www.europesays.com\/fr\/wp-json\/wp\/v2\/posts\/275987","targetHints":{"allow":["GET"]}}],"collection":[{"href":"https:\/\/www.europesays.com\/fr\/wp-json\/wp\/v2\/posts"}],"about":[{"href":"https:\/\/www.europesays.com\/fr\/wp-json\/wp\/v2\/types\/post"}],"author":[{"embeddable":true,"href":"https:\/\/www.europesays.com\/fr\/wp-json\/wp\/v2\/users\/2"}],"replies":[{"embeddable":true,"href":"https:\/\/www.europesays.com\/fr\/wp-json\/wp\/v2\/comments?post=275987"}],"version-history":[{"count":0,"href":"https:\/\/www.europesays.com\/fr\/wp-json\/wp\/v2\/posts\/275987\/revisions"}],"wp:featuredmedia":[{"embeddable":true,"href":"https:\/\/www.europesays.com\/fr\/wp-json\/wp\/v2\/media\/275988"}],"wp:attachment":[{"href":"https:\/\/www.europesays.com\/fr\/wp-json\/wp\/v2\/media?parent=275987"}],"wp:term":[{"taxonomy":"category","embeddable":true,"href":"https:\/\/www.europesays.com\/fr\/wp-json\/wp\/v2\/categories?post=275987"},{"taxonomy":"post_tag","embeddable":true,"href":"https:\/\/www.europesays.com\/fr\/wp-json\/wp\/v2\/tags?post=275987"}],"curies":[{"name":"wp","href":"https:\/\/api.w.org\/{rel}","templated":true}]}}