{"id":275989,"date":"2025-07-26T20:49:10","date_gmt":"2025-07-26T20:49:10","guid":{"rendered":"https:\/\/www.europesays.com\/fr\/275989\/"},"modified":"2025-07-26T20:49:10","modified_gmt":"2025-07-26T20:49:10","slug":"a-new-york-nous-allons-consacrer-lisolement-definitif-du-hamas","status":"publish","type":"post","link":"https:\/\/www.europesays.com\/fr\/275989\/","title":{"rendered":"\u00ab\u202f\u00c0 New York, nous allons consacrer l\u2019isolement d\u00e9finitif du Hamas\u202f\u00bb"},"content":{"rendered":"<ul class=\"rev-breadcrumb__list\">\n<li class=\"rev-breadcrumb__item\"><a class=\"rev-crumb__link\" title=\"La Tribune Dimanche\" href=\"https:\/\/www.latribune.fr\/la-tribune-dimanche\" rel=\"nofollow noopener\" target=\"_blank\">\n<p class=\"rev-margin-0 rev-text-2xs-normal rev-crumb__text\">La Tribune Dimanche<\/p>\n<p><\/a>chevron<\/li>\n<li class=\"rev-breadcrumb__item\"><a class=\"rev-crumb__link\" title=\"Dans le monde\" href=\"https:\/\/www.latribune.fr\/la-tribune-dimanche\/dans-le-monde\" rel=\"nofollow noopener\" target=\"_blank\">\n<p class=\"rev-margin-0 rev-text-2xs-normal rev-crumb__text\">Dans le monde<\/p>\n<p><\/a><\/li>\n<li class=\"rev-breadcrumb__item\">chevron\n<p class=\"rev-margin-0 rev-text-2xs-normal\">Jean-No\u00ebl Barrot, ministre de l\u2019Europe et des Affaires \u00e9trang\u00e8res : \u00ab\u202f\u00c0 New York, nous allons consacrer l\u2019isolement d\u00e9finitif du Hamas\u202f\u00bb<\/p>\n<\/li>\n<\/ul>\n<p>Logo minifi\u00e9 dor\u00e9 La Provence<\/p>\n<p class=\"rev-margin-0 rev-text-xs-bold\">Ce contenu est r\u00e9serv\u00e9 aux abonn\u00e9s<\/p>\n<p>ENTRETIEN EXCLUSIF \u2013 L\u2019h\u00f4te du Quai d\u2019Orsay explique en exclusivit\u00e9 la d\u00e9cision d\u2019Emmanuel Macron de reconna\u00eetre la Palestine et livre sa feuille de route pour la conf\u00e9rence sur la solution \u00e0 deux \u00c9tats coorganis\u00e9e par la France qui se tient lundi et mardi aux \u00c9tats-Unis.<\/p>\n<p class=\"rev-margin-0 rev-text-xs-bold\">Propos recueillis par Garance Le\u202fCaisne et Soazig Qu\u00e9m\u00e9ner<\/p>\n<p class=\"rev-margin-0 rev-text-xs-normal\">Publi\u00e9 le 26\/07\/25 \u00e0 20:30<\/p>\n<p class=\"rev-margin-0 rev-text-xs-normal\">Jean-No\u00ebl Barrot, ministre de l&rsquo;Europe et des Affaires \u00c9trang\u00e8res, a pris la parole pour expliquer la d\u00e9cision d&rsquo;Emmanuel Macron concernant la reconnaissance de l&rsquo;\u00c9tat Palestinien.<\/p>\n<p class=\"rev-margin-0 rev-text-xs-bold\">LTD\/Corentin Fohlen\/Divergence<\/p>\n","protected":false},"excerpt":{"rendered":"La Tribune Dimanche chevron Dans le monde chevron Jean-No\u00ebl Barrot, ministre de l\u2019Europe et des Affaires \u00e9trang\u00e8res :&hellip;\n","protected":false},"author":2,"featured_media":275990,"comment_status":"","ping_status":"","sticky":false,"template":"","format":"standard","meta":{"footnotes":""},"categories":[1586],"tags":[17,11,3694,21558,154,29131,1777,674,1011,27,6286,1808,3102,3784,12,25],"class_list":{"0":"post-275989","1":"post","2":"type-post","3":"status-publish","4":"format-standard","5":"has-post-thumbnail","7":"category-europe","8":"tag-17","9":"tag-actualites","10":"tag-affaires","11":"tag-barrot","12":"tag-des","13":"tag-etrangeres","14":"tag-eu","15":"tag-europe","16":"tag-fr","17":"tag-france","18":"tag-jean-noel","19":"tag-leurope","20":"tag-la-tribune-dimanche","21":"tag-ministre","22":"tag-news","23":"tag-republique-francaise"},"share_on_mastodon":{"url":"https:\/\/pubeurope.com\/@fr\/114921508997410594","error":""},"_links":{"self":[{"href":"https:\/\/www.europesays.com\/fr\/wp-json\/wp\/v2\/posts\/275989","targetHints":{"allow":["GET"]}}],"collection":[{"href":"https:\/\/www.europesays.com\/fr\/wp-json\/wp\/v2\/posts"}],"about":[{"href":"https:\/\/www.europesays.com\/fr\/wp-json\/wp\/v2\/types\/post"}],"author":[{"embeddable":true,"href":"https:\/\/www.europesays.com\/fr\/wp-json\/wp\/v2\/users\/2"}],"replies":[{"embeddable":true,"href":"https:\/\/www.europesays.com\/fr\/wp-json\/wp\/v2\/comments?post=275989"}],"version-history":[{"count":0,"href":"https:\/\/www.europesays.com\/fr\/wp-json\/wp\/v2\/posts\/275989\/revisions"}],"wp:featuredmedia":[{"embeddable":true,"href":"https:\/\/www.europesays.com\/fr\/wp-json\/wp\/v2\/media\/275990"}],"wp:attachment":[{"href":"https:\/\/www.europesays.com\/fr\/wp-json\/wp\/v2\/media?parent=275989"}],"wp:term":[{"taxonomy":"category","embeddable":true,"href":"https:\/\/www.europesays.com\/fr\/wp-json\/wp\/v2\/categories?post=275989"},{"taxonomy":"post_tag","embeddable":true,"href":"https:\/\/www.europesays.com\/fr\/wp-json\/wp\/v2\/tags?post=275989"}],"curies":[{"name":"wp","href":"https:\/\/api.w.org\/{rel}","templated":true}]}}