{"id":27599,"date":"2025-04-15T21:15:09","date_gmt":"2025-04-15T21:15:09","guid":{"rendered":"https:\/\/www.europesays.com\/fr\/27599\/"},"modified":"2025-04-15T21:15:09","modified_gmt":"2025-04-15T21:15:09","slug":"decathlon-ag2r-la-mondiale-dt-a-subi-la-loi-de-roubaix-actualite","status":"publish","type":"post","link":"https:\/\/www.europesays.com\/fr\/27599\/","title":{"rendered":"Decathlon AG2R La Mondiale DT a subi la loi de Roubaix &#8211; Actualit\u00e9"},"content":{"rendered":"<p style=\"text-align: justify;\">Ilian Barhoumi avait bien du mal \u00e0 cacher sa d\u00e9ception sur le v\u00e9lodrome de Roubaix, bien qu&rsquo;il soit entr\u00e9 dans le Top 10 de Paris-Roubaix Espoirs (<strong><a href=\"https:\/\/www.directvelo.com\/actualite\/119886\/paris-roubaix-espoirs-classement\" target=\"_blank\" rel=\"nofollow noopener\">voir classement<\/a><\/strong>). \u00ab\u00a0Je suis mitig\u00e9, c&rsquo;est bien parce que j&rsquo;\u00e9tais acteur dans la course, c&rsquo;est ce que je voulais. Mais je voulais ramener un r\u00e9sultat pour l&rsquo;\u00e9quipe, parce que tous les co\u00e9quipiers ont fait un travail exceptionnel. Je pense qu&rsquo;avec Antoine (L&rsquo;hote), Arthur (Blaise) et moi dans l&rsquo;\u00e9quipe, on avait vraiment les watts et le niveau pour esp\u00e9rer la victoire. Au minimum, un podium. On l&rsquo;avait dans les jambes\u00a0\u00bb, pense le Suisse. \u00ab\u00a0C&rsquo;est plus de la frustration qu&rsquo;autre chose, peste Antoine L&rsquo;hote. Je pense que physiquement, j&rsquo;\u00e9tais limite plus fort qu&rsquo;\u00e0 l&rsquo;Olympia&rsquo;s. 15e, \u00e7a ne me satisfait pas. Tomber sur plus fort, ce n&rsquo;est pas une honte. Mais aujourd&rsquo;hui, c&rsquo;est de la malchance. C&rsquo;est pour \u00e7a que j&rsquo;aime Roubaix et que je reviendrai\u00a0\u00bb.<\/p>\n<p>La course d&rsquo;Antoine L&rsquo;hote a en effet tourn\u00e9 court tr\u00e8s vite. \u00ab\u00a0Je suis tomb\u00e9 au kilom\u00e8tre 30. Du coup \u00e7a a \u00e9t\u00e9 assez compliqu\u00e9 de se remettre dans la course. Je n&rsquo;ai pas abord\u00e9 le premier secteur dans les meilleures conditions. Ensuite, j&rsquo;ai toujours essay\u00e9 de remonter. J&rsquo;ai fait deux secteurs \u00e0 plat, j&rsquo;ai attendu la voiture au maximum. Puis j&rsquo;\u00e9tais toujours \u00e0 contre-temps. \u00c0 chaque fois il y avait une chute\u00a0\u00bb. Finalement, l&rsquo;ancien Champion de France Junior n&rsquo;a jamais r\u00e9ussi \u00e0 s&rsquo;installer confortablement aux avant-postes. \u00ab\u00a0Dans le Nouveau Monde, il y a eu une chute au moment o\u00f9 \u00e7a attaquait. Tout le secteur de Nouveau Monde jusqu&rsquo;\u00e0 P\u00e9v\u00e8le, j&rsquo;\u00e9tais tout seul. J&rsquo;\u00e9tais toujours en retard \u00e0 cause des chutes et des crevaisons\u00a0\u00bb. Heureusement, la structure fran\u00e7aise peut encore compter sur Ilian Barhoumi et Arthur Blaise, bien install\u00e9s dans le groupe de t\u00eate.<\/p>\n<p><strong>\u00ab J&rsquo;AI UN PEU PERDU PIED MENTALEMENT \u00bb<\/strong><\/p>\n<p>Mais dans le Carrefour de l&rsquo;Arbre, la course de la Conti Decathlon AG2R La Mondiale tourne au cauchemar. \u00ab\u00a0\u00c7a chute, je suis \u00e0 deux doigts de tomber. Pendant 5-6 kilom\u00e8tres apr\u00e8s, j&rsquo;ai d\u00fb rouler avec la cha\u00eene tordue et je n&rsquo;arrivais plus \u00e0 mettre de la puissance. Il y avait Arthur avec moi. Malheureusement, il tombe dans la m\u00eame chute qui me fait d\u00e9railler. \u00c7a nous a flingu\u00e9s\u00a0\u00bb, regrette Ilian Barhoumi, qui a quand m\u00eame pu remonter sur le v\u00e9lo, contrairement \u00e0 son co\u00e9quipier, mont\u00e9 dans le balai et parti vers l&rsquo;h\u00f4pital ensuite. \u00ab\u00a0Arthur est tomb\u00e9 lors du dernier virage \u00e0 gauche \u00e0 cause d&rsquo;un trou. Il \u00e9tait sonn\u00e9 sur le coup et est bien marqu\u00e9 sur le c\u00f4t\u00e9 droit (hanche, genou et cheville). Il boite encore aujourd&rsquo;hui\u00a0\u00bb, explique la Conti aupr\u00e8s de DirectVelo.<\/p>\n<p>Ilian Barhoumi a alors la lourde t\u00e2che de sauver les meubles. \u00ab\u00a0Je m&rsquo;\u00e9tais d\u00e9j\u00e0 fait d\u00e9passer par quatre ou cinq mecs le temps que la voiture puisse venir pour changer de v\u00e9lo. Les derniers kilom\u00e8tres, si je suis honn\u00eate, j&rsquo;ai un peu perdu pied mentalement. J&rsquo;\u00e9tais tout seul dans le vent, personne derri\u00e8re moi. C&rsquo;\u00e9tait trop dur pour moi de revenir et de tenter un truc. La chance \u00e9tait pass\u00e9e\u00a0\u00bb. Il faudra se contenter du Top 10. \u00ab\u00a0Ce n&rsquo;est pas pour \u00e7a qu&rsquo;on \u00e9tait venu. Demain je serai content de la performance, mais l\u00e0 c&rsquo;est dur. C&rsquo;est une course que j&rsquo;affectionne beaucoup. En esp\u00e9rant que \u00e7a tourne\u00a0\u00bb. Le local, Antoine L&rsquo;hote, aura au moins savour\u00e9 l&rsquo;attention du public. \u00ab\u00a0Il y a pas mal de monde qui m&rsquo;encourageait. \u00c7a fait plaisir de reconna\u00eetre certaines personnes. C&rsquo;est ce que j&rsquo;aime aussi \u00e0 Roubaix. Apr\u00e8s, ce sont les al\u00e9as. Car mentalement et physiquement, je ne suis pas inquiet\u00a0\u00bb. Et c&rsquo;est d\u00e9j\u00e0 \u00e7a.<\/p>\n<p><img loading=\"lazy\" decoding=\"async\" src=\"https:\/\/www.europesays.com\/fr\/wp-content\/uploads\/2025\/04\/67fd3a05df3a2.jpg\" alt=\"\" width=\"650\" height=\"488\"\/><\/p>\n","protected":false},"excerpt":{"rendered":"Ilian Barhoumi avait bien du mal \u00e0 cacher sa d\u00e9ception sur le v\u00e9lodrome de Roubaix, bien qu&rsquo;il soit&hellip;\n","protected":false},"author":2,"featured_media":27600,"comment_status":"","ping_status":"","sticky":false,"template":"","format":"standard","meta":{"footnotes":""},"categories":[1411],"tags":[834,828,836,829,837,827,83,826,824,823,1154,207,814,817,815,816,822,821,832,211,839,1011,27,820,818,819,835,831,830,833,838,60,212,208,825],"class_list":{"0":"post-27599","1":"post","2":"type-post","3":"status-publish","4":"format-standard","5":"has-post-thumbnail","7":"category-cyclisme","8":"tag-attaque","9":"tag-belgique","10":"tag-braquet","11":"tag-bretagne","12":"tag-chute","13":"tag-competition","14":"tag-coupe-de-france","15":"tag-coureur","16":"tag-course-cyclisme","17":"tag-course-cycliste","18":"tag-cycling","19":"tag-cyclisme","20":"tag-direct","21":"tag-direct-velo","22":"tag-directvelo","23":"tag-directvelo-com","24":"tag-epreuve","25":"tag-epreuve-cycliste","26":"tag-federation-francaise-de-cyclisme","27":"tag-ffc","28":"tag-flandres","29":"tag-fr","30":"tag-france","31":"tag-live","32":"tag-live-course","33":"tag-live-epreuve","34":"tag-peloton","35":"tag-radio-peloton","36":"tag-radio-tour","37":"tag-ravitaillement","38":"tag-relance","39":"tag-sports","40":"tag-uci","41":"tag-velo","42":"tag-velos"},"share_on_mastodon":{"url":"https:\/\/pubeurope.com\/@fr\/114344055659682334","error":""},"_links":{"self":[{"href":"https:\/\/www.europesays.com\/fr\/wp-json\/wp\/v2\/posts\/27599","targetHints":{"allow":["GET"]}}],"collection":[{"href":"https:\/\/www.europesays.com\/fr\/wp-json\/wp\/v2\/posts"}],"about":[{"href":"https:\/\/www.europesays.com\/fr\/wp-json\/wp\/v2\/types\/post"}],"author":[{"embeddable":true,"href":"https:\/\/www.europesays.com\/fr\/wp-json\/wp\/v2\/users\/2"}],"replies":[{"embeddable":true,"href":"https:\/\/www.europesays.com\/fr\/wp-json\/wp\/v2\/comments?post=27599"}],"version-history":[{"count":0,"href":"https:\/\/www.europesays.com\/fr\/wp-json\/wp\/v2\/posts\/27599\/revisions"}],"wp:featuredmedia":[{"embeddable":true,"href":"https:\/\/www.europesays.com\/fr\/wp-json\/wp\/v2\/media\/27600"}],"wp:attachment":[{"href":"https:\/\/www.europesays.com\/fr\/wp-json\/wp\/v2\/media?parent=27599"}],"wp:term":[{"taxonomy":"category","embeddable":true,"href":"https:\/\/www.europesays.com\/fr\/wp-json\/wp\/v2\/categories?post=27599"},{"taxonomy":"post_tag","embeddable":true,"href":"https:\/\/www.europesays.com\/fr\/wp-json\/wp\/v2\/tags?post=27599"}],"curies":[{"name":"wp","href":"https:\/\/api.w.org\/{rel}","templated":true}]}}