{"id":276001,"date":"2025-07-26T20:56:13","date_gmt":"2025-07-26T20:56:13","guid":{"rendered":"https:\/\/www.europesays.com\/fr\/276001\/"},"modified":"2025-07-26T20:56:13","modified_gmt":"2025-07-26T20:56:13","slug":"rugby-pro-d2-tout-le-monde-se-regale-de-regarder-la-pro-d2-il-y-a-enormement-de-jeu-tout-peut-arriver-estime-ian-boubila-le-nouveau-talonneur-du-promu-lus-carcassonne","status":"publish","type":"post","link":"https:\/\/www.europesays.com\/fr\/276001\/","title":{"rendered":"Rugby \u2013 Pro D2\u00a0: \u00ab\u00a0Tout le monde se r\u00e9gale de regarder la Pro D2, il y a \u00e9norm\u00e9ment de jeu, tout peut arriver\u00a0\u00bb, estime Ian Boubila, le nouveau talonneur du promu l\u2019US Carcassonne"},"content":{"rendered":"<p>\n                                                                Le taulier Rapha\u00ebl Carbou (32 ans) ayant tir\u00e9 sa r\u00e9v\u00e9rence sur un titre et une accession, la succession au poste de talonneur est ouverte entre Baptiste Moreno, Yan Tabarot et Ian Boubila. Pr\u00eat\u00e9 cette saison \u00e0 l\u2019US Carcassonne par le Stade Toulousain, ce dernier est n\u00e9anmoins le seul des trois \u00e0 conna\u00eetre la Pro D2.\n                            <\/p>\n<p>Avec 26\u00a0feuilles de matches en Top 14 sous les couleurs stadistes, sept la saison derni\u00e8re en Pro D2 avec Provence Rugby, une s\u00e9lection en U20 d\u00e9veloppement, deux titres de champion de France espoirs (2021 et 2023), \u00e0 seulement 23 ans, Ian Boubila affiche\u00a0un CV attractif. Form\u00e9 dans l\u2019un des meilleurs clubs, sinon le meilleur de la plan\u00e8te, le jeune Tarn-et-Garonnais, confront\u00e9 tr\u00e8s t\u00f4t \u00e0 l\u2019excellence et \u00e0 la f\u00e9roce concurrence \u00e0 son poste des Peato Mauvaka, Julien et Guillaume Marchand, Guillaume Cramond ou encore Thomas Lacombre, semble m\u00eame herm\u00e9tique \u00e0 toute pression.<\/p>\n<p>\u00ab\u00a0La concurrence, c\u2019est ce qui tire vers le haut. Quand vous avez autour de vous les meilleurs joueurs du monde \u00e0 chaque poste, \u00e7a vous pousse \u00e0 vous \u00e9lever et\u00a0c\u2019est un cercle vertueux.\u00a0\u00bb\u00a0Malgr\u00e9 tout on y arrive\u2026 \u00ab\u00a0Ce sont des opportunit\u00e9s \u00e0 saisir. Il faut se donner \u00e0 fond et profiter de ces moments\u00a0\u00bb, glisse modestement le gar\u00e7on au gabarit respectable (1\u00a0m 81, 110\u00a0kg).<\/p>\n<p>De ses d\u00e9buts \u00e0 N\u00e8grepelissse (2007-2012) \u00e0 Toulouse (depuis 2017), en passant par Montauban (2012-2017), le trois quarts centre devenu num\u00e9ro huit, puis talonneur \u00e0 son arriv\u00e9e au p\u00f4le espoir de Jolimont dans la ville rose, gravit tous les paliers jusqu\u2019\u00e0 la cat\u00e9gorie reine\u2026 N\u00e9anmoins, \u00e0 22 ans, les promotions\u00a0entre la cat\u00e9gorie espoirs et le Top 14 promettent d\u2019\u00eatre rares. Alors plut\u00f4t que de v\u00e9g\u00e9ter\u00a0chez les jeunes, il est pr\u00eat\u00e9 \u00e0 Provence Rugby.<\/p>\n<p>\u00ab\u00a0Le championnat espoirs est l\u00e0 pour aider \u00e0 passer un cap. Apr\u00e8s, c\u2019est s\u00fbr que d\u2019espoirs \u00e0 Pro, c\u2019est vraiment un gros cap. Si on n\u2019arrive pas \u00e0 le passer tout de suite comme certains joueurs ont pu le faire, il faut aller s\u2019aguerrir\u00a0dans d\u2019autres clubs o\u00f9 on pourra jouer plus souvent. Je pense que c\u2019est le bon choix. Pour moi, \u00e7a a \u00e9t\u00e9 Provence Rugby en Pro D2\u2026 M\u00eame si \u00e7a a \u00e9t\u00e9 un peu compliqu\u00e9\u00a0parce que\u00a0je me suis bless\u00e9.\u00a0\u00bb<\/p>\n<blockquote>\n<p>Ce n\u2019est pas la qualit\u00e9 qui manque<\/p>\n<\/blockquote>\n<p>C\u2019est donc un retour \u00e0 Toulouse pour une op\u00e9ration d\u2019un genou et le d\u00e9but de la r\u00e9\u00e9ducation. Le 22\u00a0juin dernier il est pr\u00eat\u00e9 \u00e0 l\u2019US Carcassonne\u00a0: \u00ab\u00a0M\u00eame si rien n\u2019\u00e9tait fait, mon nom avait \u00e9t\u00e9 annonc\u00e9 \u00e0 Colomiers assez t\u00f4t. Je ne sais pas d\u2019o\u00f9 et comment c\u2019est sorti.\u00a0\u00bb\u00a0Une deuxi\u00e8me saison cons\u00e9cutive donc en Pro D2 que le talonneur esp\u00e8re plus aboutie.<\/p>\n<p>\u00ab\u00a0Je n\u2019ai pas eu la chance de jouer \u00e9norm\u00e9ment de matches en Pro D2, mais pour en avoir jou\u00e9 quelques-uns et avoir vu les autres et leur intensit\u00e9, c\u2019est s\u00fbr que l\u2019on peut se dire que l\u00e0 la Pro D2 est en train de prendre un niveau que l\u2019on ne voyait pas il y a quelques ann\u00e9es. Tout le monde se r\u00e9gale de\u00a0regarder la Pro D2, il y a \u00e9norm\u00e9ment de jeu. On a vu Montauban monter cette ann\u00e9e alors que l\u2019on ne s\u2019y attendait pas du tout. Tout peut arriver.\u00a0\u00bb<\/p>\n<p>Depuis trois semaines qu\u2019il a pos\u00e9 ses valises dans le chef-lieu audois, et s\u2019active dans la pr\u00e9paration, Ian Boubila a d\u00e9j\u00e0 pris la temp\u00e9rature du club et de l\u2019effectif. \u00ab\u00a0J\u2019ai eu la chance d\u2019\u00eatre tr\u00e8s vite int\u00e9gr\u00e9 au groupe. Alors, je connaissais d\u00e9j\u00e0 quelques mecs des \u00e9quipes de jeunes de Toulouse (Ndlr\u00a0: Thomas Agati, Nicolas Fenuafanote, Lukas Doyhenard, Nils Chalies\u2026) et c\u2019est vraiment chouette de\u00a0les retrouver. L\u2019USC est vraiment un club famille.\u00a0C\u2019est vraiment sympa d\u2019arriver dans un club comme \u00e7a. \u00c0 Provence, les moyens sont beaucoup plus \u00e9lev\u00e9s qu\u2019\u00e0 Carcassonne, mais ici, ce n\u2019est pas la qualit\u00e9 qui manque \u00e0 tous les niveaux.\u00a0\u00bb<\/p>\n<blockquote>\n<p>Emmerder les plus gros clubs<\/p>\n<\/blockquote>\n<p>Il y a aussi une belle concurrence, notamment au poste de talonneur. \u00ab\u00a0Bien s\u00fbr, mais c\u2019est \u00e0 nous aussi de choisir la concurrence que l\u2019on veut. Je pense qu\u2019on est tous dans le m\u00eame \u00e9tat d\u2019esprit. On va chacun donner le maximum. Les choix, ce n\u2019est pas nous qui les ferons, ce sera le coach.\u00a0\u00bb<\/p>\n<p>En pleine premi\u00e8re semaine de r\u00e9g\u00e9n\u00e9ration, Ian Boubila \u00e9voque la reprise avec son nouveau club\u00a0: \u00ab\u00a0Une reprise, c\u2019est toujours compliqu\u00e9. En revanche quand on s\u2019\u00e9clate sur le terrain, c\u2019est toujours plus facile. Je viens d\u2019arriver et j\u2019ai vu la qualit\u00e9 des joueurs, surtout l\u2019\u00e9tat d\u2019esprit. Franchement, je ne me fais pas de souci. Je pense et j\u2019esp\u00e8re que l\u2019on va bien s\u2019amuser\u00a0et qu\u2019on va un peu emmerder des plus gros clubs.\u00a0\u00bb<\/p>\n<p>Avec un premier bloc de six matches qui peut conditionner l\u2019exercice (d\u00e9placements \u00e0 Aurillac, Nevers, Mont-de-Marsan, r\u00e9ceptions d\u2019Oyonnax et Agen).\u00a0\u00ab\u00a0On est d\u2019accord que r\u00e9aliser un bon premier bloc peut aider.\u00a0Apr\u00e8s, les premiers matches ne veulent rien dire. La Pro D2 est un championnat marathon. Il y a beaucoup de matches, la saison est longue, il peut arriver plein de choses. C\u2019est s\u00fbr que l\u2019on s\u2019enl\u00e8verait une \u00e9pine du pied \u00e0 commencer par des victoires, mais\u00a0\u00e7a ne fera pas tout. Il faut travailler dur tout le long de la saison.\u00a0\u00bb<\/p>\n","protected":false},"excerpt":{"rendered":"Le taulier Rapha\u00ebl Carbou (32 ans) ayant tir\u00e9 sa r\u00e9v\u00e9rence sur un titre et une accession, la succession&hellip;\n","protected":false},"author":2,"featured_media":276002,"comment_status":"","ping_status":"","sticky":false,"template":"","format":"standard","meta":{"footnotes":""},"categories":[1416],"tags":[1011,27,479,1468,60],"class_list":{"0":"post-276001","1":"post","2":"type-post","3":"status-publish","4":"format-standard","5":"has-post-thumbnail","7":"category-rugby","8":"tag-fr","9":"tag-france","10":"tag-rugby","11":"tag-rugby-football","12":"tag-sports"},"share_on_mastodon":{"url":"https:\/\/pubeurope.com\/@fr\/114921536458139772","error":""},"_links":{"self":[{"href":"https:\/\/www.europesays.com\/fr\/wp-json\/wp\/v2\/posts\/276001","targetHints":{"allow":["GET"]}}],"collection":[{"href":"https:\/\/www.europesays.com\/fr\/wp-json\/wp\/v2\/posts"}],"about":[{"href":"https:\/\/www.europesays.com\/fr\/wp-json\/wp\/v2\/types\/post"}],"author":[{"embeddable":true,"href":"https:\/\/www.europesays.com\/fr\/wp-json\/wp\/v2\/users\/2"}],"replies":[{"embeddable":true,"href":"https:\/\/www.europesays.com\/fr\/wp-json\/wp\/v2\/comments?post=276001"}],"version-history":[{"count":0,"href":"https:\/\/www.europesays.com\/fr\/wp-json\/wp\/v2\/posts\/276001\/revisions"}],"wp:featuredmedia":[{"embeddable":true,"href":"https:\/\/www.europesays.com\/fr\/wp-json\/wp\/v2\/media\/276002"}],"wp:attachment":[{"href":"https:\/\/www.europesays.com\/fr\/wp-json\/wp\/v2\/media?parent=276001"}],"wp:term":[{"taxonomy":"category","embeddable":true,"href":"https:\/\/www.europesays.com\/fr\/wp-json\/wp\/v2\/categories?post=276001"},{"taxonomy":"post_tag","embeddable":true,"href":"https:\/\/www.europesays.com\/fr\/wp-json\/wp\/v2\/tags?post=276001"}],"curies":[{"name":"wp","href":"https:\/\/api.w.org\/{rel}","templated":true}]}}