{"id":276005,"date":"2025-07-26T20:58:07","date_gmt":"2025-07-26T20:58:07","guid":{"rendered":"https:\/\/www.europesays.com\/fr\/276005\/"},"modified":"2025-07-26T20:58:07","modified_gmt":"2025-07-26T20:58:07","slug":"le-tgb-nest-pas-mort-le-club-de-tarbes-reagit-a-la-decision-de-la-ffbb-de-relegation-hors-de-lelite-ici-francebleu-fr","status":"publish","type":"post","link":"https:\/\/www.europesays.com\/fr\/276005\/","title":{"rendered":"&quot;Le TGB n&#039;est pas mort&quot; : le club de Tarbes r\u00e9agit \u00e0 la d\u00e9cision de la FFBB de rel\u00e9gation hors de l&#039;\u00e9lite &#8211; ici &#8211; francebleu.fr"},"content":{"rendered":"<ol>\n<li><a href=\"https:\/\/news.google.com\/rss\/articles\/CBMi-AFBVV95cUxPcW1yRE04UnlxRlR4V2ktbllTVU4yRXBIaXFfSmFaSlByVHVyQkl0Qng3Y2dPd0lGeFNKNFNoY0RjQlFHTzNvM3BCTmZ4M0RrWEdtbFA2SmJTQmtfZUpoZzUzbGV5djhTNVVuS1MwaGxwcGlqLS1DREY4bXd4VVI2ekdKbUNzdW9FSHBaMlNYcEZXYk16NFlfelhmQUZZdDhxUVBIeHI4bk9pdS1jU1p4R3ZZQ1Uwd25NeFNnQXpsUFFpTkNWTEoydW9PMmRHblpCQ3ZqOGFPWkIyZjd0X0ktanV5SWozdXRWOXloUDdIaHhHQWVlS08tRA?oc=5\" target=\"_blank\" rel=\"nofollow noopener\">\u00ab\u00a0Le TGB n&rsquo;est pas mort\u00a0\u00bb : le club de Tarbes r\u00e9agit \u00e0 la d\u00e9cision de la FFBB de rel\u00e9gation hors de l&rsquo;\u00e9lite &#8211; ici<\/a>&nbsp;&nbsp;francebleu.fr<\/li>\n<li><a href=\"https:\/\/news.google.com\/rss\/articles\/CBMi6gFBVV95cUxNMFhpQkZBLTVwTF9MTmlWNXU2NzBRZlpSYlgwdVlwdF9oYndISHoteVFtY1VDSGl3MkNvbzBSYTZKdUFydnFObGFsUHJpU2lPVnZxUEFLQndYOTF6THV6TVpSRTJsRnAxWm1WX0JIZUtsTXQ5eUtVX0lXSGdfcGpMWkkyUXJ0SnIxWTNtVk02TDNpbEFRSUd2Z0pmV3FOcFBKOXFRM2pENEF0VmZfSXJYR2tvVkJ5YzlzV05uYTZIcFN1LTZ0TWRjNUU0a1hhS0JoWkFfVFVoM2pfZTVOTUJ6Nlc4S1E5WW5rMmc?oc=5\" target=\"_blank\" rel=\"nofollow noopener\">Fran\u00e7ois Gomez, entra\u00eeneur de Tarbes : \u00ab Nous avons \u00e9t\u00e9 mal accueillis, comme si on nous soup\u00e7onnait de tricher \u00bb<\/a>&nbsp;&nbsp;L&rsquo;\u00c9quipe<\/li>\n<li><a href=\"https:\/\/news.google.com\/rss\/articles\/CBMi8gFBVV95cUxNTlpLOHdDbFdmWEpsRHhUck5qTGY0LXhRN082VG50YkIwU1MtYndpa3Zia0JPR3lxa0g3VVBpWWE3YkpsbFVfWk9DSGZRZnc4bkFCeklHd1V0dU42RE1qLWxKQ1U1eEZNelh2eUt4MVhfZWJlOS16ZHF2WlduZlU3aDlIWDZULWpYSUtGMDRncHBRTmNkN3VlUGFGT0pMM2pIcHFYMFJQOGtnT3FVVEZkYVZ3eXJ3d19KcXpvTnlCZzNldzhaUjE3UEExWjRNNExrMUlXWjVicnN3d2NXT3lkVFpoeFRiUHRCRVNzYjZIelI1QQ?oc=5\" target=\"_blank\" rel=\"nofollow noopener\">Basket-ball (Boulang\u00e8re Wonderligue) : c\u2019est officiel, le TGB ne jouera pas en premi\u00e8re division la saison prochaine<\/a>&nbsp;&nbsp;NRPyrenees.fr<\/li>\n<li><a href=\"https:\/\/news.google.com\/rss\/articles\/CBMiogJBVV95cUxNdmZYNS1PTy1tcDhzWE1vcFBFcDhyNVFiNTk5VUY1NEhQSnl6QU8yazZLalpOQmZiMDdfWDlaS0FyejNjSGJRMU16ZnZMV1ZFOHdEX2hmeF9GTGw3aWc1UUxyR2YzX2lkMHJ4c0ZjLU9scnY4Yms1cmV6X1NMZmZrWEtuM3JZbkVQRENvTDEyVTFHNllsbUhJempVa2lNbi1kTGhUVWJoTmJ0MWFCNkliZlc1LXBVQXFTemg5NlQ4Sm53dXRPRHZIaUlHY2ZuTnpuUUxGaFlaT2lWVUIyMWQzQ0h0akZYeFZBS0Ezc19kYlJUd3lFbDlwUkpMRlhYU2tDTzFHNnBtLWlnRHRKV1Z5WHhudXRzS0Z6LXI0NHNxbTVyZw?oc=5\" target=\"_blank\" rel=\"nofollow noopener\">Basket\/Wonderligue : Arnaud Marquer, pr\u00e9sident du C&rsquo;Chartres MBF : \u00ab\u00a0On a toujours l\u2019intention d\u2019atteindre le plus haut niveau d\u2019ici trois ans\u00a0\u00bb<\/a>&nbsp;&nbsp;L\u2019\u00c9cho R\u00e9publicain<\/li>\n<li><a href=\"https:\/\/news.google.com\/rss\/articles\/CBMiZ0FVX3lxTE5yUVQyNUV2U3dKM3pmd3hBelIzZ2d6M3plZ25ydDVrUlMxOW5sMDN1WHBZRXpSSjVtYlNkS3FoNWNuWDVwNmk4M1dheXNZZDQ5NmdYYjZpYTdneDQzU1hZWjhCTDZVcVE?oc=5\" target=\"_blank\" rel=\"nofollow noopener\">Basket-ball &#8211; Ligue f\u00e9minine. Les \u00e9chos du CBBS : l&rsquo;Asvel sauv\u00e9e, pas Tarbes<\/a>&nbsp;&nbsp;Le JSL<\/li>\n<\/ol>\n","protected":false},"excerpt":{"rendered":"\u00ab\u00a0Le TGB n&rsquo;est pas mort\u00a0\u00bb : le club de Tarbes r\u00e9agit \u00e0 la d\u00e9cision de la FFBB de&hellip;\n","protected":false},"author":2,"featured_media":1445,"comment_status":"","ping_status":"","sticky":false,"template":"","format":"standard","meta":{"footnotes":""},"categories":[1414],"tags":[1465,1464,1011,27,60],"class_list":{"0":"post-276005","1":"post","2":"type-post","3":"status-publish","4":"format-standard","5":"has-post-thumbnail","7":"category-basket","8":"tag-basket","9":"tag-basketball","10":"tag-fr","11":"tag-france","12":"tag-sports"},"share_on_mastodon":{"url":"https:\/\/pubeurope.com\/@fr\/114921544275967304","error":""},"_links":{"self":[{"href":"https:\/\/www.europesays.com\/fr\/wp-json\/wp\/v2\/posts\/276005","targetHints":{"allow":["GET"]}}],"collection":[{"href":"https:\/\/www.europesays.com\/fr\/wp-json\/wp\/v2\/posts"}],"about":[{"href":"https:\/\/www.europesays.com\/fr\/wp-json\/wp\/v2\/types\/post"}],"author":[{"embeddable":true,"href":"https:\/\/www.europesays.com\/fr\/wp-json\/wp\/v2\/users\/2"}],"replies":[{"embeddable":true,"href":"https:\/\/www.europesays.com\/fr\/wp-json\/wp\/v2\/comments?post=276005"}],"version-history":[{"count":0,"href":"https:\/\/www.europesays.com\/fr\/wp-json\/wp\/v2\/posts\/276005\/revisions"}],"wp:featuredmedia":[{"embeddable":true,"href":"https:\/\/www.europesays.com\/fr\/wp-json\/wp\/v2\/media\/1445"}],"wp:attachment":[{"href":"https:\/\/www.europesays.com\/fr\/wp-json\/wp\/v2\/media?parent=276005"}],"wp:term":[{"taxonomy":"category","embeddable":true,"href":"https:\/\/www.europesays.com\/fr\/wp-json\/wp\/v2\/categories?post=276005"},{"taxonomy":"post_tag","embeddable":true,"href":"https:\/\/www.europesays.com\/fr\/wp-json\/wp\/v2\/tags?post=276005"}],"curies":[{"name":"wp","href":"https:\/\/api.w.org\/{rel}","templated":true}]}}