{"id":276006,"date":"2025-07-26T20:59:17","date_gmt":"2025-07-26T20:59:17","guid":{"rendered":"https:\/\/www.europesays.com\/fr\/276006\/"},"modified":"2025-07-26T20:59:17","modified_gmt":"2025-07-26T20:59:17","slug":"un-contrat-pour-le-motogp-jusquen-2030","status":"publish","type":"post","link":"https:\/\/www.europesays.com\/fr\/276006\/","title":{"rendered":"un contrat pour le MotoGP jusqu&rsquo;en 2030"},"content":{"rendered":"<p>AKARTA &#8211; MotoGP a officiellement confirm\u00e9 la signature d\u2019un nouveau contrat de cinq ans pour maintenir la course du Grand Prix du Japon sur le circuit de Mo Azad jusqu\u2019en 2030.<\/p>\n<p>MotoGP a pr\u00e9sent\u00e9 cette certitude dans un communiqu\u00e9 sur leur site officiel. Ils veulent \u00e9galement s\u2019assurer que le calendrier 2026 sera bient\u00f4t annonc\u00e9.<\/p>\n<p>in \u00ab Le MotoGP reviendra \u00e0 Moye en 2030. Le Japon est un march\u00e9 \u00e9tabli et important pour ce sport avec une base de fans connue du monde entier pour son engagement et son passion envers le MotoGP \u00bb, a \u00e9crit le MotoGP.<\/p>\n<p>Honda fait partie du calendrier MotoGP depuis 2004. Cependant, la piste a organis\u00e9 pour la premi\u00e8re fois le Grand Prix du Japon en 1999.<\/p>\n<p>castique : le circuit de Moeda a \u00e9t\u00e9 choisi pour remplacer le circuit de Suzuka comme principal site apr\u00e8s l&rsquo;accident qui a tu\u00e9 Daijiro Kato en 2003.<\/p>\n<p>Moaning est enregistr\u00e9 pour accueillir le Grand Prix du Japon chaque ann\u00e9e depuis 2004, sauf en 2020 et 2021 en raison de la pand\u00e9mie de Covid-19 qui interf\u00e8re avec de nombreux \u00e9v\u00e9nements sportifs \u00e0 l\u2019\u00e9poque.<\/p>\n<p>\u00ab Le Japon est important pour le MotoGP. Moaning a toujours pr\u00e9sent\u00e9 un spectacle fantastique et est une r\u00e9f\u00e9rence dans son calendrier de mise en \u0153uvre \u00bb, a d\u00e9clar\u00e9 Carmelo Ezpeleta, PDG de Dorna.<\/p>\n<p>MotoGP pr\u00e9pare actuellement une annonce compl\u00e8te du calendrier de la saison 2026. Moaning est automatiquement inclus dans l\u2019un des Grands Prix.<\/p>\n<p>The English, Chinese, Japanese, Arabic, and French versions are automatically generated by the AI. So there may still be inaccuracies in translating, please always see Indonesian as our main language.<br \/>\n                                    (system supported by DigitalSiber.id)<\/p>\n","protected":false},"excerpt":{"rendered":"AKARTA &#8211; MotoGP a officiellement confirm\u00e9 la signature d\u2019un nouveau contrat de cinq ans pour maintenir la course&hellip;\n","protected":false},"author":2,"featured_media":276007,"comment_status":"","ping_status":"","sticky":false,"template":"","format":"standard","meta":{"footnotes":""},"categories":[1413],"tags":[5436,41545,1011,27,1457,1456,1458,41544,60],"class_list":{"0":"post-276006","1":"post","2":"type-post","3":"status-publish","4":"format-standard","5":"has-post-thumbnail","7":"category-moto","8":"tag-ar","9":"tag-circuit-de-moaning","10":"tag-fr","11":"tag-france","12":"tag-moto","13":"tag-motocycle","14":"tag-motogp","15":"tag-motogp-japon","16":"tag-sports"},"share_on_mastodon":{"url":"https:\/\/pubeurope.com\/@fr\/114921548232494918","error":""},"_links":{"self":[{"href":"https:\/\/www.europesays.com\/fr\/wp-json\/wp\/v2\/posts\/276006","targetHints":{"allow":["GET"]}}],"collection":[{"href":"https:\/\/www.europesays.com\/fr\/wp-json\/wp\/v2\/posts"}],"about":[{"href":"https:\/\/www.europesays.com\/fr\/wp-json\/wp\/v2\/types\/post"}],"author":[{"embeddable":true,"href":"https:\/\/www.europesays.com\/fr\/wp-json\/wp\/v2\/users\/2"}],"replies":[{"embeddable":true,"href":"https:\/\/www.europesays.com\/fr\/wp-json\/wp\/v2\/comments?post=276006"}],"version-history":[{"count":0,"href":"https:\/\/www.europesays.com\/fr\/wp-json\/wp\/v2\/posts\/276006\/revisions"}],"wp:featuredmedia":[{"embeddable":true,"href":"https:\/\/www.europesays.com\/fr\/wp-json\/wp\/v2\/media\/276007"}],"wp:attachment":[{"href":"https:\/\/www.europesays.com\/fr\/wp-json\/wp\/v2\/media?parent=276006"}],"wp:term":[{"taxonomy":"category","embeddable":true,"href":"https:\/\/www.europesays.com\/fr\/wp-json\/wp\/v2\/categories?post=276006"},{"taxonomy":"post_tag","embeddable":true,"href":"https:\/\/www.europesays.com\/fr\/wp-json\/wp\/v2\/tags?post=276006"}],"curies":[{"name":"wp","href":"https:\/\/api.w.org\/{rel}","templated":true}]}}