{"id":276022,"date":"2025-07-26T21:08:24","date_gmt":"2025-07-26T21:08:24","guid":{"rendered":"https:\/\/www.europesays.com\/fr\/276022\/"},"modified":"2025-07-26T21:08:24","modified_gmt":"2025-07-26T21:08:24","slug":"il-y-a-pres-de-20-ans-les-gens-sortaient-du-cinema-en-raison-dune-scene-tragique-de-ce-film-de-science-fiction","status":"publish","type":"post","link":"https:\/\/www.europesays.com\/fr\/276022\/","title":{"rendered":"Il y a pr\u00e8s de 20 ans, les gens sortaient du cin\u00e9ma en raison d\u2019une sc\u00e8ne tragique de ce film de science-fiction"},"content":{"rendered":"<p>Certains films laissent leur empreinte dans les m\u00e9moires pour de bonnes raisons, ou parfois \u00e0 cause de sc\u00e8nes tellement intenses qu&rsquo;elles poussent les spectateurs \u00e0 quitter la salle. On se rappelle de la sc\u00e8ne insoutenable de <a href=\"https:\/\/www.programme-tv.net\/biographie\/408-bellucci-monica\/\" data-link-people=\"c8a43b49-0560-431d-ac67-652d928c5484\" target=\"_blank\" rel=\"noopener\">Monica Bellucci<\/a>, <a href=\"https:\/\/www.programme-tv.net\/news\/cinema\/325964-monica-bellucci-cette-crainte-quelle-a-eue-sur-le-tournage-du-film-polemique-irreversible-avec-son-ex-mari-vincent-cassel\/\" data-api-deeplink=\"teleloisirs:\/\/news\/325964\" target=\"_blank\" rel=\"noopener\">qui avait une crainte pendant le film,<\/a> dans Irr\u00e9versible de Gaspard No\u00e9 ou la sc\u00e8ne dite du \u00ab\u00a0chestburster\u00a0\u00bb (en fran\u00e7ais \u00ab\u00a0\u00e9clateur de torse\u00a0\u00bb) d\u2019Alien qui a marqu\u00e9 toute une g\u00e9n\u00e9ration et est devenue iconique. Un film de science-fiction plus r\u00e9cent, sorti en 2007, a  d\u00e9clench\u00e9 une r\u00e9action collective lors d&rsquo;une s\u00e9quence tragique. En effet, en la visionnant, des spectateurs ont quitt\u00e9 la salle. En cause ? l&rsquo;un des personnages principaux, un chien, est tu\u00e9. Il s\u2019agit de <b>Je suis une l\u00e9gende<\/b>, disponible sur <a href=\"https:\/\/www.programme-tv.net\/guide-netflix\/\" target=\"_blank\" rel=\"noopener\">la plateforme de streaming Netflix<\/a>, avec Will Smith. \u00ab\u00a0Je suis une l\u00e9gende n&rsquo;a jamais \u00e9t\u00e9 bien re\u00e7u aux projections tests parce qu&rsquo;on a tu\u00e9 Sam. Les gens quittaient les salles quand ce chien meurt\u00a0\u00bb, a d\u00e9clar\u00e9 le sc\u00e9nariste Akiva Goldsman au Hollywood Reporter. Ce film, dont <a href=\"https:\/\/www.programme-tv.net\/news\/cinema\/341946-son-personnage-est-mort-mais-will-smith-reviendra-dans-la-suite-de-ce-film-de-science-fiction\/\" data-api-deeplink=\"teleloisirs:\/\/news\/341946\" target=\"_blank\" rel=\"noopener\">une suite serait en pr\u00e9paration<\/a>, raconte l&rsquo;histoire du seul survivant d&rsquo;une \u00e9pid\u00e9mie humaine. Tous les autres sont soit morts, soit infect\u00e9s par un virus qui les a transform\u00e9s en monstres.<\/p>\n<p>                        Je suis une l\u00e9gende : la mort de Sam a fait fuir les spectateurs<\/p>\n<p>Dans le long-m\u00e9trage, Robert Neville (Will Smith) a pour seule compagnie son chien, Sam, un fid\u00e8le berger allemand. Mais lorsque Sam est mordue et infect\u00e9e, Neville est contraint d\u2019agir et de l\u2019euthanasier dans une sc\u00e8ne bouleversante. Afin de pr\u00e9server le public, la mise en sc\u00e8ne ne montre pas l\u2019acte puisque la cam\u00e9ra reste focalis\u00e9e sur le visage de Will Smith. On entend seulement le bruit des pattes de l\u2019animal grattant le sol jusqu\u2019\u00e0 ce qu\u2019il s\u2019arr\u00eate, puis le son des respirations haletantes qui s\u2019\u00e9teignent. Une mise en sc\u00e8ne forte qui a n\u00e9anmoins choqu\u00e9 les spectateurs.<\/p>\n<p>Je suis une l\u00e9gende : Will Smith \u00e9voque cette sc\u00e8ne difficile<\/p>\n<p>Pour pouvoir inclure une sc\u00e8ne si forte dans le film, le sc\u00e9nariste et Will Smith ont d\u00fb aller pitcher l\u2019id\u00e9e aupr\u00e8s de Warner Bros. Probl\u00e8me, Alan Horn, le dirigeant de l\u2019\u00e9poque, avait quatre photos de bergers allemands dans son bureau et leur a expliqu\u00e9 qu\u2019il venait d\u2019en perdre un, a racont\u00e9 le com\u00e9dien. Une fois l\u2019id\u00e9e annonc\u00e9e, elle n&rsquo;a pas du tout plu, Alan Horn pleurant m\u00eame \u00e0 l\u2019\u00e9vocation de la mort de Sam et indiquant \u00e0 ses interlocuteurs que la star du film tuant un chien ne passerait jamais aupr\u00e8s du public.<\/p>\n<p>C\u2019est alors qu\u2019Akiva Goldsman a eu l\u2019id\u00e9e de la mise en sc\u00e8ne. \u00ab\u00a0Il a trouv\u00e9 le juste milieu, artistiquement et cr\u00e9ativement, pour faire passer l&rsquo;id\u00e9e sans d\u00e9vaster le public\u00a0\u00bb, a not\u00e9 <a href=\"https:\/\/www.programme-tv.net\/news\/evenement\/disney-plus-streaming\/336554-will-smith-a-rapporte-plus-de-9-milliards-de-dollars-au-box-office-voici-ses-plus-gros-succes\/\" data-api-deeplink=\"teleloisirs:\/\/news\/336554\" target=\"_blank\" rel=\"noopener\">l&rsquo;acteur qui a rapport\u00e9 pr\u00e8s de 9 milliards de dollars avec ses films<\/a>. Malgr\u00e9 cette sc\u00e8ne qui a boulevers\u00e9 les gens, Je suis une l\u00e9gende a \u00e9t\u00e9 un vrai succ\u00e8s puisqu\u2019il a rapport\u00e9 585 millions de dollars au box-office.<\/p>\n<p>Article \u00e9crit avec la collaboration de 6Medias<\/p>\n","protected":false},"excerpt":{"rendered":"Certains films laissent leur empreinte dans les m\u00e9moires pour de bonnes raisons, ou parfois \u00e0 cause de sc\u00e8nes&hellip;\n","protected":false},"author":2,"featured_media":276023,"comment_status":"","ping_status":"","sticky":false,"template":"","format":"standard","meta":{"footnotes":""},"categories":[1354],"tags":[244,58,59,1346,1011,27,41546,1360,127,1722,129,33623],"class_list":{"0":"post-276022","1":"post","2":"type-post","3":"status-publish","4":"format-standard","5":"has-post-thumbnail","7":"category-films","8":"tag-commentaire","9":"tag-divertissement","10":"tag-entertainment","11":"tag-films","12":"tag-fr","13":"tag-france","14":"tag-je-suis-une-lu00e9gende","15":"tag-movies","16":"tag-netflix","17":"tag-pub-streaming-netflix","18":"tag-svod","19":"tag-will-smith"},"share_on_mastodon":{"url":"https:\/\/pubeurope.com\/@fr\/114921583561804238","error":""},"_links":{"self":[{"href":"https:\/\/www.europesays.com\/fr\/wp-json\/wp\/v2\/posts\/276022","targetHints":{"allow":["GET"]}}],"collection":[{"href":"https:\/\/www.europesays.com\/fr\/wp-json\/wp\/v2\/posts"}],"about":[{"href":"https:\/\/www.europesays.com\/fr\/wp-json\/wp\/v2\/types\/post"}],"author":[{"embeddable":true,"href":"https:\/\/www.europesays.com\/fr\/wp-json\/wp\/v2\/users\/2"}],"replies":[{"embeddable":true,"href":"https:\/\/www.europesays.com\/fr\/wp-json\/wp\/v2\/comments?post=276022"}],"version-history":[{"count":0,"href":"https:\/\/www.europesays.com\/fr\/wp-json\/wp\/v2\/posts\/276022\/revisions"}],"wp:featuredmedia":[{"embeddable":true,"href":"https:\/\/www.europesays.com\/fr\/wp-json\/wp\/v2\/media\/276023"}],"wp:attachment":[{"href":"https:\/\/www.europesays.com\/fr\/wp-json\/wp\/v2\/media?parent=276022"}],"wp:term":[{"taxonomy":"category","embeddable":true,"href":"https:\/\/www.europesays.com\/fr\/wp-json\/wp\/v2\/categories?post=276022"},{"taxonomy":"post_tag","embeddable":true,"href":"https:\/\/www.europesays.com\/fr\/wp-json\/wp\/v2\/tags?post=276022"}],"curies":[{"name":"wp","href":"https:\/\/api.w.org\/{rel}","templated":true}]}}