{"id":276028,"date":"2025-07-26T21:12:12","date_gmt":"2025-07-26T21:12:12","guid":{"rendered":"https:\/\/www.europesays.com\/fr\/276028\/"},"modified":"2025-07-26T21:12:12","modified_gmt":"2025-07-26T21:12:12","slug":"voici-ou-et-quand-observer-les-pluies-detoiles-filantes-en-lorraine","status":"publish","type":"post","link":"https:\/\/www.europesays.com\/fr\/276028\/","title":{"rendered":"voici o\u00f9 et quand observer les pluies d&rsquo;\u00e9toiles filantes en Lorraine"},"content":{"rendered":"<p>Des dizaines\u00a0d&rsquo;\u00e9toiles filantes qui traverseront le ciel chaque heure\u00a0! Le spectacle c\u00e9leste sera assur\u00e9ment au rendez-vous\u00a0le\u00a01er, 2 et 3 ao\u00fbt, pour les nuits des \u00e9toiles 2025.<\/p>\n<p>D&rsquo;ordinaire, l&rsquo;\u00e9v\u00e9nement organis\u00e9 par les astronomes co\u00efncide avec\u00a0l&rsquo;apoth\u00e9ose des Pers\u00e9ides, <a href=\"https:\/\/www.estrepublicain.fr\/science-et-technologie\/2024\/07\/20\/perseides-les-pluies-d-etoiles-filantes-vont-illuminer-le-ciel-de-lorraine-et-franche-comte-cet-ete\" target=\"_blank\" rel=\"noopener\">ces\u00a0<\/a><a href=\"https:\/\/www.estrepublicain.fr\/science-et-technologie\/2024\/07\/20\/perseides-les-pluies-d-etoiles-filantes-vont-illuminer-le-ciel-de-lorraine-et-franche-comte-cet-ete\" target=\"_blank\" rel=\"noopener\">pluies d&rsquo;\u00e9toiles filantes qui\u00a0illuminent le ciel de la mi-juillet \u00e0 la fin ao\u00fbt<\/a>. Cette ann\u00e9e,\u00a0le pic le plus intense est attendu aux alentours de la nuit du 11 au 12 ao\u00fbt. Cependant, en raison notamment d&rsquo;une pleine lune pr\u00e9vue aux m\u00eames dates dont la brillance risque fort d&rsquo;\u00e9clipser les m\u00e9t\u00e9ores, les nuits des \u00e9toiles ont \u00e9t\u00e9 d\u00e9cal\u00e9es pour faciliter l&rsquo;observation des \u00e9toiles.<\/p>\n<p>La pluie d&rsquo;\u00e9toiles filantes sera donc moins spectaculaire cette ann\u00e9e, mais, si les conditions sont r\u00e9unies, il sera tout de m\u00eame possible d&rsquo;observer des \u00e9toiles filantes le week-end du\u00a02 ao\u00fbt. Pour guider votre observation, de nombreuses manifestations\u00a0sont organis\u00e9es en Lorraine.\u00a0<\/p>\n<p>  Meurthe-et-Moselle<\/p>\n<p><strong><a href=\"https:\/\/www.estrepublicain.fr\/p\/colline-de-sion\" target=\"_blank\" rel=\"noopener\">Colline de Sion<\/a><\/strong>\u00a0: le 2 ao\u00fbt \u00e0 partir de 15 h.\u00a0Apr\u00e8s-midi et soir\u00e9e d\u2019animations, d\u2019observations et de conf\u00e9rences pour d\u00e9couvrir l\u2019astronomie en famille.<\/p>\n<p><strong>Villers-la-Montagne <\/strong>: le 2 et 3 ao\u00fbt.\u00a0Week-end festif \u00e0 l&rsquo;ouvrage A5 Bois du Four Ligne Maginot.\u00a0Samedi, pr\u00e9sence du club astronomie de Longwy pour d\u00e9couvrir le ciel de Lorraine jusqu&rsquo;\u00e0 minuit.\u00a0<\/p>\n<p><strong>Choloy-Menillot\u00a0<\/strong>: le samedi 26 juillet \u00e0 21 h 30. L&rsquo;Association Touloise d\u2019Astronomie propose une observation au t\u00e9lescope lors d&rsquo;un \u00e9v\u00e9nement gratuit sur r\u00e9servation.<\/p>\n<p>  Vosges<\/p>\n<p><strong>Au Plan\u00e9tarium d&rsquo;Epinal :<\/strong> du 1er au 3\u00a0ao\u00fbt. Vendredi\u00a01er et dimanche\u00a03 : de\u00a020 h \u00e0 23 h, s\u00e9ances de plan\u00e9tarium toutes les 30 min et observation du ciel au t\u00e9lescope. Samedi 2 :\u00a0food-truck, guinguette, observation du ciel et du soleil, concert de violoncelle sous les \u00e9toiles. Ev\u00e9nement gratuit, ouvert \u00e0 tous, et sans r\u00e9servation.<\/p>\n<p><strong>Martigny-les-Gerbonvaux<\/strong>\u00a0: le\u00a01er ao\u00fbt \u00e0 partir de 16 h.\u00a0Au groupe scolaire des 4 vents.<\/p>\n<p><strong>Frapelle\u00a0<\/strong>:\u00a0le\u00a02 ao\u00fbt \u00e0 partir de 17 h. A partir de 17 h\u00a0: observation du soleil, 20 h 30 : conf\u00e9rence en plein air, de 21\u00a0h 30\u00a0\u00e0 minuit\u00a0: observation avec les membres du club.<\/p>\n<p><strong>Laveline du Houx\u00a0: <\/strong>le 16 ao\u00fbt \u00e0 partir de 15 h.\u00a0Observation du soleil (R\u00e2) dans l&rsquo;apr\u00e8s-midi, suivi de l&rsquo;observation des astres. Buvette et restauration.<\/p>\n<p>\u00a0<\/p>\n<p>  Moselle<\/p>\n<p><strong>Buding\u00a0<\/strong>: le\u00a01er ao\u00fbt d\u00e8s\u00a020 h. Le club d&rsquo;astronomie de Thionville propose une soir\u00e9e d&rsquo;observation du ciel nocturne dans le parc de la Canner. Guinguette avec restauration.<\/p>\n<p><strong>Plaine de Walsch<\/strong>\u00a0: les 1er et\u00a02 ao\u00fbt \u00e0 partir de 20 h.\u00a0Le club d&rsquo;Astronomie du Pays de Sarrebourg (Albir\u00e9o 57) propose une d\u00e9couverte des constellations au moyen de pointeur laser et une observation des merveilles du ciel \u00e9toil\u00e9. Buvette et petite restauration.<\/p>\n<p><strong>Malancourt-la-Montagne<\/strong>\u00a0:\u00a0le\u00a02 ao\u00fbt \u00e0 partir de 19 h.\u00a0Observation astronomique anim\u00e9e par le club d&rsquo;astronomie d&rsquo;Amn\u00e9ville-l\u00e8s-Thermes avec des t\u00e9lescopes mis \u00e0 disposition au stade de foot. Buvette et restauration sur place.<\/p>\n<p><strong>Kanfen<\/strong>\u00a0: le 2 ao\u00fbt \u00e0 partir de 20 h 30.\u00a0Le club d&rsquo;astronomie de Thionville propose une soir\u00e9e d&rsquo;observation du ciel nocturne\u00a0sur le parking de covoiturage.<\/p>\n<p><strong>Florange\u00a0<\/strong>: le\u00a02 ao\u00fbt \u00e0 partir de 21 h. Soir\u00e9e d&rsquo;observation aux t\u00e9lescopes, pour tout public, gratuit. Au complexe de B\u00e9tange \u00e0 Florange sur le terrain de foot.<\/p>\n<p><strong>Hambach<\/strong>\u00a0: le 9 ao\u00fbt \u00e0 partir de 15 h.\u00a0Observation du ciel \u00e0 la nuit tomb\u00e9e (si conditions m\u00e9t\u00e9o favorables) et nombreuses animations en journ\u00e9e au gymnase avec les clubs Longevue, Sirius et Polaris, ainsi que l&rsquo;amicale des pompiers.<\/p>\n<p><strong>Sarralbe\u00a0<\/strong>: le\u00a022 ao\u00fbt \u00e0 partir de 19 h. Nuit des \u00e9toiles avec les clubs Polaris, Longevue et Sirius au belv\u00e9d\u00e8re du Knopp. Observation en musique avec la violoncelliste Sarah Tanguy.<\/p>\n<p>\u00a0<\/p>\n","protected":false},"excerpt":{"rendered":"Des dizaines\u00a0d&rsquo;\u00e9toiles filantes qui traverseront le ciel chaque heure\u00a0! Le spectacle c\u00e9leste sera assur\u00e9ment au rendez-vous\u00a0le\u00a01er, 2 et&hellip;\n","protected":false},"author":2,"featured_media":276029,"comment_status":"","ping_status":"","sticky":false,"template":"","format":"standard","meta":{"footnotes":""},"categories":[7],"tags":[3600,12163,3602,1707,1704,1706,1705,10174,107,1011,27,31022,20065,11209,3456,43,40,767,41,39,273,42,44],"class_list":{"0":"post-276028","1":"post","2":"type-post","3":"status-publish","4":"format-standard","5":"has-post-thumbnail","7":"category-sciences-et-technologies","8":"tag-bar-le-duc","9":"tag-data","10":"tag-edition-bar-le-duc","11":"tag-edition-luneville","12":"tag-edition-nancy-et-agglomeration","13":"tag-edition-pont-a-mousson","14":"tag-edition-toul","15":"tag-edition-verdun","16":"tag-fil-info","17":"tag-fr","18":"tag-france","19":"tag-le-guide-de-lete-lorraine","20":"tag-magazine-tourisme-et-patrimoine","21":"tag-meuse","22":"tag-region-lorraine","23":"tag-science","24":"tag-science-and-technology","25":"tag-science-et-technologie","26":"tag-sciences","27":"tag-sciences-et-technologies","28":"tag-selection-de-la-redaction","29":"tag-technologies","30":"tag-technology"},"share_on_mastodon":{"url":"https:\/\/pubeurope.com\/@fr\/114921599319308727","error":""},"_links":{"self":[{"href":"https:\/\/www.europesays.com\/fr\/wp-json\/wp\/v2\/posts\/276028","targetHints":{"allow":["GET"]}}],"collection":[{"href":"https:\/\/www.europesays.com\/fr\/wp-json\/wp\/v2\/posts"}],"about":[{"href":"https:\/\/www.europesays.com\/fr\/wp-json\/wp\/v2\/types\/post"}],"author":[{"embeddable":true,"href":"https:\/\/www.europesays.com\/fr\/wp-json\/wp\/v2\/users\/2"}],"replies":[{"embeddable":true,"href":"https:\/\/www.europesays.com\/fr\/wp-json\/wp\/v2\/comments?post=276028"}],"version-history":[{"count":0,"href":"https:\/\/www.europesays.com\/fr\/wp-json\/wp\/v2\/posts\/276028\/revisions"}],"wp:featuredmedia":[{"embeddable":true,"href":"https:\/\/www.europesays.com\/fr\/wp-json\/wp\/v2\/media\/276029"}],"wp:attachment":[{"href":"https:\/\/www.europesays.com\/fr\/wp-json\/wp\/v2\/media?parent=276028"}],"wp:term":[{"taxonomy":"category","embeddable":true,"href":"https:\/\/www.europesays.com\/fr\/wp-json\/wp\/v2\/categories?post=276028"},{"taxonomy":"post_tag","embeddable":true,"href":"https:\/\/www.europesays.com\/fr\/wp-json\/wp\/v2\/tags?post=276028"}],"curies":[{"name":"wp","href":"https:\/\/api.w.org\/{rel}","templated":true}]}}