{"id":276034,"date":"2025-07-26T21:15:20","date_gmt":"2025-07-26T21:15:20","guid":{"rendered":"https:\/\/www.europesays.com\/fr\/276034\/"},"modified":"2025-07-26T21:15:20","modified_gmt":"2025-07-26T21:15:20","slug":"a-dijon-le-scepticisme-persiste-malgre-lannonce-de-macron","status":"publish","type":"post","link":"https:\/\/www.europesays.com\/fr\/276034\/","title":{"rendered":"\u00e0 Dijon, le scepticisme persiste malgr\u00e9 l\u2019annonce de Macron"},"content":{"rendered":"<p>Ils sont l\u00e0 tous les samedis, sans exception, depuis le mois d\u2019octobre\u00a02023 et l\u2019attaque militaire d\u2019Isra\u00ebl contre Gaza. M\u00eame en plein c\u0153ur de l\u2019\u00e9t\u00e9, Collectif 21, pour une paix juste et durable entre Isra\u00e9liens et Palestiniens, a honor\u00e9 son rendez-vous de 15 heures, sur la place Darcy \u00e0 Dijon. Ce samedi 26\u00a0juillet, ils ont suivi le dress code \u201cligne rouge\u201d mis en place dans plusieurs villes fran\u00e7aises pour d\u00e9noncer une \u00ab\u00a0catastrophe humanitaire [\u2026] et la campagne g\u00e9nocidaire et d\u2019\u00e9puration \u00e9thique\u00a0\u00bb observ\u00e9e sur ces territoires.<\/p>\n<p>  \u00ab\u00a0Des paroles absolument suivies d\u2019aucun fait\u00a0\u00bb<\/p>\n<p>Pourtant, les r\u00e9centes d\u00e9clarations du Pr\u00e9sident fran\u00e7ais Emmanuel Macron, qui assurera en septembre prochain \u00e0 l\u2019ONU la reconnaissance d\u2019un \u00c9tat palestinien, ne soulagent pas les manifestants. \u00ab\u00a0Je crois qu\u2019il l\u2019a d\u00e9j\u00e0 dit il y a sept ans, et puis il y a six mois. Ce ne sont que des paroles absolument suivies d\u2019aucun fait\u00a0\u00bb, commentent les membres du collectif c\u00f4te-d\u2019orien. \u00ab\u00a0Cela a \u00e9t\u00e9 dit pour calmer cet \u00e9lan de contestation qui se met en place cet \u00e9t\u00e9, et puis l\u00e0, on parle jours on parle d\u2019heures. Entre hier soir et ce matin, 27 morts de faim \u00e0 Gaza. Il a attendu trop de temps pour le faire, mais encore faut-il qu\u2019il reste des Palestiniens\u2026 septembre, c\u2019est loin\u00a0\u00bb, poursuivent, d\u2019une m\u00eame voix, nos interlocuteurs. \u00ab\u00a0C\u2019est bien de d\u00e9clarer, oui, mais cela ne suffit plus. Il faut arr\u00eater d\u2019armer, aucune action pour stopper l\u2019annexion n\u2019est r\u00e9ellement prise\u00a0\u00bb, concluent-ils, <a href=\"https:\/\/action.eko.org\/a\/suspendez-l-accord-d-association-ue-israel?source=homepage&amp;fbclid=PAZXh0bgNhZW0CMTEAAadt74y5SsnretXDmCsyd53X9NARa9dE51WY-pOV9l9mQVssjKrUk5eDeDxzyw_aem_8anvLnLXtj5zyeSp7OFD4w\" target=\"_blank\" rel=\"noopener\">appelant les passants \u00e0 signer une p\u00e9tition en ligne<\/a> , appelant les ministres des Affaires \u00e9trang\u00e8res europ\u00e9ens \u00e0 agir.<\/p>\n","protected":false},"excerpt":{"rendered":"Ils sont l\u00e0 tous les samedis, sans exception, depuis le mois d\u2019octobre\u00a02023 et l\u2019attaque militaire d\u2019Isra\u00ebl contre Gaza.&hellip;\n","protected":false},"author":2,"featured_media":276035,"comment_status":"","ping_status":"","sticky":false,"template":"","format":"standard","meta":{"footnotes":""},"categories":[4],"tags":[11,2931,3206,2930,8587,8588,107,1011,27,12,25],"class_list":{"0":"post-276034","1":"post","2":"type-post","3":"status-publish","4":"format-standard","5":"has-post-thumbnail","7":"category-france","8":"tag-actualites","9":"tag-cote-dor","10":"tag-defense-guerre-conflit","11":"tag-dijon","12":"tag-dijon-ville","13":"tag-edition-dijon-et-son-agglomeration","14":"tag-fil-info","15":"tag-fr","16":"tag-france","17":"tag-news","18":"tag-republique-francaise"},"share_on_mastodon":{"url":"https:\/\/pubeurope.com\/@fr\/114921611200084605","error":""},"_links":{"self":[{"href":"https:\/\/www.europesays.com\/fr\/wp-json\/wp\/v2\/posts\/276034","targetHints":{"allow":["GET"]}}],"collection":[{"href":"https:\/\/www.europesays.com\/fr\/wp-json\/wp\/v2\/posts"}],"about":[{"href":"https:\/\/www.europesays.com\/fr\/wp-json\/wp\/v2\/types\/post"}],"author":[{"embeddable":true,"href":"https:\/\/www.europesays.com\/fr\/wp-json\/wp\/v2\/users\/2"}],"replies":[{"embeddable":true,"href":"https:\/\/www.europesays.com\/fr\/wp-json\/wp\/v2\/comments?post=276034"}],"version-history":[{"count":0,"href":"https:\/\/www.europesays.com\/fr\/wp-json\/wp\/v2\/posts\/276034\/revisions"}],"wp:featuredmedia":[{"embeddable":true,"href":"https:\/\/www.europesays.com\/fr\/wp-json\/wp\/v2\/media\/276035"}],"wp:attachment":[{"href":"https:\/\/www.europesays.com\/fr\/wp-json\/wp\/v2\/media?parent=276034"}],"wp:term":[{"taxonomy":"category","embeddable":true,"href":"https:\/\/www.europesays.com\/fr\/wp-json\/wp\/v2\/categories?post=276034"},{"taxonomy":"post_tag","embeddable":true,"href":"https:\/\/www.europesays.com\/fr\/wp-json\/wp\/v2\/tags?post=276034"}],"curies":[{"name":"wp","href":"https:\/\/api.w.org\/{rel}","templated":true}]}}