{"id":276041,"date":"2025-07-26T21:21:21","date_gmt":"2025-07-26T21:21:21","guid":{"rendered":"https:\/\/www.europesays.com\/fr\/276041\/"},"modified":"2025-07-26T21:21:21","modified_gmt":"2025-07-26T21:21:21","slug":"milla-massemin-et-jeanne-roche-stoppees-en-finale-par-des-algues","status":"publish","type":"post","link":"https:\/\/www.europesays.com\/fr\/276041\/","title":{"rendered":"Milla Massemin et Jeanne Roche \u00ab stopp\u00e9es \u00bb en finale&#8230; par des algues"},"content":{"rendered":"<p>   Championnats du monde U23 Jusqu\u2019\u00e0 dimanche, \u00e0 Poznan (POL) <\/p>\n<p>L\u2019aviron est un sport qui peut se r\u00e9v\u00e9ler tr\u00e8s cruel ! Alors qu\u2019elles avaient fait jusqu\u2019ici tr\u00e8s belle impression, et m\u00eame parfaitement n\u00e9goci\u00e9 leur premier \u00ab 1.000 \u00bb, la Nanc\u00e9ienne Milla Massemin et sa partenaire Jeanne Roche ont pris un gros coup sur la coque, samedi apr\u00e8s-midi, <a href=\"https:\/\/www.estrepublicain.fr\/sport\/2025\/07\/25\/mondiaux-u23-milla-massemin-et-jeanne-roche-passent-en-finale\" target=\"_blank\" rel=\"noopener\">en finale du deux de couple.<\/a> Frein\u00e9es selon toute vraisemblance\u2026 par des algues, les deux jeunes femmes, troisi\u00e8mes \u00e0 mi-parcours et bien parties pour disputer un podium, ont finalement conclu leur effort, bonnes derni\u00e8res, tr\u00e8s loin de la t\u00eate de course et d\u2019un bateau grec (qui \u00e9tait le seul \u00e0 les avoir domin\u00e9es jusqu\u2019ici). Forc\u00e9ment rageant.<\/p>\n<p>  Encore une opportunit\u00e9 en huit<\/p>\n<p>\u00c9galement qualifi\u00e9es pour la finale du huit, Milla Massemin et Jeanne Roche ont encore 2.000 m devant elles pour prendre leur revanche (ce dimanche, \u00e0 12h12)\u2026 Une chance qu\u2019a laiss\u00e9 filer le huit masculin du Meusien Victor Martin, bon dernier de sa \u00ab demie \u00bb et revers\u00e9 en finale B (ce dimanche, 10h40).<\/p>\n","protected":false},"excerpt":{"rendered":"Championnats du monde U23 Jusqu\u2019\u00e0 dimanche, \u00e0 Poznan (POL) L\u2019aviron est un sport qui peut se r\u00e9v\u00e9ler tr\u00e8s&hellip;\n","protected":false},"author":2,"featured_media":276042,"comment_status":"","ping_status":"","sticky":false,"template":"","format":"standard","meta":{"footnotes":""},"categories":[9635],"tags":[1111,11,3810,1704,1777,674,1701,1011,27,775,1757,11209,1702,1703,12,25,517,1700,15103,10172,10173],"class_list":{"0":"post-276041","1":"post","2":"type-post","3":"status-publish","4":"format-standard","5":"has-post-thumbnail","7":"category-nancy","8":"tag-actu","9":"tag-actualites","10":"tag-aviron","11":"tag-edition-nancy-et-agglomeration","12":"tag-eu","13":"tag-europe","14":"tag-fil-info-sport","15":"tag-fr","16":"tag-france","17":"tag-grand-est","18":"tag-insolite","19":"tag-meuse","20":"tag-nancy","21":"tag-nancy-ville-54b","22":"tag-news","23":"tag-republique-francaise","24":"tag-sport","25":"tag-sport-lorrain","26":"tag-sports-nautiques","27":"tag-verdun","28":"tag-verdun-ville-55a"},"share_on_mastodon":{"url":"https:\/\/pubeurope.com\/@fr\/114921634720315335","error":""},"_links":{"self":[{"href":"https:\/\/www.europesays.com\/fr\/wp-json\/wp\/v2\/posts\/276041","targetHints":{"allow":["GET"]}}],"collection":[{"href":"https:\/\/www.europesays.com\/fr\/wp-json\/wp\/v2\/posts"}],"about":[{"href":"https:\/\/www.europesays.com\/fr\/wp-json\/wp\/v2\/types\/post"}],"author":[{"embeddable":true,"href":"https:\/\/www.europesays.com\/fr\/wp-json\/wp\/v2\/users\/2"}],"replies":[{"embeddable":true,"href":"https:\/\/www.europesays.com\/fr\/wp-json\/wp\/v2\/comments?post=276041"}],"version-history":[{"count":0,"href":"https:\/\/www.europesays.com\/fr\/wp-json\/wp\/v2\/posts\/276041\/revisions"}],"wp:featuredmedia":[{"embeddable":true,"href":"https:\/\/www.europesays.com\/fr\/wp-json\/wp\/v2\/media\/276042"}],"wp:attachment":[{"href":"https:\/\/www.europesays.com\/fr\/wp-json\/wp\/v2\/media?parent=276041"}],"wp:term":[{"taxonomy":"category","embeddable":true,"href":"https:\/\/www.europesays.com\/fr\/wp-json\/wp\/v2\/categories?post=276041"},{"taxonomy":"post_tag","embeddable":true,"href":"https:\/\/www.europesays.com\/fr\/wp-json\/wp\/v2\/tags?post=276041"}],"curies":[{"name":"wp","href":"https:\/\/api.w.org\/{rel}","templated":true}]}}