{"id":276043,"date":"2025-07-26T21:25:10","date_gmt":"2025-07-26T21:25:10","guid":{"rendered":"https:\/\/www.europesays.com\/fr\/276043\/"},"modified":"2025-07-26T21:25:10","modified_gmt":"2025-07-26T21:25:10","slug":"mhsc-scb-le-montpellier-herault-face-a-bastia-simpose-mais-sans-merite","status":"publish","type":"post","link":"https:\/\/www.europesays.com\/fr\/276043\/","title":{"rendered":"[MHSC-SCB] Le Montpellier H\u00e9rault face \u00e0 Bastia s\u2019impose, mais sans m\u00e9rite"},"content":{"rendered":"<p>Pour son quatri\u00e8me match de pr\u00e9paration, le Montpellier H\u00e9rault se d\u00e9pla\u00e7ait \u00e0 Salon-de-Provence pour y affronter Bastia, autre pensionnaire de Ligue 2. Le r\u00e9sultat est flatteur pour le MHSC, qui s\u2019impose 1-0 sur un p\u00e9nalty, mais la prestation, elle, laisse franchement \u00e0 d\u00e9sirer.<\/p>\n<p>Face \u00e0 une \u00e9quipe bastiaise bien en place, les hommes de Zoumana Camara ont souffert. Domin\u00e9s dans la possession, souvent en retard dans les duels, et peu inspir\u00e9s dans la construction, les Montpelli\u00e9rains n\u2019ont gu\u00e8re montr\u00e9 de signes rassurants \u00e0 moins d\u2019un mois de la reprise. Bastia, plus tranchant, s\u2019est procur\u00e9 les meilleures occasions\u2026 mais sans concr\u00e9tiser. Le tournant du match intervient deuxi\u00e8me mi-temps: Montpellier marque sur p\u00e9nalty, Alexandre Mendy ouvre son compteur but, et Bastia rate le sien, tirant \u00e0 c\u00f4t\u00e9, \u00e0 la toute fin du match.<\/p>\n<p>Une victoire sans briller donc, qui ne doit pas masquer les lacunes encore trop visibles dans le jeu montpelli\u00e9rain. Si l\u2019on sent des intentions claires de la part de Camara \u2013 notamment sur l\u2019organisation d\u00e9fensive et les transitions \u2013 l\u2019ensemble manque encore cruellement de liant et de ma\u00eetrise.<\/p>\n<p>Bien s\u00fbr, une victoire reste toujours bonne \u00e0 prendre, surtout pour le moral. Mais les supporters attendronnt plus pour un club rel\u00e9gu\u00e9 malgr\u00e9 la reconstruction: du jeu, des automatismes, et une vraie mont\u00e9e en puissance. Il reste du temps avant le d\u00e9but du championnat, mais il va falloir vite monter en r\u00e9gime car cela ne passera pas \u00e0 chaque fois.<\/p>\n<p><strong>Compo 1\u00e8re mi-temps<\/strong>: Michel \u2013 Tchato, Jullien, Laporte, Sainte-Luce \u2013 Tour\u00e9, Mouanga \u2013 Mbuku, Fayad, Coulibaly, Mendy<\/p>\n<p><strong>Composition au coup de sifflet final<\/strong>: Michel \u2013 Tchato, El Hannach, Laporte, Jullien, Sainte-Luce \u2013 Chotard, Tour\u00e9 \u2013 Pays, Savanier, Orakpo<\/p>\n","protected":false},"excerpt":{"rendered":"Pour son quatri\u00e8me match de pr\u00e9paration, le Montpellier H\u00e9rault se d\u00e9pla\u00e7ait \u00e0 Salon-de-Provence pour y affronter Bastia, autre&hellip;\n","protected":false},"author":2,"featured_media":276044,"comment_status":"","ping_status":"","sticky":false,"template":"","format":"standard","meta":{"footnotes":""},"categories":[9599],"tags":[328,1111,11,1777,674,1011,27,41547,2208,12,2680,29390,25],"class_list":{"0":"post-276043","1":"post","2":"type-post","3":"status-publish","4":"format-standard","5":"has-post-thumbnail","7":"category-montpellier","8":"tag-a-la-une","9":"tag-actu","10":"tag-actualites","11":"tag-eu","12":"tag-europe","13":"tag-fr","14":"tag-france","15":"tag-mhsc-scb","16":"tag-montpellier","17":"tag-news","18":"tag-occitanie","19":"tag-preparation","20":"tag-republique-francaise"},"share_on_mastodon":{"url":"https:\/\/pubeurope.com\/@fr\/114921650424758238","error":""},"_links":{"self":[{"href":"https:\/\/www.europesays.com\/fr\/wp-json\/wp\/v2\/posts\/276043","targetHints":{"allow":["GET"]}}],"collection":[{"href":"https:\/\/www.europesays.com\/fr\/wp-json\/wp\/v2\/posts"}],"about":[{"href":"https:\/\/www.europesays.com\/fr\/wp-json\/wp\/v2\/types\/post"}],"author":[{"embeddable":true,"href":"https:\/\/www.europesays.com\/fr\/wp-json\/wp\/v2\/users\/2"}],"replies":[{"embeddable":true,"href":"https:\/\/www.europesays.com\/fr\/wp-json\/wp\/v2\/comments?post=276043"}],"version-history":[{"count":0,"href":"https:\/\/www.europesays.com\/fr\/wp-json\/wp\/v2\/posts\/276043\/revisions"}],"wp:featuredmedia":[{"embeddable":true,"href":"https:\/\/www.europesays.com\/fr\/wp-json\/wp\/v2\/media\/276044"}],"wp:attachment":[{"href":"https:\/\/www.europesays.com\/fr\/wp-json\/wp\/v2\/media?parent=276043"}],"wp:term":[{"taxonomy":"category","embeddable":true,"href":"https:\/\/www.europesays.com\/fr\/wp-json\/wp\/v2\/categories?post=276043"},{"taxonomy":"post_tag","embeddable":true,"href":"https:\/\/www.europesays.com\/fr\/wp-json\/wp\/v2\/tags?post=276043"}],"curies":[{"name":"wp","href":"https:\/\/api.w.org\/{rel}","templated":true}]}}