{"id":27605,"date":"2025-04-15T21:18:09","date_gmt":"2025-04-15T21:18:09","guid":{"rendered":"https:\/\/www.europesays.com\/fr\/27605\/"},"modified":"2025-04-15T21:18:09","modified_gmt":"2025-04-15T21:18:09","slug":"le-bresil-a-lhonneur-de-300-evenements-et-expositions-partout-en-france","status":"publish","type":"post","link":"https:\/\/www.europesays.com\/fr\/27605\/","title":{"rendered":"Le Br\u00e9sil \u00e0 l\u2019honneur de 300 \u00e9v\u00e9nements et expositions partout en France"},"content":{"rendered":"<p class=\"editor-content__paragraph\">Cette ann\u00e9e, <strong> le Br\u00e9sil <\/strong>et ses artistes sont \u00e0 l\u2019honneur d\u2019un peu plus de <strong>300\u00a0expositions et \u00e9v\u00e9nements<\/strong> partout en France, dans une cinquantaine de villes.<\/p>\n<p class=\"editor-content__paragraph\">Riche et pluridisciplinaire, cette programmation s\u2019inscrit dans la cadre du <strong>bicentenaire des relations diplomatiques entre les deux pays<\/strong>, et s\u2019articule, selon le co-commissaire de la saison Emilio Kalil, \u00ab\u00a0autour de trois axes majeurs\u00a0: l\u2019environnement, la diversit\u00e9 et la d\u00e9mocratie, tout en mettant en lumi\u00e8re <strong>les liens historiques et culturels<\/strong> entre l\u2019Afrique, le Br\u00e9sil et la France\u00a0\u00bb.<\/p>\n<p class=\"editor-content__paragraph\">Parmi les expositions et r\u00e9trospectives les plus importantes de la saison Br\u00e9sil-France, citons celle du <strong>peintre Lucas Arruda<\/strong> (n\u00e9 en 1983) au mus\u00e9e d\u2019Orsay, ou celle du <strong>plasticien et vid\u00e9aste Jonathas de Andrade<\/strong> (n\u00e9 en 1982) \u00e0 la Commanderie de Peyrassol, tandis que les \u0153uvres de<strong> Jos\u00e9 Ant\u00f4nio da Silva<\/strong> (1909\u20131996) et d\u2019<strong>Ivens Machado<\/strong> (1942\u20132015) feront l\u2019objet d\u2019accrochages, respectivement au mus\u00e9e de Grenoble et au Carr\u00e9 d\u2019art de N\u00eemes. \u00c0 Lyon, le mus\u00e9e des Confluences se penche, quant \u00e0 lui, sur <strong>les cultures d\u2019Amazonie<\/strong>, alors que la Maison Folie Wazemmes de Lille danse au rythme du <strong>funk br\u00e9silien<\/strong>.<\/p>\n<p>Des grands noms de l\u2019art dans une ambiance de carnaval<\/p>\n<p class=\"editor-content__paragraph\">Quelques projets monumentaux sont \u00e9galement \u00e0 noter, dont celui d\u2019<strong>Ernesto Neto<\/strong> (n\u00e9 en 1964) <a href=\"https:\/\/www.beauxarts.com\/lifestyle\/rachid-ouramdane-une-parade-bresilienne-le-grand-palais-dete-devoile-sa-programmation\/\" target=\"_blank\" rel=\"noopener\">au Grand Palais<\/a>, ou celui de<strong> Laura Lima<\/strong> (n\u00e9e en 1971) au Panth\u00e9on. Toujours au Grand Palais, on pourra contempler durant l\u2019\u00e9t\u00e9 de spectaculaires d\u00e9cors emprunt\u00e9s aux chars du <strong>carnaval de Rio<\/strong>. Plus au sud, les <strong>Rencontres d\u2019Arles<\/strong> ne seront pas en reste avec plusieurs expositions, consacr\u00e9es \u00e0 la c\u00e9l\u00e8bre <strong><a href=\"https:\/\/www.beauxarts.com\/expos\/claudia-andujar-la-beaute-fragile-et-surreelle-de-lamazonie\/\" target=\"_blank\" rel=\"noopener\">Claudia Andujar<\/a><\/strong> (n\u00e9e en 1931) ou \u00e0 la photographie moderniste br\u00e9silienne.<\/p>\n<p>    <img loading=\"lazy\" decoding=\"async\" class=\"image__img\" src=\"https:\/\/www.europesays.com\/fr\/wp-content\/uploads\/2025\/04\/web8.-ernesto-neto-nosso-barco-tambor-terra-2024--bruno-lopes-avec-laimable-autorisation-de-lartiste.jpeg\" alt=\"Ernesto Neto, Nosso Barco Tambor Terra\" width=\"964\" height=\"643\"\/><\/p>\n<p>Ernesto Neto, Nosso Barco Tambor Terra, 2024<\/p>\n<p>    i<\/p>\n<p class=\"legende__cartel\">\u00a9 Bruno Lopes, avec l\u2019aimable autorisation de l\u2019artiste et de la Fondation EDP<\/p>\n<p>        \u00c0 lire aussi :<br \/>\n        <a class=\"renvoi-explicite__link\" href=\"https:\/\/www.beauxarts.com\/expos\/claudia-andujar-la-beaute-fragile-et-surreelle-de-lamazonie\/\" target=\"_blank\" rel=\"noopener\">L&rsquo;Amazonie surr\u00e9elle de Claudia Andujar<\/a><\/p>\n<p class=\"editor-content__paragraph\">C\u00f4t\u00e9 <strong>patrimoine<\/strong>, on ira rendre visite du 26\u00a0au 30\u00a0avril \u00e0 la galerie \u00e9ph\u00e9m\u00e8re <strong>Visit Brasil<\/strong>, qui investira la rue Fran\u00e7ois-Miron (4e arrondissement de Paris) avec un programme d\u2019expositions, de rencontres et de tables rondes autour des sites br\u00e9siliens inscrits au patrimoine mondial de l\u2019UNESCO. De son c\u00f4t\u00e9, la Maison de l\u2019Am\u00e9rique latine s\u2019int\u00e9ressera au <strong>\u00ab\u00a0Br\u00e9sil illustr\u00e9\u00a0\u00bb<\/strong> \u00e0 travers la figure de Jean-Baptiste Debret (1768\u20131848), dont <strong>la vision coloniale sera revue et corrig\u00e9e<\/strong> par une quinzaine d\u2019artistes contemporains.<\/p>\n<p>Le Br\u00e9sil c\u00e9l\u00e9br\u00e9 dans des festivals de Toulouse \u00e0 Lyon<\/p>\n<p class=\"editor-content__paragraph\">Parmi les rendez-vous d\u2019arts vivants, on notera <strong>le festival Dialogues en mouvement port\u00e9 par Autres Br\u00e9sils<\/strong> et programm\u00e9 du 12\u00a0au 14\u00a0juin prochain au th\u00e9\u00e2tre de la Concorde, avec des projections, des d\u00e9bats, des performances et des rencontres litt\u00e9raires. Mais aussi le <strong>festival Rio Loco<\/strong> \u00e0 Toulouse, <strong>du 11\u00a0au 15\u00a0juin<\/strong>, qui proposera un programme riche en expositions et en concerts.<\/p>\n<p class=\"editor-content__paragraph\">Les traditionnels<strong> Festival d\u2019Automne<\/strong>, <strong>Biennale de la danse de Lyon<\/strong> ou le festival Paris l\u2019\u00e9t\u00e9 passeront, eux aussi, dans les prochains mois \u00e0 l\u2019heure br\u00e9silienne avec diff\u00e9rents spectacles.<\/p>\n<p>        \u00c0 lire aussi :<br \/>\n        <a class=\"renvoi-explicite__link\" href=\"https:\/\/www.beauxarts.com\/lifestyle\/rachid-ouramdane-une-parade-bresilienne-le-grand-palais-dete-devoile-sa-programmation\/\" target=\"_blank\" rel=\"noopener\">Rachid Ouramdane, une parade br\u00e9silienne&#8230; Le Grand Palais d\u2019\u00e9t\u00e9 d\u00e9voile sa programmation<\/a><\/p>\n<p>  Arrow<\/p>\n<p>Saison Br\u00e9sil-France 2025<\/p>\n<p>Plus d\u2019informations sur les diff\u00e9rents \u00e9v\u00e9nements <a href=\"https:\/\/www.institutfrancais.com\/fr\/offre\/saison-france-bresil-2025\" target=\"_blank\" rel=\"noopener\">sur le site de l\u2019Institut fran\u00e7ais<\/a>.<\/p>\n","protected":false},"excerpt":{"rendered":"Cette ann\u00e9e, le Br\u00e9sil et ses artistes sont \u00e0 l\u2019honneur d\u2019un peu plus de 300\u00a0expositions et \u00e9v\u00e9nements partout&hellip;\n","protected":false},"author":2,"featured_media":27606,"comment_status":"","ping_status":"","sticky":false,"template":"","format":"standard","meta":{"footnotes":""},"categories":[1358],"tags":[1348,1384,1385,9712,9713,1386,58,59,1011,27,1398,9710,9714,9709,9708,9711],"class_list":{"0":"post-27605","1":"post","2":"type-post","3":"status-publish","4":"format-standard","5":"has-post-thumbnail","7":"category-arts-et-design","8":"tag-arts","9":"tag-arts-and-design","10":"tag-arts-et-design","11":"tag-carre-dart-musee-dart-contemporain-de-nimes","12":"tag-commanderie-de-peyrassol","13":"tag-design","14":"tag-divertissement","15":"tag-entertainment","16":"tag-fr","17":"tag-france","18":"tag-grand-palais","19":"tag-maison-de-lamerique-latine-paris","20":"tag-maison-folie-wazemmes","21":"tag-musee-de-grenoble","22":"tag-musee-des-confluences","23":"tag-pantheon"},"share_on_mastodon":{"url":"https:\/\/pubeurope.com\/@fr\/114344071307581197","error":""},"_links":{"self":[{"href":"https:\/\/www.europesays.com\/fr\/wp-json\/wp\/v2\/posts\/27605","targetHints":{"allow":["GET"]}}],"collection":[{"href":"https:\/\/www.europesays.com\/fr\/wp-json\/wp\/v2\/posts"}],"about":[{"href":"https:\/\/www.europesays.com\/fr\/wp-json\/wp\/v2\/types\/post"}],"author":[{"embeddable":true,"href":"https:\/\/www.europesays.com\/fr\/wp-json\/wp\/v2\/users\/2"}],"replies":[{"embeddable":true,"href":"https:\/\/www.europesays.com\/fr\/wp-json\/wp\/v2\/comments?post=27605"}],"version-history":[{"count":0,"href":"https:\/\/www.europesays.com\/fr\/wp-json\/wp\/v2\/posts\/27605\/revisions"}],"wp:featuredmedia":[{"embeddable":true,"href":"https:\/\/www.europesays.com\/fr\/wp-json\/wp\/v2\/media\/27606"}],"wp:attachment":[{"href":"https:\/\/www.europesays.com\/fr\/wp-json\/wp\/v2\/media?parent=27605"}],"wp:term":[{"taxonomy":"category","embeddable":true,"href":"https:\/\/www.europesays.com\/fr\/wp-json\/wp\/v2\/categories?post=27605"},{"taxonomy":"post_tag","embeddable":true,"href":"https:\/\/www.europesays.com\/fr\/wp-json\/wp\/v2\/tags?post=27605"}],"curies":[{"name":"wp","href":"https:\/\/api.w.org\/{rel}","templated":true}]}}