{"id":276059,"date":"2025-07-26T21:38:15","date_gmt":"2025-07-26T21:38:15","guid":{"rendered":"https:\/\/www.europesays.com\/fr\/276059\/"},"modified":"2025-07-26T21:38:15","modified_gmt":"2025-07-26T21:38:15","slug":"info-routes-de-nombreux-ralentissements-et-bouchons-ce-samedi-26-juillet-en-loire-atlantique-2","status":"publish","type":"post","link":"https:\/\/www.europesays.com\/fr\/276059\/","title":{"rendered":"Info routes\u00a0: de nombreux ralentissements et bouchons ce samedi 26\u00a0juillet en Loire-Atlantique"},"content":{"rendered":"<p>Des bouchons et ralentissements sont observ\u00e9s ce samedi 26\u00a0juillet 2025, journ\u00e9e class\u00e9e rouge par Bison fut\u00e9 dans le sens des d\u00e9parts.<\/p>\n<p>En France, les points tendus sont multiples\u00a0: \u00a0Ces difficult\u00e9s sont concentr\u00e9es en direction de la province et on rel\u00e8ve 100\u00a0kilom\u00e8tres de bouchons cumul\u00e9s \u00e0 14\u00a0h\u00a030\u00a0. Parmi ces bouchons, il est cit\u00e9 notamment \u00a0la N165 (d\u00e9partement 44), entre Sautron et Malville sens Nantes vers Vannes a enregistr\u00e9 14\u00a0kilom\u00e8tres de bouchon\/ralentissement, la N165   (d\u00e9partement 56) sens Nantes vers Brest entre Theix et Vannes avec un bouchon d\u2019environ 8\u00a0kilom\u00e8tres, la N165 (d\u00e9partement 56) sens Nantes vers Brest \u00e0 Caudan un bouchon d\u2019environ 5\u00a0kilom\u00e8tres\u00a0. <\/p>\n<p>?<strong>\u00c0 LIRE AUSSI\u00a0:<a href=\"https:\/\/rennes.maville.com\/actu\/actudet_-infos-routes-un-week-end-de-fin-juillet-2025-tres-complique-en-loire-atlantique-_53511-6913360_actu.Htm\" target=\"_self\" rel=\"nofollow noopener\"> Infos routes\u00a0: un week-end de fin juillet\u00a02025 tr\u00e8s compliqu\u00e9 en Loire-Atlantique<\/a> <\/strong><\/p>\n<p> La carte en direct <\/p>\n<p>Il est possible de suivre la situation en direct via la carte de Bison fut\u00e9 ci-dessous\u00a0:<\/p>\n<\/p>\n<p>?<strong>A LIRE AUSSI\u00a0: <a href=\"https:\/\/nantes.maville.com\/actu\/actudet_-fermeture-inedite-du-pont-de-chevire-a-nantes-tout-ce-qu-il-faut-savoir-_8-6912648_actu.Htm\" target=\"_self\" rel=\"nofollow noopener\">Fermeture in\u00e9dite du pont de Chevir\u00e9 \u00e0 Nantes\u00a0: tout ce qu\u2019il faut savoir<\/a> <\/strong><\/p>\n<p>La situation sera beaucoup moins compliqu\u00e9e dimanche 27\u00a0juillet, journ\u00e9e class\u00e9e verte.<\/p>\n<p>\u00a0<\/p>\n","protected":false},"excerpt":{"rendered":"Des bouchons et ralentissements sont observ\u00e9s ce samedi 26\u00a0juillet 2025, journ\u00e9e class\u00e9e rouge par Bison fut\u00e9 dans le&hellip;\n","protected":false},"author":2,"featured_media":275493,"comment_status":"","ping_status":"","sticky":false,"template":"","format":"standard","meta":{"footnotes":""},"categories":[2818],"tags":[3269,1111,11,7050,1777,674,1011,27,1922,2868,3047,766,12,16004,2636,7849,25,11616,3982],"class_list":{"0":"post-276059","1":"post","2":"type-post","3":"status-publish","4":"format-standard","5":"has-post-thumbnail","7":"category-nantes","8":"tag-3269","9":"tag-actu","10":"tag-actualites","11":"tag-bouchons","12":"tag-eu","13":"tag-europe","14":"tag-fr","15":"tag-france","16":"tag-info","17":"tag-juillet","18":"tag-loire-atlantique","19":"tag-nantes","20":"tag-news","21":"tag-nombreux","22":"tag-pays-de-la-loire","23":"tag-ralentissements","24":"tag-republique-francaise","25":"tag-routes","26":"tag-samedi"},"share_on_mastodon":{"url":"https:\/\/pubeurope.com\/@fr\/114921701649575880","error":""},"_links":{"self":[{"href":"https:\/\/www.europesays.com\/fr\/wp-json\/wp\/v2\/posts\/276059","targetHints":{"allow":["GET"]}}],"collection":[{"href":"https:\/\/www.europesays.com\/fr\/wp-json\/wp\/v2\/posts"}],"about":[{"href":"https:\/\/www.europesays.com\/fr\/wp-json\/wp\/v2\/types\/post"}],"author":[{"embeddable":true,"href":"https:\/\/www.europesays.com\/fr\/wp-json\/wp\/v2\/users\/2"}],"replies":[{"embeddable":true,"href":"https:\/\/www.europesays.com\/fr\/wp-json\/wp\/v2\/comments?post=276059"}],"version-history":[{"count":0,"href":"https:\/\/www.europesays.com\/fr\/wp-json\/wp\/v2\/posts\/276059\/revisions"}],"wp:featuredmedia":[{"embeddable":true,"href":"https:\/\/www.europesays.com\/fr\/wp-json\/wp\/v2\/media\/275493"}],"wp:attachment":[{"href":"https:\/\/www.europesays.com\/fr\/wp-json\/wp\/v2\/media?parent=276059"}],"wp:term":[{"taxonomy":"category","embeddable":true,"href":"https:\/\/www.europesays.com\/fr\/wp-json\/wp\/v2\/categories?post=276059"},{"taxonomy":"post_tag","embeddable":true,"href":"https:\/\/www.europesays.com\/fr\/wp-json\/wp\/v2\/tags?post=276059"}],"curies":[{"name":"wp","href":"https:\/\/api.w.org\/{rel}","templated":true}]}}