{"id":276066,"date":"2025-07-26T21:45:14","date_gmt":"2025-07-26T21:45:14","guid":{"rendered":"https:\/\/www.europesays.com\/fr\/276066\/"},"modified":"2025-07-26T21:45:14","modified_gmt":"2025-07-26T21:45:14","slug":"mercato-psg-paris-negocie-avec-lucas-chevalier-donnarumma-vers-un-depart-sport","status":"publish","type":"post","link":"https:\/\/www.europesays.com\/fr\/276066\/","title":{"rendered":"Mercato PSG. Paris n\u00e9gocie avec Lucas Chevalier, Donnarumma vers un d\u00e9part\u00a0? . Sport"},"content":{"rendered":"<p>Qui gardera les buts du Paris Saint-Germain la saison prochaine\u00a0? Alors que <a href=\"https:\/\/rennes.maville.com\/sport\/detail_-commentaire.-pourquoi-gianluigi-donnarumma-est-un-serieux-pretendant-au-ballon-d-or-_54135-6798378_actu.Htm\" target=\"_blank\" rel=\"noopener\">Gianluigi Donnarumma, \u00e9tincelant la saison derni\u00e8re et d\u00e9terminant dans le premier sacre europ\u00e9en du PSG,<\/a> arrive en fin de contrat en juin\u00a02026, le club de la capitale est entr\u00e9 en phase concr\u00e8te de n\u00e9gociations avec Lucas Chevalier, le portier de Lille, annonce ce samedi 26\u00a0juillet le journal  <a href=\"https:\/\/www.lequipe.fr\/Football\/Actualites\/Mercato-lucas-chevalier-de-plus-en-plus-proche-du-psg\/1581025\" target=\"_blank\" rel=\"noopener\">L\u2019\u00c9quipe<\/a> .<\/p>\n<p>Donnarumma vers un d\u00e9part<\/p>\n<p>En effet, le quotidien sportif explique que le club aux treize\u00a0titres de champion de France n\u00e9gocie depuis plusieurs jours directement avec le gardien lillois et son entourage. Un accord entre les deux parties autour d\u2019un contrat de cinq saisons aurait m\u00eame d\u00e9j\u00e0 \u00e9t\u00e9 trouv\u00e9, avec quelques derniers d\u00e9tails \u00e0 r\u00e9gler pour s\u2019entendre.<\/p>\n<p>Si le deal avec le principal int\u00e9ress\u00e9 ne semble pas poser de probl\u00e8mes, celui avec le Losc, et plus particuli\u00e8rement son pr\u00e9sident Olivier L\u00e9tang, devrait \u00eatre un peu plus long \u00e0 se dessiner. R\u00e9put\u00e9 dur en affaire, l\u2019ancien directeur sportif du PSG ne prendra pas la peine d\u2019\u00e9tudier quelconque offre en dessous des 40\u00a0millions d\u2019euros, hors bonus. Une somme qui, toujours selon L\u2019\u00c9quipe, est loin d\u2019effrayer la direction parisienne, qui reste sur <a href=\"https:\/\/rennes.maville.com\/sport\/detail_-coupe-du-monde-des-clubs.-combien-le-psg-va-empocher-de-gains-malgre-sa-defaite-en-finale-_54135-6899742_actu.Htm\" target=\"_blank\" rel=\"noopener\">une saison record en termes de b\u00e9n\u00e9fice<\/a>.<\/p>\n<p><strong>Lire aussi : <\/strong> <a href=\"https:\/\/rennes.maville.com\/sport\/detail_-humilie-par-leipzig-en-amical-le-toulouse-fc-n-a-toujours-pas-gagne-cet-ete-_54135-6914955_actu.Htm\" target=\"_blank\" rel=\"noopener\">Humili\u00e9 par Leipzig en amical, le Toulouse FC n\u2019a toujours pas gagn\u00e9 cet \u00e9t\u00e9<\/a><\/p>\n<p>Des n\u00e9gociations r\u00e9elles pour un nouveau gardien qui, par la m\u00eame occasion, devraient sceller l\u2019avenir de Gianluigi Donnarumma. D\u2019apr\u00e8s le quotidien sportif fran\u00e7ais, le gardien italien, pour qui les n\u00e9gociations pour une prolongation de contrat sont au point mort, aurait \u00e9voqu\u00e9 en priv\u00e9 l\u2019id\u00e9e d\u2019un d\u00e9part. Les deux clubs de Manchester (City et United) seraient notamment int\u00e9ress\u00e9s pour s\u2019attacher les services du champion d\u2019Europe 2021.<\/p>\n<p>\u00a0<\/p>\n","protected":false},"excerpt":{"rendered":"Qui gardera les buts du Paris Saint-Germain la saison prochaine\u00a0? Alors que Gianluigi Donnarumma, \u00e9tincelant la saison derni\u00e8re&hellip;\n","protected":false},"author":2,"featured_media":276067,"comment_status":"","ping_status":"","sticky":false,"template":"","format":"standard","meta":{"footnotes":""},"categories":[2815],"tags":[1111,11,3809,1465,1777,674,63,1011,27,1792,811,1922,1307,12,25,479,517,1470],"class_list":{"0":"post-276066","1":"post","2":"type-post","3":"status-publish","4":"format-standard","5":"has-post-thumbnail","7":"category-lille","8":"tag-actu","9":"tag-actualites","10":"tag-ball","11":"tag-basket","12":"tag-eu","13":"tag-europe","14":"tag-football","15":"tag-fr","16":"tag-france","17":"tag-handball","18":"tag-hauts-de-france","19":"tag-info","20":"tag-lille","21":"tag-news","22":"tag-republique-francaise","23":"tag-rugby","24":"tag-sport","25":"tag-volley"},"share_on_mastodon":{"url":"https:\/\/pubeurope.com\/@fr\/114921729012461433","error":""},"_links":{"self":[{"href":"https:\/\/www.europesays.com\/fr\/wp-json\/wp\/v2\/posts\/276066","targetHints":{"allow":["GET"]}}],"collection":[{"href":"https:\/\/www.europesays.com\/fr\/wp-json\/wp\/v2\/posts"}],"about":[{"href":"https:\/\/www.europesays.com\/fr\/wp-json\/wp\/v2\/types\/post"}],"author":[{"embeddable":true,"href":"https:\/\/www.europesays.com\/fr\/wp-json\/wp\/v2\/users\/2"}],"replies":[{"embeddable":true,"href":"https:\/\/www.europesays.com\/fr\/wp-json\/wp\/v2\/comments?post=276066"}],"version-history":[{"count":0,"href":"https:\/\/www.europesays.com\/fr\/wp-json\/wp\/v2\/posts\/276066\/revisions"}],"wp:featuredmedia":[{"embeddable":true,"href":"https:\/\/www.europesays.com\/fr\/wp-json\/wp\/v2\/media\/276067"}],"wp:attachment":[{"href":"https:\/\/www.europesays.com\/fr\/wp-json\/wp\/v2\/media?parent=276066"}],"wp:term":[{"taxonomy":"category","embeddable":true,"href":"https:\/\/www.europesays.com\/fr\/wp-json\/wp\/v2\/categories?post=276066"},{"taxonomy":"post_tag","embeddable":true,"href":"https:\/\/www.europesays.com\/fr\/wp-json\/wp\/v2\/tags?post=276066"}],"curies":[{"name":"wp","href":"https:\/\/api.w.org\/{rel}","templated":true}]}}