{"id":276072,"date":"2025-07-26T21:48:12","date_gmt":"2025-07-26T21:48:12","guid":{"rendered":"https:\/\/www.europesays.com\/fr\/276072\/"},"modified":"2025-07-26T21:48:12","modified_gmt":"2025-07-26T21:48:12","slug":"servir-chemin-de-liberte-bernard-devert","status":"publish","type":"post","link":"https:\/\/www.europesays.com\/fr\/276072\/","title":{"rendered":"\u00ab\u00a0Servir, chemin de libert\u00e9\u00a0\u00bb Bernard Devert"},"content":{"rendered":"<p>Tous les mois, retrouvez sur Lyon Demain, l\u2019\u00e9dito de Bernard Devert, pr\u00e9sident fondateur d\u2019Habitat et Humanisme<\/p>\n<p>Chaque mois,\u00a0<strong>Bernard Devert<\/strong>, pr\u00e9sident-fondateur d\u2019<strong><a href=\"https:\/\/www.habitat-humanisme.org\/\" target=\"_blank\" rel=\"noreferrer noopener\">Habitat et Humanisme<\/a><\/strong>, nous fait part de sa r\u00e9flexion sur la soci\u00e9t\u00e9 qui nous entoure. Avec son lot d\u2019espoir et d\u2019inqui\u00e9tude\u2026 Son \u00e9dito, pour ce 14 juillet 2025, s\u2019intitule : \u00ab\u00a0Servir, chemin de libert\u00e9\u00a0\u00bb<\/p>\n<p>Ecoutez l\u2019\u00e9dito<\/p>\n<p>\u00ab\u00a0Servir, chemin de libert\u00e9\u00a0\u00bb<\/p>\n<p><a\/><a\/> Le d\u00e9fil\u00e9 du 14 juillet sur les Champs Elys\u00e9es a soulign\u00e9 le d\u00e9ploiement de nos forces arm\u00e9es, cl\u00f4tur\u00e9 avec gr\u00e2ce par la figure symbolique des bleuets, t\u00e9moignage de solidarit\u00e9 avec les victimes du terrorisme et en m\u00e9moire des militaires disparus sur le th\u00e9\u00e2tre de leurs op\u00e9rations.<\/p>\n<p>Les arm\u00e9es font parler d\u2019elles. Il est vrai que l\u2019Europe se doit de se d\u00e9fendre, les Etats-Unis ne faisant pas myst\u00e8re de leur volont\u00e9 de r\u00e9duire leur engagement au sein de l\u2019OTAN. Or, la guerre que conna\u00eet depuis trois ans et demi l\u2019Ukraine, n\u00e9cessite d\u2019apporter \u00e0 ce peuple dramatiquement assailli un certain savoir-faire et des armes, afin que cesse la violence du tyran du Kremlin obs\u00e9d\u00e9 par la r\u00e9surgence de la grande Russie. Un pr\u00e9sent d\u00e9compos\u00e9 par la brutalit\u00e9 et l\u2019irrespect des r\u00e8gles du Droit International et l\u2019\u00e9thique.<\/p>\n<p>S\u2019ajoutent \u00e0 cette guerre, la mont\u00e9e des extr\u00eames, des tensions id\u00e9ologiques et cette perte des rep\u00e8res ouvrant grand les portes de la haine distillant des propos qui n\u2019ont d\u2019autre finalit\u00e9 que de susciter l\u2019id\u00e9e d\u2019une guerre civile.<\/p>\n<p>Le Pr\u00e9sident de la R\u00e9publique, Chef des arm\u00e9es, dans l\u2019allocution qu\u2019il pronon\u00e7a ce 13\u00a0juillet aux responsables des arm\u00e9es et aux ambassadeurs, eut cette formule \u00ab\u00a0Pour \u00eatre libre, il faut \u00eatre craint et pour \u00eatre craint, il faut \u00eatre puissant.\u00a0\u00bb<\/p>\n<p>La libert\u00e9 n\u2019est jamais acquise\u00a0; constamment en danger elle demande \u00e0 \u00eatre habit\u00e9e par un esprit de r\u00e9sistance et cette puissance de la vie, j\u2019oserais dire celle de l\u2019amour. L\u2019essoufflement\u00a0de notre Soci\u00e9t\u00e9 ne traduit-il pas la perte de la confiance et de l\u2019esp\u00e9rance dans l\u2019avenir, d\u2019o\u00f9 un narratif dubitatif ouvrant la porte de l\u2019indiff\u00e9rence, signe de ce repli sur soi pour n\u2019avoir de crainte que pour soi-m\u00eame.<\/p>\n<p>Heureusement, les femmes et les hommes que vous \u00eates sont convaincus qu\u2019il faut d\u00e9fendre l\u2019humanisme qui toujours, lorsqu\u2019il est vraiment act\u00e9, r\u00e9duit les iniquit\u00e9s et les injustices, sources de tant de violences.<\/p>\n<p>Le soutien \u00e0 notre Mouvement n\u2019est pas \u00e9tranger \u00e0 cette cause.<\/p>\n<p>Notre responsabilit\u00e9 est de poursuivre des engagements qui doivent r\u00e9veiller les consciences pour ne point accepter que la fraternit\u00e9 soit bafou\u00e9e jusqu\u2019\u00e0 laisser des enfants, leurs parents et des grands a\u00een\u00e9s, sans disposer d\u2019un lieu d\u00e9cent o\u00f9 reposer la t\u00eate, parce que notre Soci\u00e9t\u00e9 \u00ab\u00a0marche sur la t\u00eate\u00a0\u00bb.<\/p>\n<p>Oui, nous avons besoin de vous. Notre champ de bataille, notre combat commun, est de lutter contre la mis\u00e8re et la pauvret\u00e9. Si nous sommes trop souvent d\u00e9sarm\u00e9s, vous \u00eates de ceux qui nous offrez l\u2019\u00e9nergie et les moyens d\u2019agir.<\/p>\n<p>Ces quelques mots vous sont adress\u00e9s pour vous remercier de ces r\u00e9cits de vie que vous permettez de faire naitre, \u00e9vitant aux naufrag\u00e9s de l\u2019espoir de tomber inexorablement sur des r\u00e9cifs, assassinant la dignit\u00e9 de la vie.<\/p>\n<p><a\/> Vous pouvez \u00eatre fiers de ce que vous r\u00e9alisez \u2013 vous en \u00eates les auteurs \u2013 \u00e0 partir d\u2019un discernement vous conduisant \u00e0 choisir et \u00e0 maintenir des investissements solidaires\u00a0; il change la donne de bien des personnes en situation de vuln\u00e9rabilit\u00e9.<\/p>\n<p>\u00ab\u00a0La puissance\u00a0\u00bb de ce choix exprime votre d\u00e9termination \u00e0 ne point abandonner ce juste combat\u00a0pour \u00eatre celui de l\u2019\u00e9quit\u00e9.<\/p>\n<p>Plusieurs programmes sont en cours\u00a0; je voudrai \u00e9voquer la r\u00e9sidence \u00ab\u00a0Fran\u00e7ois Varillon\u00a0\u00bb \u00e0 Francheville (Rh\u00f4ne) qui pr\u00e9pare un accompagnement et des soins palliatifs, confortant ici l\u2019engagement d\u2019Habitat &amp; Humanisme Soin.<\/p>\n<p>A l\u2019automne, nous inviterons ceux qui le peuvent, \u00e0 participer \u00e0 l\u2019inauguration de ce lieu d\u2019humanit\u00e9.<\/p>\n<p>Je ne m\u2019autorise pas dans mes blogs, \u00e0 faire un appel mais, au regard des attentes, puis-je solliciter votre soutien sachant qu\u2019il est d\u00e9sormais possible d\u2019investir directement via une souscription en ligne (<a href=\"https:\/\/souscription-ehd.habitat-humanisme.org\/\" target=\"_blank\" rel=\"noopener\">Souscription EHD \u2013 Investissement \u00e0 forte utilit\u00e9 sociale<\/a>).<\/p>\n<p>Ecoutez aussi : <a href=\"https:\/\/www.lyondemain.fr\/economie-solidaire-fraternite-bernard-devert\/\" target=\"_blank\" rel=\"noreferrer noopener\">L\u2019\u00e9conomie solidaire, un acteur majeur de la fraternit\u00e9\u2026<\/a><\/p>\n<p><img fetchpriority=\"high\" decoding=\"async\" width=\"1200\" height=\"675\" src=\"https:\/\/www.europesays.com\/fr\/wp-content\/uploads\/2025\/07\/Servir-chemin-de-liberte.jpg\" alt=\"Servir, chemin de libert\u00e9\" class=\"wp-image-250703\"  \/><br \/>\nJ\u2019aime \u00e7a\u00a0:<\/p>\n<p>J\u2019aime chargement\u2026<\/p>\n<p><a class=\"sd-link-color\"\/><\/p>\n<p>\n\tArticles similaires\n<\/p>\n<p>\t\t\t\t<img decoding=\"async\" src=\"https:\/\/www.europesays.com\/fr\/wp-content\/uploads\/2025\/07\/1753566492_549_7866158698e17e8ed633c05e8f8e7fe5d9e057ad78661c4dc34e413abb6b9f19\" alt=\"G\u00e9rald Bouchon\"\/><\/p>\n<p>Pionnier des radios libres, passionn\u00e9 de radio, journaliste et dirigeant de m\u00e9dias \u00e9co-responsables..<\/p>\n","protected":false},"excerpt":{"rendered":"Tous les mois, retrouvez sur Lyon Demain, l\u2019\u00e9dito de Bernard Devert, pr\u00e9sident fondateur d\u2019Habitat et Humanisme Chaque mois,\u00a0Bernard&hellip;\n","protected":false},"author":2,"featured_media":276073,"comment_status":"","ping_status":"","sticky":false,"template":"","format":"standard","meta":{"footnotes":""},"categories":[1889],"tags":[10915,1111,11,25666,2430,21236,2518,1777,674,1011,27,25241,21237,27870,2428,11514,12,25,11293],"class_list":{"0":"post-276072","1":"post","2":"type-post","3":"status-publish","4":"format-standard","5":"has-post-thumbnail","7":"category-lyon","8":"tag-14-juillet","9":"tag-actu","10":"tag-actualites","11":"tag-armees","12":"tag-auvergne-rhone-alpes","13":"tag-bernard-devert","14":"tag-edito","15":"tag-eu","16":"tag-europe","17":"tag-fr","18":"tag-france","19":"tag-francheville","20":"tag-habitat-et-humanisme","21":"tag-liberte","22":"tag-lyon","23":"tag-macron","24":"tag-news","25":"tag-republique-francaise","26":"tag-residence"},"share_on_mastodon":{"url":"https:\/\/pubeurope.com\/@fr\/114921740970115646","error":""},"_links":{"self":[{"href":"https:\/\/www.europesays.com\/fr\/wp-json\/wp\/v2\/posts\/276072","targetHints":{"allow":["GET"]}}],"collection":[{"href":"https:\/\/www.europesays.com\/fr\/wp-json\/wp\/v2\/posts"}],"about":[{"href":"https:\/\/www.europesays.com\/fr\/wp-json\/wp\/v2\/types\/post"}],"author":[{"embeddable":true,"href":"https:\/\/www.europesays.com\/fr\/wp-json\/wp\/v2\/users\/2"}],"replies":[{"embeddable":true,"href":"https:\/\/www.europesays.com\/fr\/wp-json\/wp\/v2\/comments?post=276072"}],"version-history":[{"count":0,"href":"https:\/\/www.europesays.com\/fr\/wp-json\/wp\/v2\/posts\/276072\/revisions"}],"wp:featuredmedia":[{"embeddable":true,"href":"https:\/\/www.europesays.com\/fr\/wp-json\/wp\/v2\/media\/276073"}],"wp:attachment":[{"href":"https:\/\/www.europesays.com\/fr\/wp-json\/wp\/v2\/media?parent=276072"}],"wp:term":[{"taxonomy":"category","embeddable":true,"href":"https:\/\/www.europesays.com\/fr\/wp-json\/wp\/v2\/categories?post=276072"},{"taxonomy":"post_tag","embeddable":true,"href":"https:\/\/www.europesays.com\/fr\/wp-json\/wp\/v2\/tags?post=276072"}],"curies":[{"name":"wp","href":"https:\/\/api.w.org\/{rel}","templated":true}]}}