{"id":276078,"date":"2025-07-26T21:53:35","date_gmt":"2025-07-26T21:53:35","guid":{"rendered":"https:\/\/www.europesays.com\/fr\/276078\/"},"modified":"2025-07-26T21:53:35","modified_gmt":"2025-07-26T21:53:35","slug":"les-statues-feministes-des-jo-installees-dans-le-nord-de-paris-liberation","status":"publish","type":"post","link":"https:\/\/www.europesays.com\/fr\/276078\/","title":{"rendered":"les statues f\u00e9ministes des JO install\u00e9es dans le nord de Paris \u2013 Lib\u00e9ration"},"content":{"rendered":"<p class=\"sc-ksZaOG ehjQrN text-element\">Pour venir, il y a plusieurs choix. On peut prendre la rue Marx-Dormoy (homme politique), la rue Raymond-Queneau (\u00e9crivain), la rue Boucry (abb\u00e9), la rue Maurice-Genevoix (\u00e9crivain), la rue Pierre-Mauroy (Premier ministre)\u2026 Bref, avancer dans un espace public m\u00e9moriel presque enti\u00e8rement d\u00e9volu aux hommes. Mais dans le XVIIIe arrondissement de Paris, ces bonshommes de chemins m\u00e8nent d\u00e9sormais \u00e0 une belle anomalie patrimoniale : <a href=\"https:\/\/www.liberation.fr\/societe\/olympe-de-gouges-louise-michel-simone-vei-les-statues-feministes-de-la-ceremonie-des-jo-commencent-a-etre-erigees-dans-le-nord-de-paris-20250718_WSL2W7VXWJARRE6XLYLACC43XI\/?redirected=1\" target=\"_blank\" rel=\"noreferrer noopener\" title=\"https:\/\/www.liberation.fr\/societe\/olympe-de-gouges-louise-michel-simone-vei-les-statues-feministes-de-la-ceremonie-des-jo-commencent-a-etre-erigees-dans-le-nord-de-paris-20250718_WSL2W7VXWJARRE6XLYLACC43XI\/?redirected=1\">dix grandes statues de femmes<\/a> r\u00e9parties de part et d\u2019autre des entr\u00e9es du m\u00e9tro Porte de la Chapelle.<\/p>\n<p class=\"sc-ksZaOG ehjQrN text-element\"><a href=\"https:\/\/www.liberation.fr\/societe\/droits-des-femmes\/ceremonie-douverture-des-jo-de-paris-2024-dans-le-grand-boys-club-du-patrimoine-parisien-laissez-nous-les-statues-feministes-20240727_DX3H63MLS5B3JMSUBYJ5EET7UE\/\" target=\"_blank\" rel=\"noopener\">Lib\u00e9 les avait r\u00e9clam\u00e9es<\/a>, elles sont l\u00e0, perch\u00e9es, toutes dor\u00e9es et brillantes sous le soleil estival. Les sculptures, qui avaient fait sensation en sortant de la Seine dans un tableau intitul\u00e9 \u00abSororit\u00e9\u00bb lors la <\/p>\n","protected":false},"excerpt":{"rendered":"Pour venir, il y a plusieurs choix. On peut prendre la rue Marx-Dormoy (homme politique), la rue Raymond-Queneau&hellip;\n","protected":false},"author":2,"featured_media":276079,"comment_status":"","ping_status":"","sticky":false,"template":"","format":"standard","meta":{"footnotes":""},"categories":[1888],"tags":[1111,1928,11,1927,413,1777,674,1011,27,7941,12,1926,626,1925,25],"class_list":{"0":"post-276078","1":"post","2":"type-post","3":"status-publish","4":"format-standard","5":"has-post-thumbnail","7":"category-paris","8":"tag-actu","9":"tag-actu-paris","10":"tag-actualites","11":"tag-actualites-paris","12":"tag-ca-va-mieux-lisant","13":"tag-eu","14":"tag-europe","15":"tag-fr","16":"tag-france","17":"tag-jo-paris-2024","18":"tag-news","19":"tag-news-paris","20":"tag-paris","21":"tag-paris-news","22":"tag-republique-francaise"},"share_on_mastodon":{"url":"https:\/\/pubeurope.com\/@fr\/114921760972645902","error":""},"_links":{"self":[{"href":"https:\/\/www.europesays.com\/fr\/wp-json\/wp\/v2\/posts\/276078","targetHints":{"allow":["GET"]}}],"collection":[{"href":"https:\/\/www.europesays.com\/fr\/wp-json\/wp\/v2\/posts"}],"about":[{"href":"https:\/\/www.europesays.com\/fr\/wp-json\/wp\/v2\/types\/post"}],"author":[{"embeddable":true,"href":"https:\/\/www.europesays.com\/fr\/wp-json\/wp\/v2\/users\/2"}],"replies":[{"embeddable":true,"href":"https:\/\/www.europesays.com\/fr\/wp-json\/wp\/v2\/comments?post=276078"}],"version-history":[{"count":0,"href":"https:\/\/www.europesays.com\/fr\/wp-json\/wp\/v2\/posts\/276078\/revisions"}],"wp:featuredmedia":[{"embeddable":true,"href":"https:\/\/www.europesays.com\/fr\/wp-json\/wp\/v2\/media\/276079"}],"wp:attachment":[{"href":"https:\/\/www.europesays.com\/fr\/wp-json\/wp\/v2\/media?parent=276078"}],"wp:term":[{"taxonomy":"category","embeddable":true,"href":"https:\/\/www.europesays.com\/fr\/wp-json\/wp\/v2\/categories?post=276078"},{"taxonomy":"post_tag","embeddable":true,"href":"https:\/\/www.europesays.com\/fr\/wp-json\/wp\/v2\/tags?post=276078"}],"curies":[{"name":"wp","href":"https:\/\/api.w.org\/{rel}","templated":true}]}}