{"id":276082,"date":"2025-07-26T21:55:12","date_gmt":"2025-07-26T21:55:12","guid":{"rendered":"https:\/\/www.europesays.com\/fr\/276082\/"},"modified":"2025-07-26T21:55:12","modified_gmt":"2025-07-26T21:55:12","slug":"la-vasque-olympique-piratee-par-amnesty","status":"publish","type":"post","link":"https:\/\/www.europesays.com\/fr\/276082\/","title":{"rendered":"La vasque olympique pirat\u00e9e par Amnesty"},"content":{"rendered":"<p>Amnesty International a projet\u00e9 ce samedi soir un message g\u00e9ant \u00ab Stop G\u00e9nocide \u00e0 Gaza \u00bb sur la vasque olympique, afin de \u00ab rappeler <a href=\"https:\/\/www.ledauphine.com\/defense-guerre-conflit\/2025\/07\/26\/sous-la-pression-internationale-israel-annonce-la-reprise-des-largages-d-aide-humanitaire\" target=\"_blank\" rel=\"noopener\">le sort tragique des populations civiles<\/a> \u00bb dans le territoire palestinien, \u00e0 l&rsquo;occasion du premier anniversaire des Jeux de Paris.<\/p>\n<p>Ce contenu est bloqu\u00e9 car vous n&rsquo;avez pas accept\u00e9 les cookies et autres traceurs.<\/p>\n<p>En cliquant sur \u00ab J\u2019accepte \u00bb, les cookies et autres traceurs seront d\u00e9pos\u00e9s et vous pourrez visualiser les contenus  (<a href=\"\" class=\"consentModule_policy\" target=\"_blank\" title=\"Consulter la politique de protection des donn\u00e9es du fournisseur\">plus d&rsquo;informations<\/a>).<\/p>\n<p>En cliquant sur \u00ab J\u2019accepte tous les cookies \u00bb, vous autorisez des d\u00e9p\u00f4ts de cookies et autres traceurs pour le stockage de vos donn\u00e9es sur nos sites et applications \u00e0 des fins de personnalisation et de ciblage publicitaire.<\/p>\n<p class=\"consentModule_secondaryText\">Vous gardez la possibilit\u00e9 de retirer votre consentement \u00e0 tout moment en consultant notre <a href=\"https:\/\/www.ledauphine.com\/protection-des-donnees\" target=\"_blank\" title=\"Consulter notre politique de protection des donn\u00e9es\" rel=\"noopener\">politique de protection des donn\u00e9es<\/a>. <br \/>&#13;<br \/>\n            <a href=\"https:\/\/www.ledauphine.com\/defense-guerre-conflit\/2025\/07\/26\/javascript:Didomi.notice.show()\" class=\"consentModule_cmp\" target=\"_blank\" rel=\"noopener\">G\u00e9rer mes choix<\/a>&#13;\n        <\/p>\n<p>&#13;<br \/>\n                        J&rsquo;accepte&#13;<br \/>\n            J&rsquo;accepte tous les cookies&#13;\n        <\/p>\n<p>Projet\u00e9 au laser depuis un immeuble de la rue de Rivoli, le slogan &#8211; d&rsquo;une trentaine de m\u00e8tres de haut, selon l&rsquo;ONG &#8211; s&rsquo;est affich\u00e9 peu apr\u00e8s 22h30 le ballon de la c\u00e9l\u00e8bre vasque, suspendu dans le ciel de la capitale fran\u00e7aise, sous le regard interloqu\u00e9 des spectateurs et officiels pr\u00e9sents.<\/p>\n<p>\u00ab Le monde ne peut plus se contenter d\u2019observer\u00a0\u00bb<\/p>\n<p>\u00ab Il y a un an, le monde c\u00e9l\u00e9brait \u00e0 Paris la f\u00eate olympique et paralympique mondiale, qui r\u00e9unissait dans un m\u00eame \u00e9lan tous les athl\u00e8tes de toutes les nations, au nom du m\u00eame id\u00e9al affich\u00e9 par la Charte Olympique dans son tout premier article, \u00e0 savoir construire \u00a0\u00bbun monde pacifique et meilleur\u00a0\u00bb \u00bb, affirme Anne Savinel-Barras, pr\u00e9sidente d\u2019Amnesty International France.<\/p>\n<p>\u00ab Le monde ne peut plus se contenter d\u2019observer, impassible \u00e0 cette n\u00e9gation du principe m\u00eame d\u2019humanit\u00e9. Nous sommes l\u00e0 pour dire toujours, le plus haut et le plus fort possible, que le droit international est notre seule boussole, et que le g\u00e9nocide en cours \u00e0 Gaza doit cesser imm\u00e9diatement \u00bb, a-t-elle ajout\u00e9. \u00ab Isra\u00ebl <a href=\"https:\/\/www.ledauphine.com\/defense-guerre-conflit\/2025\/07\/26\/sous-la-pression-internationale-israel-annonce-la-reprise-des-largages-d-aide-humanitaire\" target=\"_blank\" rel=\"noopener\">utilise de fa\u00e7on continue la famine<\/a> comme m\u00e9thode de guerre, ce qui constitue un crime de guerre \u00bb, r\u00e9affirme l&rsquo;ONG, demandant \u00e0 la France de \u00ab passer des mots \u00e0 l&rsquo;action \u00bb.<\/p>\n<p>La France, qui a annonc\u00e9 jeudi sa d\u00e9cision de reconna\u00eetre l&rsquo;Etat de Palestine peu avant une conf\u00e9rence \u00e0 l&rsquo;ONU la semaine prochaine, \u00ab doit agir (&#8230;) pour que les Etats r\u00e9unis prennent en urgence des mesures concr\u00e8tes pour mettre fin au g\u00e9nocide \u00bb, ajoute Amnesty. Des ONG, mais aussi des chefs d&rsquo;Etat et de gouvernement comme le Br\u00e9silien Luiz In\u00e1cio Lula da Silva, l&rsquo;Espagnol Pedro Sanchez ou le Turc Recep Tayyip Erdogan, accusent Isra\u00ebl de g\u00e9nocide \u00e0 Gaza. Isra\u00ebl rejette ces accusations.<\/p>\n","protected":false},"excerpt":{"rendered":"Amnesty International a projet\u00e9 ce samedi soir un message g\u00e9ant \u00ab Stop G\u00e9nocide \u00e0 Gaza \u00bb sur la&hellip;\n","protected":false},"author":2,"featured_media":276083,"comment_status":"","ping_status":"","sticky":false,"template":"","format":"standard","meta":{"footnotes":""},"categories":[1888],"tags":[11,3206,1777,674,107,1011,27,329,664,12,3518,626,25],"class_list":{"0":"post-276082","1":"post","2":"type-post","3":"status-publish","4":"format-standard","5":"has-post-thumbnail","7":"category-paris","8":"tag-actualites","9":"tag-defense-guerre-conflit","10":"tag-eu","11":"tag-europe","12":"tag-fil-info","13":"tag-fr","14":"tag-france","15":"tag-france-monde","16":"tag-israel","17":"tag-news","18":"tag-palestine","19":"tag-paris","20":"tag-republique-francaise"},"share_on_mastodon":{"url":"https:\/\/pubeurope.com\/@fr\/114921768462462262","error":""},"_links":{"self":[{"href":"https:\/\/www.europesays.com\/fr\/wp-json\/wp\/v2\/posts\/276082","targetHints":{"allow":["GET"]}}],"collection":[{"href":"https:\/\/www.europesays.com\/fr\/wp-json\/wp\/v2\/posts"}],"about":[{"href":"https:\/\/www.europesays.com\/fr\/wp-json\/wp\/v2\/types\/post"}],"author":[{"embeddable":true,"href":"https:\/\/www.europesays.com\/fr\/wp-json\/wp\/v2\/users\/2"}],"replies":[{"embeddable":true,"href":"https:\/\/www.europesays.com\/fr\/wp-json\/wp\/v2\/comments?post=276082"}],"version-history":[{"count":0,"href":"https:\/\/www.europesays.com\/fr\/wp-json\/wp\/v2\/posts\/276082\/revisions"}],"wp:featuredmedia":[{"embeddable":true,"href":"https:\/\/www.europesays.com\/fr\/wp-json\/wp\/v2\/media\/276083"}],"wp:attachment":[{"href":"https:\/\/www.europesays.com\/fr\/wp-json\/wp\/v2\/media?parent=276082"}],"wp:term":[{"taxonomy":"category","embeddable":true,"href":"https:\/\/www.europesays.com\/fr\/wp-json\/wp\/v2\/categories?post=276082"},{"taxonomy":"post_tag","embeddable":true,"href":"https:\/\/www.europesays.com\/fr\/wp-json\/wp\/v2\/tags?post=276082"}],"curies":[{"name":"wp","href":"https:\/\/api.w.org\/{rel}","templated":true}]}}