{"id":276084,"date":"2025-07-26T21:56:10","date_gmt":"2025-07-26T21:56:10","guid":{"rendered":"https:\/\/www.europesays.com\/fr\/276084\/"},"modified":"2025-07-26T21:56:10","modified_gmt":"2025-07-26T21:56:10","slug":"lukraine-face-a-un-combat-etroit-avec-la-russie-a-pokrovsk","status":"publish","type":"post","link":"https:\/\/www.europesays.com\/fr\/276084\/","title":{"rendered":"L&rsquo;Ukraine face \u00e0 un combat \u00e9troit avec la Russie \u00e0 Pokrovsk"},"content":{"rendered":"<p class=\"p7\">AKARTA &#8211; Le pr\u00e9sident Volodymyr Zelenskyy a d\u00e9clar\u00e9 que les troupes ukrainiennes avaient fait face \u00e0 de violents combats autour de la ville de Pokrovsk, un centre logistique pr\u00e8s duquel la Russie annon\u00e7ait presque tous les jours le pillage des villages.<\/p>\n<p class=\"p8\">Zelenskyy a d\u00e9clar\u00e9 que le commandant sup\u00e9rieur de l\u2019Ukraine, Oleksandr Syrskyi, avait signal\u00e9 la situation autour de Pokrovsk actuellement au centre de l\u2019alerte lors de la guerre qui a commenc\u00e9 lorsque la Russie envahissait l\u2019Ukraine en f\u00e9vrier 2022.<\/p>\n<p class=\"p9\">\u00ab Toutes les directives op\u00e9rationnelles ont \u00e9t\u00e9 couvertes, avec une attention particuli\u00e8re sur Pokrovsk. Pokrovsk a re\u00e7u la plus grande attention \u00bb, a d\u00e9clar\u00e9 Zelenskyy \u00e0 Reuters samedi 26 juillet.<\/p>\n<p class=\"p9\">rins, selon Zelenskyy, ont \u00e9galement \u00ab poursuivi des op\u00e9rations \u00bb dans la zone frontali\u00e8re de la r\u00e9gion nord de Sumy, o\u00f9 les troupes russes ont obtenu des politiques ces derni\u00e8res semaines.<\/p>\n<p class=\"p9\">ruskyi, dans un rapport distinct sur l\u2019application de messagerie Telegram, d\u00e9crit Pokrovsk et cinq autres secteurs comme l\u2019un des champs de bataille les plus difficiles le long de la ligne frontale de 1 000 km (620 miles).<\/p>\n<p class=\"p9\">ronyme : \u00ab La F\u00e9d\u00e9ration de Russie a pay\u00e9 le prix le plus \u00e9lev\u00e9 pour les tentatives d\u2019attaque d\u2019\u00e9t\u00e9 \u00bb, a \u00e9crit Syrskyi.<\/p>\n<p class=\"p1\">rovsk, une troupe russe, essaye depuis des mois d&rsquo;approcher le quartier g\u00e9n\u00e9ral de Pokrovsk, un centre routier et ferroviaire d&rsquo;environ 60 000 habitants avant la guerre, qui \u00e9tait presque \u00e9vacu\u00e9.<\/p>\n<p class=\"p7\">Syrskyi a rapport\u00e9 en mai que les troupes de Kiev avaient stabilis\u00e9 la situation autour de la ville, qui est \u00e9galement l\u2019emplacement de la seule mine de charbon d\u2019Ukraine qui produit du charbon coriace pour l\u2019industrie acier du pays.<\/p>\n<p class=\"p7\">russe de la D\u00e9fense a annonc\u00e9 jeudi le raid de deux villages sur les deux c\u00f4t\u00e9s de Pokrovsk &#8211; Zvirove \u00e0 l\u2019ouest et Novaktonomichne \u00e0 l\u2019est. Le troisi\u00e8me village pr\u00e8s de la ville &#8211; Novotoretske &#8211; a d\u00e9clar\u00e9 par Moscou avoir \u00e9t\u00e9 \u00ab lib\u00e9r\u00e9 \u00bb plus t\u00f4t cette semaine.<\/p>\n<p class=\"p7\">ronyme : les autorit\u00e9s ukrainiennes n&rsquo;ont pas reconnu avoir chang\u00e9 de mains.<\/p>\n<p class=\"p7\">gment militaire ukrainienne a d\u00e9clar\u00e9 dans son rapport que deux d\u2019entre eux, Zvirove et Novkimichne, se trouvaient dans des zones o\u00f9 les troupes russes tentaient de p\u00e9n\u00e9trer les d\u00e9fenses de l\u2019Ukraine.<\/p>\n<p class=\"p8\">amuramuramuramuramuramuramuramuramuramuramuramuramuramuramuramuramuramuramuramuramuramuramuramuramuramuramuramuramuramuramuramuramuramuramuramuramuramuramuramuramuramuramuramuramuramuramuramuramuramuramuramuramuramuramuramuramuramuramuramuramuramuramuramuramuramuramuramuramuramuramuramuramuramuramuramuramuramuramuramuramuramuramuramuramuramuramuramuramuramuramuramuramuramuramuramuramuramuramuramuramuramuramuramuramuramuramuramuramuramuramuramuramuramuramuramuramuramuramuramuramuramuramuramuramuramuramur<\/p>\n<p class=\"p9\">in, qui s\u2019appuyerait sur des rapports source ouverts pour suivre la pr\u00e9sence des troupes russes, a d\u00e9clar\u00e9 que les forces ukrainiennes avaient r\u00e9tablit le contr\u00f4le du village de Kindrativka.<\/p>\n<p>The English, Chinese, Japanese, Arabic, and French versions are automatically generated by the AI. So there may still be inaccuracies in translating, please always see Indonesian as our main language.<br \/>\n                                    (system supported by DigitalSiber.id)<\/p>\n","protected":false},"excerpt":{"rendered":"AKARTA &#8211; Le pr\u00e9sident Volodymyr Zelenskyy a d\u00e9clar\u00e9 que les troupes ukrainiennes avaient fait face \u00e0 de violents&hellip;\n","protected":false},"author":2,"featured_media":276085,"comment_status":"","ping_status":"","sticky":false,"template":"","format":"standard","meta":{"footnotes":""},"categories":[1591],"tags":[11,1887,12,1885,1886,132,41550,41549],"class_list":{"0":"post-276084","1":"post","2":"type-post","3":"status-publish","4":"format-standard","5":"has-post-thumbnail","7":"category-russie","8":"tag-actualites","9":"tag-federation-de-russie","10":"tag-news","11":"tag-russia","12":"tag-russian-federation","13":"tag-russie","14":"tag-un-centre-logistique-pres-duquel-la-russie-annoncait-presque-tous-les-jours-des-combats-de-village","15":"tag-volodymyr-zelenskyy-a-declare-que-les-troupes-ukrainiennes-avaient-ete-confrontees-a-de-violents-combats-autour-de-la-ville-de-pokrovsk"},"share_on_mastodon":{"url":"https:\/\/pubeurope.com\/@fr\/114921772536449311","error":""},"_links":{"self":[{"href":"https:\/\/www.europesays.com\/fr\/wp-json\/wp\/v2\/posts\/276084","targetHints":{"allow":["GET"]}}],"collection":[{"href":"https:\/\/www.europesays.com\/fr\/wp-json\/wp\/v2\/posts"}],"about":[{"href":"https:\/\/www.europesays.com\/fr\/wp-json\/wp\/v2\/types\/post"}],"author":[{"embeddable":true,"href":"https:\/\/www.europesays.com\/fr\/wp-json\/wp\/v2\/users\/2"}],"replies":[{"embeddable":true,"href":"https:\/\/www.europesays.com\/fr\/wp-json\/wp\/v2\/comments?post=276084"}],"version-history":[{"count":0,"href":"https:\/\/www.europesays.com\/fr\/wp-json\/wp\/v2\/posts\/276084\/revisions"}],"wp:featuredmedia":[{"embeddable":true,"href":"https:\/\/www.europesays.com\/fr\/wp-json\/wp\/v2\/media\/276085"}],"wp:attachment":[{"href":"https:\/\/www.europesays.com\/fr\/wp-json\/wp\/v2\/media?parent=276084"}],"wp:term":[{"taxonomy":"category","embeddable":true,"href":"https:\/\/www.europesays.com\/fr\/wp-json\/wp\/v2\/categories?post=276084"},{"taxonomy":"post_tag","embeddable":true,"href":"https:\/\/www.europesays.com\/fr\/wp-json\/wp\/v2\/tags?post=276084"}],"curies":[{"name":"wp","href":"https:\/\/api.w.org\/{rel}","templated":true}]}}