{"id":276086,"date":"2025-07-26T21:57:21","date_gmt":"2025-07-26T21:57:21","guid":{"rendered":"https:\/\/www.europesays.com\/fr\/276086\/"},"modified":"2025-07-26T21:57:21","modified_gmt":"2025-07-26T21:57:21","slug":"la-menace-russe-un-alarmisme-deletere-la-chronique-de-francis-wurtz-26-juillet-2025","status":"publish","type":"post","link":"https:\/\/www.europesays.com\/fr\/276086\/","title":{"rendered":"La \u00ab\u00a0menace russe\u00a0\u00bb\u00a0: un alarmisme d\u00e9l\u00e9t\u00e8re &#8211; La chronique de Francis Wurtz &#8211; 26 juillet 2025"},"content":{"rendered":"<p>\u00ab\u00a0La Russie est devenue une menace pour la France et pour l\u2019Europe\u00a0\u00bb\u00a0; \u00ab\u00a0Strasbourg-l\u2019Ukraine, c\u2019est \u00e0 peu pr\u00e8s 1\u00a0500 kilom\u00e8tres, ce n\u2019est pas tr\u00e8s loin\u00a0\u00bb\u00a0; \u00ab\u00a0Jamais, sans doute, depuis 1945, la libert\u00e9 n\u2019avait \u00e9t\u00e9 si menac\u00e9e\u00a0\u00bb\u00a0: depuis plusieurs mois, <a href=\"https:\/\/www.humanite.fr\/monde\/emmanuel-macron\/guerre-en-ukraine-ce-quemmanuel-macron-et-vladimir-poutine-se-sont-dits-pendant-leur-entretien-le-premier-depuis-2022\" target=\"_blank\" rel=\"noopener\">le pr\u00e9sident de la R\u00e9publique donne le ton<\/a>. Le chef d\u2019\u00e9tat-major des arm\u00e9es en personne \u2013 qui ne s\u2019\u00e9tait jamais exprim\u00e9 en public depuis le d\u00e9but de la guerre russo-ukrainienne \u2013 a eu la consigne de surench\u00e9rir\u00a0: \u00ab\u00a0Le Kremlin a fait de la France une cible prioritaire\u00a0\u00bb, a-t-il assur\u00e9, sans que l\u2019on puisse trouver de d\u00e9claration de Poutine en ce sens. La \u00ab\u00a0Revue nationale strat\u00e9gique 2025\u00a0\u00bb, publi\u00e9e le 14\u00a0juillet dernier, a enfonc\u00e9 le clou\u00a0: \u00ab\u00a0Nous entrons dans une nouvelle \u00e8re, celle d\u2019un risque particuli\u00e8rement \u00e9lev\u00e9 d\u2019une guerre majeure de haute intensit\u00e9 (qui) impliquerait la France et ses alli\u00e9s, en particulier en Europe, \u00e0 l\u2019horizon 2030.\u00a0\u00bb<\/p>\n<p>Il est fini, le temps o\u00f9 le ministre fran\u00e7ais des Arm\u00e9es lui-m\u00eame, S\u00e9bastien Lecornu, d\u00e9mentait les annonces catastrophistes au sujet d\u2019un risque d\u2019attaque russe contre l\u2019Otan d\u2019ici \u00e0 cinq ans\u00a0: \u00ab\u00a0Nos services de renseignements ne disent pas cela\u00a0\u00bb, affirmait-il\u00a0le 9\u00a0mars\u00a0dernier, jugeant \u00ab\u00a0absurde\u00a0\u00bb de manifester une \u00ab\u00a0forme de f\u00e9brilit\u00e9\u00a0\u00bb. D\u00e9sormais, il faut une sacr\u00e9e ind\u00e9pendance d\u2019esprit sinon un certain courage pour oser se d\u00e9marquer de l\u2019alarmisme des <a href=\"https:\/\/www.humanite.fr\/monde\/dissuasion-nucleaire\/emmanuel-macron-et-keir-starmer-saffichent-en-protecteurs-de-leurope-avec-la-creation-dun-groupe-de-supervision-nucleaire\" target=\"_blank\" rel=\"noopener\">dirigeants fran\u00e7ais et europ\u00e9ens<\/a>. Or r\u00e9sister \u00e0 cette d\u00e9rive est essentiel, car il n\u2019y a rien de plus dangereux que d\u2019insuffler un climat de guerre dans une Europe en crise profonde. Gare aux proph\u00e9ties autor\u00e9alisatrices.<\/p>\n<p>Parlons donc clairement. Oui, h\u00e9las, Poutine a montr\u00e9 jusqu\u2019o\u00f9 peut le conduire son nationalisme \u00ab\u00a0grand-russe\u00a0\u00bb envers un pays proche devenu hostile comme l\u2019Ukraine. Non, il ne faut pas ent\u00e9riner les annexions de territoires ukrainiens acquis par l\u2019agression militaire russe. Notre boussole, ici comme ailleurs, doit \u00eatre le droit international. Quiconque, sans exception, le viole de mani\u00e8re particuli\u00e8rement grave et r\u00e9p\u00e9t\u00e9e m\u00e9rite d\u2019\u00eatre sanctionn\u00e9. Mais, dans le m\u00eame temps, s\u2019impose la recherche d\u2019<a href=\"https:\/\/www.humanite.fr\/monde\/guerre-en-ukraine\/guerre-en-ukraine-pourquoi-kiev-annonce-de-nouveaux-pourparlers-de-paix-avec-moscou\" target=\"_blank\" rel=\"noopener\">une solution politique du conflit<\/a> prenant en consid\u00e9ration le contexte historique de celui-ci et s\u2019inscrivant dans une perspective \u00e0 long terme. Cela s\u2019appelle la diplomatie.<\/p>\n<p>Or qu\u2019a fait l\u2019Union europ\u00e9enne jusqu\u2019ici face \u00e0 cette guerre en plein c\u0153ur de notre continent\u00a0? Elle a livr\u00e9 des armes aux Ukrainiens, de plus en plus d\u2019armes, sans aucune initiative diplomatique significative, comme pourrait l\u2019\u00eatre l\u2019ouverture de discussions sur les conditions d\u2019une s\u00e9curit\u00e9 internationale durable avec d\u2019autres pays que ceux \u00e9troitement li\u00e9s \u00e0 l\u2019Occident. Est-ce l\u2019amer et d\u00e9routant constat de l\u2019impasse de cette strat\u00e9gie qui conduit la France et la plupart des gouvernements europ\u00e9ens \u00e0 cette fuite en avant \u00e0 la fois militaire et id\u00e9ologique\u00a0: la <a href=\"https:\/\/www.humanite.fr\/monde\/france-allemagne\/en-visite-en-allemagne-macron-et-merz-narrivent-pas-a-leurs-desaccords-en-matiere-darmement\" target=\"_blank\" rel=\"noopener\">course folle aux armements <\/a>et son corollaire, un alarmisme d\u00e9l\u00e9t\u00e8re\u00a0?<\/p>\n<p>Disons-le tout net\u00a0: parall\u00e8lement aux sanctions l\u00e9gitimes contre Moscou, il est indispensable de parler non seulement avec les grands acteurs de la sc\u00e8ne internationale \u2013 Chinois, Indiens, Br\u00e9siliens, Sud-Africains\u2026 \u2013, mais avec les dirigeants de la Russie eux-m\u00eames. Qu\u2019on le veuille ou non, nous partageons le continent europ\u00e9en avec ce grand pays. La reconstruction en commun d\u2019une architecture de s\u00e9curit\u00e9 paneurop\u00e9enne est un imp\u00e9ratif cat\u00e9gorique. Attendre la fin des hostilit\u00e9s pour y r\u00e9fl\u00e9chir et y travailler, c\u2019est rendre la recherche d\u2019une issue encore plus difficile et la future paix plus fragile. En Allemagne, en Espagne, notamment, des voix s\u2019\u00e9l\u00e8vent aussi pour promouvoir un nouveau cours\u00a0: rejoignons-nous.<\/p>\n<p>\u00catre le journal de la paix, notre d\u00e9fi quotidien<\/p>\n<p>Depuis Jaur\u00e8s, la d\u00e9fense de la paix est dans notre ADN.<\/p>\n<ul class=\"wp-block-list\">\n<li>Qui informe encore aujourd\u2019hui sur <strong>les actions des pacifistes<\/strong> pour le d\u00e9sarmement\u00a0?<\/li>\n<li>Combien de m\u00e9dias rappellent que <strong>les combats de d\u00e9colonisation <\/strong>ont encore cours, et qu\u2019ils doivent \u00eatre soutenus\u00a0?<\/li>\n<li>Combien valorisent les <strong>solidarit\u00e9s internationales<\/strong>, et s\u2019engagent sans ambigu\u00eft\u00e9 aux c\u00f4t\u00e9s des exil\u00e9s\u00a0?<\/li>\n<\/ul>\n<p><strong>Nos valeurs n\u2019ont pas de fronti\u00e8res.<\/strong><\/p>\n<p>Aidez-nous \u00e0 soutenir le droit \u00e0 l\u2019autod\u00e9termination et l\u2019option de la paix.<br \/><a href=\"https:\/\/www.humanite.fr\/lhumanite-cest-vous\" target=\"_blank\" rel=\"noopener\">Je veux en savoir plus\u00a0!<\/a><\/p>\n","protected":false},"excerpt":{"rendered":"\u00ab\u00a0La Russie est devenue une menace pour la France et pour l\u2019Europe\u00a0\u00bb\u00a0; \u00ab\u00a0Strasbourg-l\u2019Ukraine, c\u2019est \u00e0 peu pr\u00e8s 1\u00a0500&hellip;\n","protected":false},"author":2,"featured_media":4519,"comment_status":"","ping_status":"","sticky":false,"template":"","format":"standard","meta":{"footnotes":""},"categories":[1590],"tags":[11,1777,674,18055,12,2403,132,39027,220],"class_list":{"0":"post-276086","1":"post","2":"type-post","3":"status-publish","4":"format-standard","5":"has-post-thumbnail","7":"category-ukraine","8":"tag-actualites","9":"tag-eu","10":"tag-europe","11":"tag-militarisation","12":"tag-news","13":"tag-paix","14":"tag-russie","15":"tag-u00e9conomie-de-guerre","16":"tag-ukraine"},"share_on_mastodon":{"url":"https:\/\/pubeurope.com\/@fr\/114921776306939271","error":""},"_links":{"self":[{"href":"https:\/\/www.europesays.com\/fr\/wp-json\/wp\/v2\/posts\/276086","targetHints":{"allow":["GET"]}}],"collection":[{"href":"https:\/\/www.europesays.com\/fr\/wp-json\/wp\/v2\/posts"}],"about":[{"href":"https:\/\/www.europesays.com\/fr\/wp-json\/wp\/v2\/types\/post"}],"author":[{"embeddable":true,"href":"https:\/\/www.europesays.com\/fr\/wp-json\/wp\/v2\/users\/2"}],"replies":[{"embeddable":true,"href":"https:\/\/www.europesays.com\/fr\/wp-json\/wp\/v2\/comments?post=276086"}],"version-history":[{"count":0,"href":"https:\/\/www.europesays.com\/fr\/wp-json\/wp\/v2\/posts\/276086\/revisions"}],"wp:featuredmedia":[{"embeddable":true,"href":"https:\/\/www.europesays.com\/fr\/wp-json\/wp\/v2\/media\/4519"}],"wp:attachment":[{"href":"https:\/\/www.europesays.com\/fr\/wp-json\/wp\/v2\/media?parent=276086"}],"wp:term":[{"taxonomy":"category","embeddable":true,"href":"https:\/\/www.europesays.com\/fr\/wp-json\/wp\/v2\/categories?post=276086"},{"taxonomy":"post_tag","embeddable":true,"href":"https:\/\/www.europesays.com\/fr\/wp-json\/wp\/v2\/tags?post=276086"}],"curies":[{"name":"wp","href":"https:\/\/api.w.org\/{rel}","templated":true}]}}