{"id":276087,"date":"2025-07-26T21:58:14","date_gmt":"2025-07-26T21:58:14","guid":{"rendered":"https:\/\/www.europesays.com\/fr\/276087\/"},"modified":"2025-07-26T21:58:14","modified_gmt":"2025-07-26T21:58:14","slug":"les-etats-unis-suspendent-la-delivrance-de-visas-a-leur-ambassade-au-niger","status":"publish","type":"post","link":"https:\/\/www.europesays.com\/fr\/276087\/","title":{"rendered":"Les \u00c9tats-Unis suspendent la d\u00e9livrance de visas \u00e0 leur ambassade au Niger"},"content":{"rendered":"<p>Les \u00c9tats-Unis ont d\u00e9cid\u00e9 de suspendre jusqu\u2019\u00e0 nouvel ordre tous les services de d\u00e9livrance de visas de routine \u00e0 leur ambassade \u00e0 Niamey, la capitale nig\u00e9rienne, a indiqu\u00e9 un porte-parole du d\u00e9partement d\u2019\u00c9tat ainsi qu\u2019une note interne consult\u00e9e samedi par Reuters.<\/p>\n<p>La note, dat\u00e9e du 25 juillet, ne pr\u00e9cise pas les raisons de cette mesure. Toutefois, le porte-parole a indiqu\u00e9 que la suspension, qui concerne toutes les cat\u00e9gories de visas d\u2019immigrant et de non-immigrant, resterait en vigueur tant que Washington n\u2019aurait pas r\u00e9solu ses \u00ab pr\u00e9occupations avec le gouvernement du Niger \u00bb.<\/p>\n<p>Le porte-parole n\u2019a pas fourni de d\u00e9tails suppl\u00e9mentaires sur les motifs de cette d\u00e9cision, mais a pr\u00e9cis\u00e9 que la plupart des visas diplomatiques et officiels \u00e9taient exempt\u00e9s de cette suspension.<\/p>\n<p>\u00ab L\u2019Administration Trump se concentre sur la protection de notre nation et de nos citoyens en maintenant les plus hauts standards de s\u00e9curit\u00e9 nationale et de s\u00e9curit\u00e9 publique \u00e0 travers notre processus de d\u00e9livrance de visas \u00bb, a d\u00e9clar\u00e9 le porte-parole du D\u00e9partement d\u2019\u00c9tat.<\/p>\n<p>La note diplomatique ordonne \u00e9galement aux agents consulaires dans les autres postes de traitement des visas d\u2019appliquer une \u00ab vigilance accrue \u00bb lors de l\u2019examen des demandes de visas non-immigrants \u00e9manant de ressortissants nig\u00e9riens. Elle souligne que les taux de d\u00e9passement de s\u00e9jour pour les Nig\u00e9riens s\u2019\u00e9l\u00e8vent \u00e0 8\u00a0% pour les visas de visiteur et \u00e0 27\u00a0% pour les visas \u00e9tudiants et d\u2019\u00e9change.<\/p>\n<p>Les responsables consulaires sont ainsi invit\u00e9s \u00e0 redoubler d\u2019efforts pour r\u00e9duire le nombre de d\u00e9passements de s\u00e9jour par les titulaires de visas non-immigrants aux \u00c9tats-Unis. \u00ab \u00c0 cet \u00e9gard, une vigilance particuli\u00e8re est requise lors de l\u2019adjudication des demandes de visas NIV (non-immigrant visas) des Nig\u00e9riens \u00bb, ajoute la note.<\/p>\n<p>L\u2019ambassade am\u00e9ricaine \u00e0 Niamey a inform\u00e9 toutes les personnes concern\u00e9es par cette mesure, a pr\u00e9cis\u00e9 le porte-parole.<\/p>\n<p>Dans le cadre de sa politique stricte sur l\u2019immigration, le pr\u00e9sident Donald Trump a ordonn\u00e9 une campagne nationale d\u2019arrestation des migrants en situation irr\u00e9guli\u00e8re et s\u2019est engag\u00e9 \u00e0 expulser des millions de personnes, menant des descentes sur des lieux de travail, y compris dans des exploitations agricoles qui avaient \u00e9t\u00e9 largement \u00e9pargn\u00e9es durant son premier mandat.<\/p>\n<p>Des responsables de l\u2019administration Trump ont affirm\u00e9 que les titulaires de visas \u00e9tudiants et de cartes vertes risquaient l\u2019expulsion en raison de leur soutien aux Palestiniens et de leurs critiques \u00e0 l\u2019encontre de la conduite d\u2019Isra\u00ebl dans la guerre \u00e0 Gaza, qualifiant leurs actions de menace pour la politique \u00e9trang\u00e8re am\u00e9ricaine et les accusant d\u2019\u00eatre pro-Hamas.<\/p>\n<p>En mai, Marco Rubio a d\u00e9clar\u00e9 que le nombre de visas qu\u2019il avait r\u00e9voqu\u00e9s s\u2019\u00e9levait probablement \u00e0 plusieurs milliers. Le d\u00e9partement d\u2019\u00c9tat, sous sa direction, a consid\u00e9rablement renforc\u00e9 le contr\u00f4le des r\u00e9seaux sociaux des demandeurs de visas am\u00e9ricains.<\/p>\n<p>En septembre, l\u2019arm\u00e9e am\u00e9ricaine a annonc\u00e9 avoir achev\u00e9 son retrait du Niger, apr\u00e8s que la junte au pouvoir dans ce pays d\u2019Afrique de l\u2019Ouest a ordonn\u00e9 en avril 2024 le d\u00e9part des quelque 1\u00a0000 soldats am\u00e9ricains encore pr\u00e9sents sur son sol.<\/p>\n<p>Ce retrait, per\u00e7u comme un revers embarrassant pour Washington, fait suite au coup d\u2019\u00c9tat survenu l\u2019ann\u00e9e derni\u00e8re dans le pays. Avant ce coup d\u2019\u00c9tat, le Niger \u00e9tait un partenaire cl\u00e9 des \u00c9tats-Unis dans la lutte contre les insurg\u00e9s dans la r\u00e9gion du Sahel, o\u00f9 des milliers de personnes ont \u00e9t\u00e9 tu\u00e9es et des millions d\u2019autres d\u00e9plac\u00e9es.<\/p>\n","protected":false},"excerpt":{"rendered":"Les \u00c9tats-Unis ont d\u00e9cid\u00e9 de suspendre jusqu\u2019\u00e0 nouvel ordre tous les services de d\u00e9livrance de visas de routine&hellip;\n","protected":false},"author":2,"featured_media":276088,"comment_status":"","ping_status":"","sticky":false,"template":"","format":"standard","meta":{"footnotes":""},"categories":[1589],"tags":[11,340,73,1866,12,1864,1865,1863,308],"class_list":{"0":"post-276087","1":"post","2":"type-post","3":"status-publish","4":"format-standard","5":"has-post-thumbnail","7":"category-etats-unis","8":"tag-actualites","9":"tag-bourse","10":"tag-etats-unis","11":"tag-etats-unis-damerique","12":"tag-news","13":"tag-united-states","14":"tag-united-states-of-america","15":"tag-us","16":"tag-usa"},"share_on_mastodon":{"url":"https:\/\/pubeurope.com\/@fr\/114921780189093406","error":""},"_links":{"self":[{"href":"https:\/\/www.europesays.com\/fr\/wp-json\/wp\/v2\/posts\/276087","targetHints":{"allow":["GET"]}}],"collection":[{"href":"https:\/\/www.europesays.com\/fr\/wp-json\/wp\/v2\/posts"}],"about":[{"href":"https:\/\/www.europesays.com\/fr\/wp-json\/wp\/v2\/types\/post"}],"author":[{"embeddable":true,"href":"https:\/\/www.europesays.com\/fr\/wp-json\/wp\/v2\/users\/2"}],"replies":[{"embeddable":true,"href":"https:\/\/www.europesays.com\/fr\/wp-json\/wp\/v2\/comments?post=276087"}],"version-history":[{"count":0,"href":"https:\/\/www.europesays.com\/fr\/wp-json\/wp\/v2\/posts\/276087\/revisions"}],"wp:featuredmedia":[{"embeddable":true,"href":"https:\/\/www.europesays.com\/fr\/wp-json\/wp\/v2\/media\/276088"}],"wp:attachment":[{"href":"https:\/\/www.europesays.com\/fr\/wp-json\/wp\/v2\/media?parent=276087"}],"wp:term":[{"taxonomy":"category","embeddable":true,"href":"https:\/\/www.europesays.com\/fr\/wp-json\/wp\/v2\/categories?post=276087"},{"taxonomy":"post_tag","embeddable":true,"href":"https:\/\/www.europesays.com\/fr\/wp-json\/wp\/v2\/tags?post=276087"}],"curies":[{"name":"wp","href":"https:\/\/api.w.org\/{rel}","templated":true}]}}