{"id":276089,"date":"2025-07-26T21:59:09","date_gmt":"2025-07-26T21:59:09","guid":{"rendered":"https:\/\/www.europesays.com\/fr\/276089\/"},"modified":"2025-07-26T21:59:09","modified_gmt":"2025-07-26T21:59:09","slug":"ces-anglais-qui-fuient-leur-propre-pays-tant-limmigration-destabilise-le-royaume-uni","status":"publish","type":"post","link":"https:\/\/www.europesays.com\/fr\/276089\/","title":{"rendered":"Ces Anglais qui fuient leur propre pays tant l\u2019immigration d\u00e9stabilise le Royaume-Uni"},"content":{"rendered":"<p>Fuite massive<\/p>\n<p>\u00c0 bout de souffle, un artisan anglais raconte comment l\u2019envol\u00e9e des prix, la pression fiscale et une immigration sans int\u00e9gration visible le poussent, lui et des milliers d\u2019autres travailleurs qualifi\u00e9s, \u00e0 pr\u00e9parer leur d\u00e9part. Pendant que millionnaires et ouvriers s\u2019exilent, le Royaume\u2011Uni voit s\u2019\u00e9roder sa coh\u00e9sion sociale et son dynamisme \u00e9conomique, au risque de devenir \u00ab\u202fune \u00eele d\u2019\u00e9trangers\u202f\u00bb incapable de se r\u00e9inventer sans sursaut d\u00e9mocratique.<\/p>\n","protected":false},"excerpt":{"rendered":"Fuite massive \u00c0 bout de souffle, un artisan anglais raconte comment l\u2019envol\u00e9e des prix, la pression fiscale et&hellip;\n","protected":false},"author":2,"featured_media":276090,"comment_status":"","ping_status":"","sticky":false,"template":"","format":"standard","meta":{"footnotes":""},"categories":[1588],"tags":[11,1777,674,41551,5072,1061,41552,6059,12,473,1853,1851,1850,1852],"class_list":{"0":"post-276089","1":"post","2":"type-post","3":"status-publish","4":"format-standard","5":"has-post-thumbnail","7":"category-royaume-uni","8":"tag-actualites","9":"tag-eu","10":"tag-europe","11":"tag-grand-remplacement","12":"tag-grande-bretagne","13":"tag-immigration","14":"tag-immigration-de-masse","15":"tag-migration","16":"tag-news","17":"tag-royaume-uni","18":"tag-royaume-uni-de-grande-bretagne-et-dirlande-du-nord","19":"tag-uk","20":"tag-united-kingdom","21":"tag-united-kingdom-of-great-britain-and-northern-ireland"},"share_on_mastodon":{"url":"https:\/\/pubeurope.com\/@fr\/114921784775909871","error":""},"_links":{"self":[{"href":"https:\/\/www.europesays.com\/fr\/wp-json\/wp\/v2\/posts\/276089","targetHints":{"allow":["GET"]}}],"collection":[{"href":"https:\/\/www.europesays.com\/fr\/wp-json\/wp\/v2\/posts"}],"about":[{"href":"https:\/\/www.europesays.com\/fr\/wp-json\/wp\/v2\/types\/post"}],"author":[{"embeddable":true,"href":"https:\/\/www.europesays.com\/fr\/wp-json\/wp\/v2\/users\/2"}],"replies":[{"embeddable":true,"href":"https:\/\/www.europesays.com\/fr\/wp-json\/wp\/v2\/comments?post=276089"}],"version-history":[{"count":0,"href":"https:\/\/www.europesays.com\/fr\/wp-json\/wp\/v2\/posts\/276089\/revisions"}],"wp:featuredmedia":[{"embeddable":true,"href":"https:\/\/www.europesays.com\/fr\/wp-json\/wp\/v2\/media\/276090"}],"wp:attachment":[{"href":"https:\/\/www.europesays.com\/fr\/wp-json\/wp\/v2\/media?parent=276089"}],"wp:term":[{"taxonomy":"category","embeddable":true,"href":"https:\/\/www.europesays.com\/fr\/wp-json\/wp\/v2\/categories?post=276089"},{"taxonomy":"post_tag","embeddable":true,"href":"https:\/\/www.europesays.com\/fr\/wp-json\/wp\/v2\/tags?post=276089"}],"curies":[{"name":"wp","href":"https:\/\/api.w.org\/{rel}","templated":true}]}}