{"id":276091,"date":"2025-07-26T22:00:11","date_gmt":"2025-07-26T22:00:11","guid":{"rendered":"https:\/\/www.europesays.com\/fr\/276091\/"},"modified":"2025-07-26T22:00:11","modified_gmt":"2025-07-26T22:00:11","slug":"le-moral-des-menages-en-baisse","status":"publish","type":"post","link":"https:\/\/www.europesays.com\/fr\/276091\/","title":{"rendered":"Le moral des m\u00e9nages en baisse"},"content":{"rendered":"<p><strong>Les consommateurs allemands affichent une forte inclination \u00e0 \u00e9pargner, en d\u00e9pit du ralentissement de l\u2019inflation, freinant ainsi la reprise de la consommation, selon une \u00e9tude conjointe de l\u2019Institut de recherche sur la consommation (GfK) et l\u2019Institut de Nuremberg pour les d\u00e9cisions de march\u00e9 (NIM).<\/strong><\/p>\n<p>L\u2019indicateur du climat de consommation, calcul\u00e9 \u00e0 partir des perspectives de revenus, de la propension \u00e0 consommer et de la volont\u00e9 d\u2019\u00e9pargner, recule de 1,2 point pour s\u2019\u00e9tablir \u00e0 -21,5 points en ao\u00fbt 2025, contre -20,3 points le mois pr\u00e9c\u00e9dent, soit la deuxi\u00e8me baisse cons\u00e9cutive.<\/p>\n<p>Selon les auteurs de l\u2019\u00e9tude, cette \u00e9volution s\u2019explique principalement par une forte progression de la volont\u00e9 d\u2019\u00e9pargner, en hausse de 2,5 points \u00e0 16,4 points, son plus haut niveau depuis f\u00e9vrier 2024.<\/p>\n<p>Cette tendance, qui ressort de l\u2019enqu\u00eate men\u00e9e aupr\u00e8s de 2.000 participants, s\u2019accompagne d\u2019un net repli de la propension \u00e0 consommer, qui perd 3 points pour atteindre -9,2 points, un niveau proche de celui enregistr\u00e9 en f\u00e9vrier dernier.<\/p>\n<p>\u201cLa reprise du moral des consommateurs continue d\u2019\u00eatre repouss\u00e9e en raison d\u2019une nouvelle hausse de la volont\u00e9 d\u2019\u00e9pargner\u201d, souligne Rolf B\u00fcrkl, responsable du climat de consommation au NIM.<\/p>\n<p>Selon lui, cette prudence des m\u00e9nages s\u2019explique par \u201cl\u2019incertitude g\u00e9n\u00e9rale, la n\u00e9cessit\u00e9 de se pr\u00e9parer \u00e0 des situations difficiles, et le niveau toujours \u00e9lev\u00e9 des prix, notamment pour les produits alimentaires\u201d.<\/p>\n<p>En revanche, les perspectives de revenus poursuivent leur am\u00e9lioration, avec une cinqui\u00e8me hausse cons\u00e9cutive en juillet. L\u2019indicateur gagne 2,4 points pour atteindre 15,2 points, soit son plus haut niveau en un an.<\/p>\n<p>Les auteurs de l\u2019enqu\u00eate attribuent cette \u00e9volution \u00e0 des hausses salariales, \u00e0 l\u2019augmentation des pensions, ainsi qu\u2019\u00e0 une inflation mod\u00e9r\u00e9e, r\u00e9cemment tomb\u00e9e \u00e0 2%, en ligne avec l\u2019objectif de la Banque centrale europ\u00e9enne (BCE).<\/p>\n<p>Les attentes \u00e9conomiques, en revanche, accusent un net recul apr\u00e8s cinq mois de progression. L\u2019indicateur perd 10 points, passant de 20,1 \u00e0 10,1 points. Ce repli refl\u00e8te une perte de confiance des m\u00e9nages dans la reprise \u00e9conomique, sur fond d\u2019incertitudes persistantes et de tensions commerciales, notamment avec les \u00c9tats-Unis.<\/p>\n","protected":false},"excerpt":{"rendered":"Les consommateurs allemands affichent une forte inclination \u00e0 \u00e9pargner, en d\u00e9pit du ralentissement de l\u2019inflation, freinant ainsi la&hellip;\n","protected":false},"author":2,"featured_media":276092,"comment_status":"","ping_status":"","sticky":false,"template":"","format":"standard","meta":{"footnotes":""},"categories":[1587],"tags":[11,672,1804,1805,1803,1777,674,1801,12,1802],"class_list":{"0":"post-276091","1":"post","2":"type-post","3":"status-publish","4":"format-standard","5":"has-post-thumbnail","7":"category-allemagne","8":"tag-actualites","9":"tag-allemagne","10":"tag-bundesrepublik-deutschland","11":"tag-de","12":"tag-deutschland","13":"tag-eu","14":"tag-europe","15":"tag-germany","16":"tag-news","17":"tag-republique-federale-dallemagne"},"share_on_mastodon":{"url":"https:\/\/pubeurope.com\/@fr\/114921788197719370","error":""},"_links":{"self":[{"href":"https:\/\/www.europesays.com\/fr\/wp-json\/wp\/v2\/posts\/276091","targetHints":{"allow":["GET"]}}],"collection":[{"href":"https:\/\/www.europesays.com\/fr\/wp-json\/wp\/v2\/posts"}],"about":[{"href":"https:\/\/www.europesays.com\/fr\/wp-json\/wp\/v2\/types\/post"}],"author":[{"embeddable":true,"href":"https:\/\/www.europesays.com\/fr\/wp-json\/wp\/v2\/users\/2"}],"replies":[{"embeddable":true,"href":"https:\/\/www.europesays.com\/fr\/wp-json\/wp\/v2\/comments?post=276091"}],"version-history":[{"count":0,"href":"https:\/\/www.europesays.com\/fr\/wp-json\/wp\/v2\/posts\/276091\/revisions"}],"wp:featuredmedia":[{"embeddable":true,"href":"https:\/\/www.europesays.com\/fr\/wp-json\/wp\/v2\/media\/276092"}],"wp:attachment":[{"href":"https:\/\/www.europesays.com\/fr\/wp-json\/wp\/v2\/media?parent=276091"}],"wp:term":[{"taxonomy":"category","embeddable":true,"href":"https:\/\/www.europesays.com\/fr\/wp-json\/wp\/v2\/categories?post=276091"},{"taxonomy":"post_tag","embeddable":true,"href":"https:\/\/www.europesays.com\/fr\/wp-json\/wp\/v2\/tags?post=276091"}],"curies":[{"name":"wp","href":"https:\/\/api.w.org\/{rel}","templated":true}]}}