{"id":276095,"date":"2025-07-26T22:02:12","date_gmt":"2025-07-26T22:02:12","guid":{"rendered":"https:\/\/www.europesays.com\/fr\/276095\/"},"modified":"2025-07-26T22:02:12","modified_gmt":"2025-07-26T22:02:12","slug":"la-fougue-du-fc-lorient-b-a-eu-raison-du-stade-briochin-en-amical-a-plaintel","status":"publish","type":"post","link":"https:\/\/www.europesays.com\/fr\/276095\/","title":{"rendered":"La fougue du FC Lorient (B) a eu raison du Stade Briochin en amical \u00e0 Plaintel"},"content":{"rendered":"<p>      Le Stade Briochin a conc\u00e9d\u00e9 sa premi\u00e8re d\u00e9faite lors de son quatri\u00e8me et avant-dernier de pr\u00e9paration, ce samedi au complexe Oc\u00e9ane de Plaintel, face au FC Lorient B, promu en N2.<\/p>\n<p>                    Amical. Stade Briochin (Nat.) &#8211; FC Lorient B (N2)\u00a0: 3-4<\/p>\n<p>\u00ab\u00a0On a rendu une copie brouillonne avec quelques rares bonnes s\u00e9quences, r\u00e9sumait Guillaume Allanou. C\u2019est bien que cela arrive \u00e0 ce stade. \u00bb Apr\u00e8s une entame \u00e0 l\u2019avantage des Griffons valid\u00e9e par l\u2019ouverture du score de Konan (1-0, 4\u2019), les jeunes Morbihannais confisquaient le cuir. L\u2019Hostis connaissait n\u00e9anmoins une seule frayeur. La tentative de Ke\u00efta heurtait le poteau gauche de son but (45\u2019). Au retour des vestiaires, les d\u00e9bats se r\u00e9v\u00e9laient plus ouverts. Un jeu de transition costarmoricain conclu par Achahbar (2-1, 54\u2019) r\u00e9pondait \u00e0 une frappe enroul\u00e9e de Trules (1-1, 48\u2019). Diaby, d\u2019une balle piqu\u00e9e, profitait de contres favorables pour \u00e9galiser (2-2, 58\u2019).<br \/>Les Lorientais prenaient ensuite le large gr\u00e2ce \u00e0 un penalty de Salomon (2-3, 73\u2019) et une frappe dans un angle ferm\u00e9 d\u2019Haribou (2-4, 75\u2019). Le U19 Tour\u00e9 r\u00e9duisait la marque apr\u00e8s s\u2019\u00eatre jou\u00e9 du portier adverse (90\u2019, 3-4). <br \/>\u00ab\u00a0Je suis agr\u00e9ablement surpris de cette premi\u00e8re sortie suite \u00e0 trois semaines de pr\u00e9pa. Certains du groupe de N2 \u00e9taient avec les pros. On a pr\u00e9sent\u00e9 un effectif jeune avec la fougue et de l\u2019envie. Pour moi, il existe deux gros paliers dans le foot actuellement\u00a0: entre le N3 et le N2, et entre la L2 et L1\u00a0\u00bb, affirmait le technicien des Merlus, Arnaud Le Lan. Son vis-\u00e0-vis, Guillaume Allanou, encha\u00eenait\u00a0: \u00ab\u00a0Un dernier gros test nous attend face \u00e0 En Avant Guingamp (vendredi 16\u00a0h \u00e0 Roudourou). On peut tirer les premiers enseignements. L\u2019id\u00e9e \u00e9tait de partager les temps de jeu en 60\u2019-30\u2019 pour ce deuxi\u00e8me match amical de la semaine. Je devrais r\u00e9cup\u00e9rer des bless\u00e9s\u00a0: Beghin, Sadia Diakhabi et Gomis\u00a0\u00bb.<\/p>\n<p class=\"tech\"><strong class=\"tech\">BUTS. <\/strong>Saint-Brieuc\u00a0: Konan (4\u2019), Achahbar (54\u2019), Tour\u00e9 (90\u2019) ; Lorient\u00a0: Trules (48\u2019), El Mezouari (58\u2019), Salomon (73\u2019 sp), Haribou (75\u2019).<\/p>\n<p class=\"tech\"><strong class=\"tech\">Saint-Brieuc\u00a0: 1re p\u00e9riode :<\/strong> L\u2019Hostis (g.) &#8211; Rabuel (Diakit\u00e9, 30\u2019), Y. N\u2019Diaye, Boudin (cap.) &#8211; N\u2019Tumi, Raux-Yao, Lou\u00e9dec, Benha\u00efm &#8211; Zakaharyan, Lopes, Konan. <strong class=\"tech\">2de p\u00e9riode :<\/strong> L\u2019Hostis (D. N\u2019Diaye, 60\u2019) &#8211; Angoua, Y. N\u2019Diaye (Boudin, 75\u2019), Diakit\u00e9 (Rabuel, 60\u2019) &#8211; N\u2019Tumi (Glais, 60\u2019), Raux-Yao (Botherel, 60\u2019), Yob\u00e9 (cap.), Benha\u00efm (B. Diakaby, 60\u2019) &#8211; Zakayran (Tour\u00e9, 60\u2019) &#8211; Konan (Faty, 60\u2019), Achahbar.<\/p>\n<p class=\"tech\"><strong class=\"tech\">LORIENT\u00a0:<\/strong><strong class=\"tech\">1re p\u00e9riode :<\/strong> Bahoya (g.) &#8211; Semenyo, Lougoundji, Neveu, M\u2019Bemba- Hmammouch, Grange, Belarbi, Macon &#8211; Mouledous, Ke\u00efta. \u00a0<strong class=\"tech\">2de p\u00e9riode :<\/strong> Pain- Brault (Semenyo, 85\u2019), Lougoundji, Neveu (Grange, 63\u2019), Liade- Haribou, Marchal, Diaby, Trules &#8211; Salomon, El Mezouari.<\/p>\n<p>Cr\u00e9dit photo : Photo Armel Moreau<\/p>\n","protected":false},"excerpt":{"rendered":"Le Stade Briochin a conc\u00e9d\u00e9 sa premi\u00e8re d\u00e9faite lors de son quatri\u00e8me et avant-dernier de pr\u00e9paration, ce samedi&hellip;\n","protected":false},"author":2,"featured_media":276096,"comment_status":"","ping_status":"","sticky":false,"template":"","format":"standard","meta":{"footnotes":""},"categories":[1586],"tags":[11,1777,674,1779,63,1011,27,12,25,60,1778,364],"class_list":{"0":"post-276095","1":"post","2":"type-post","3":"status-publish","4":"format-standard","5":"has-post-thumbnail","7":"category-europe","8":"tag-actualites","9":"tag-eu","10":"tag-europe","11":"tag-european-union","12":"tag-football","13":"tag-fr","14":"tag-france","15":"tag-news","16":"tag-republique-francaise","17":"tag-sports","18":"tag-ue","19":"tag-union-europeenne"},"share_on_mastodon":{"url":"https:\/\/pubeurope.com\/@fr\/114921795965107770","error":""},"_links":{"self":[{"href":"https:\/\/www.europesays.com\/fr\/wp-json\/wp\/v2\/posts\/276095","targetHints":{"allow":["GET"]}}],"collection":[{"href":"https:\/\/www.europesays.com\/fr\/wp-json\/wp\/v2\/posts"}],"about":[{"href":"https:\/\/www.europesays.com\/fr\/wp-json\/wp\/v2\/types\/post"}],"author":[{"embeddable":true,"href":"https:\/\/www.europesays.com\/fr\/wp-json\/wp\/v2\/users\/2"}],"replies":[{"embeddable":true,"href":"https:\/\/www.europesays.com\/fr\/wp-json\/wp\/v2\/comments?post=276095"}],"version-history":[{"count":0,"href":"https:\/\/www.europesays.com\/fr\/wp-json\/wp\/v2\/posts\/276095\/revisions"}],"wp:featuredmedia":[{"embeddable":true,"href":"https:\/\/www.europesays.com\/fr\/wp-json\/wp\/v2\/media\/276096"}],"wp:attachment":[{"href":"https:\/\/www.europesays.com\/fr\/wp-json\/wp\/v2\/media?parent=276095"}],"wp:term":[{"taxonomy":"category","embeddable":true,"href":"https:\/\/www.europesays.com\/fr\/wp-json\/wp\/v2\/categories?post=276095"},{"taxonomy":"post_tag","embeddable":true,"href":"https:\/\/www.europesays.com\/fr\/wp-json\/wp\/v2\/tags?post=276095"}],"curies":[{"name":"wp","href":"https:\/\/api.w.org\/{rel}","templated":true}]}}