{"id":27611,"date":"2025-04-15T21:21:10","date_gmt":"2025-04-15T21:21:10","guid":{"rendered":"https:\/\/www.europesays.com\/fr\/27611\/"},"modified":"2025-04-15T21:21:10","modified_gmt":"2025-04-15T21:21:10","slug":"lamour-avec-vous-polnareff-a-la-barre-pour-louverture-du-printemps-de-bourges-actualites","status":"publish","type":"post","link":"https:\/\/www.europesays.com\/fr\/27611\/","title":{"rendered":"\u00ab\u00a0L&rsquo;amour avec vous\u00a0\u00bb: Polnareff \u00e0 la barre pour l&rsquo;ouverture du Printemps de Bourges : Actualit\u00e9s"},"content":{"rendered":"<p class=\"lead \">Le Printemps de Bourges a ouvert mardi sa 49e \u00e9dition en m\u00eame temps que le bal des festivals musicaux, avec une pluie de stars, dont le retour de Michel Polnareff, et des nuages sur le plan budg\u00e9taire.<\/p>\n<p class=\"lead \">Le chanteur \u00e0 tubes, dont \u00ab\u00a0Goodbye Marylou\u00a0\u00bb, rempile \u00e0 80 ans pour une nouvelle &#8211; et peut-\u00eatre derni\u00e8re &#8211; tourn\u00e9e, dont Bourges est la premi\u00e8re date fran\u00e7aise, apr\u00e8s un d\u00e9marrage \u00e0 Londres.<\/p>\n<p class=\"lead \">Assis \u00e0 son piano, coiff\u00e9 d&rsquo;un chapeau de cowboy et lunettes blanches sur le nez, Polnareff a entam\u00e9 son show avec un \u00ab\u00a0Bal des Laze\u00a0\u00bb poussif, devant une salle comble.<\/p>\n<p class=\"lead \">\u00ab\u00a0Avant de monter sur sc\u00e8ne, je suis toujours dans un \u00e9tat absolument \u00e9pouvantable. Et \u00e7a prend 2-3 titres pour se dire: bon, je suis content d&rsquo;\u00eatre l\u00e0\u00a0\u00bb, confiait \u00ab\u00a0Polna\u00a0\u00bb \u00e0 l&rsquo;AFP, fin mars.<\/p>\n<p class=\"lead \">Mais le rythme s&rsquo;est ensuite acc\u00e9l\u00e9r\u00e9, avec une voix toujours pr\u00e9sente pour chanter ses succ\u00e8s des ann\u00e9es 1960 \u00e0 1980: \u00ab\u00a0Tam Tam\u00a0\u00bb, \u00ab\u00a0La poup\u00e9e qui fait non\u00a0\u00bb et \u00ab\u00a0L&rsquo;Amour avec toi\u00a0\u00bb dont il a remplac\u00e9 les paroles par \u00ab\u00a0l&rsquo;amour avec vous\u00a0\u00bb.<\/p>\n<p class=\"lead \">Il a aussi invit\u00e9 le public \u00e0 lui souffler le prochain morceau, fa\u00e7on \u00ab\u00a0chanson \u00e0 la demande\u00a0\u00bb.<\/p>\n<p class=\"lead \">&#8211; \u00ab\u00a0Amiral\u00a0\u00bb et moussaillons &#8211;<\/p>\n<p class=\"lead \">\u00ab\u00a0L&rsquo;Amiral\u00a0\u00bb montre qu&rsquo;il n&rsquo;est pas encore pr\u00eat \u00e0 l\u00e2cher la barre, apr\u00e8s avoir essuy\u00e9 des critiques sur la qualit\u00e9 de prestations en 2023.<\/p>\n<p class=\"lead \">Il revient avec \u00ab\u00a0Un temps pour elles\u00a0\u00bb, un album attendu le 25 avril.<\/p>\n<p class=\"lead \">Avant lui, Emma Peters a lanc\u00e9 la soir\u00e9e: la chanteuse, qui a explos\u00e9 avec un remix de sa reprise de \u00ab\u00a0Clandestina\u00a0\u00bb, a \u00e9t\u00e9 berc\u00e9e par les tubes de Michel Polnareff. \u00ab\u00a0J&rsquo;avais un double CD \u00e0 la maison que j&rsquo;\u00e9coutais sur mon walkman, donc c&rsquo;est vraiment un plaisir d&rsquo;\u00eatre programm\u00e9e avec lui ce soir\u00a0\u00bb, a-t-elle confi\u00e9 \u00e0 l&rsquo;AFP, avant son concert.<\/p>\n<p class=\"lead \">L&rsquo;affiche du Printemps se d\u00e9cline aussi sous diff\u00e9rents styles: la \u00ab\u00a0grenade\u00a0\u00bb pop Clara Luciani, l&rsquo;ind\u00e9branchable Jean-Louis Aubert, l&rsquo;artiste \u00e9lectro The Avener ou encore Lucky Love et Styleto, tous deux nomm\u00e9s aux derni\u00e8res Victoires de la musique.<\/p>\n<p class=\"lead \">La fin de semaine se fera plus rap, avec la nouvelle r\u00e9f\u00e9rence Tiakola, la star alg\u00e9rienne Soolking, l&rsquo;ancien youtubeur Th\u00e9odort (\u00ab\u00a0Wayeh\u00a0\u00bb) ou encore Vald, de retour avec son remarqu\u00e9 \u00ab\u00a0Pand\u00e9monium\u00a0\u00bb.<\/p>\n<p class=\"lead \">La d\u00e9couverte continue \u00e9galement d&rsquo;\u00eatre l&rsquo;ADN du festival du centre de la France: depuis 40 ans, son dispositif national d&rsquo;accompagnement, les Inou\u00efs, a pris sous son aile 1.600 artistes. Feu! Chatterton, Fishbach et Eddy de Pretto &#8211; pr\u00e9sident du jury 2025 -, y sont pass\u00e9s.<\/p>\n<p class=\"lead \">Le Printemps de Bourges d\u00e9voile en parall\u00e8le six cr\u00e9ations, dont une c\u00e9l\u00e9bration du r\u00e9pertoire d&rsquo;Oum Kalthoum, disparue il y a 50 ans.<\/p>\n<p class=\"lead \">\u00ab\u00a0C&rsquo;est un peu magique: il y a des t\u00eates d&rsquo;affiche et tout un tas d&rsquo;artistes pour les +djeuns+ (\u00ab\u00a0les jeunes\u00a0\u00bb) ou moins connus\u00a0\u00bb, s&rsquo;enthousiasme Erika Maurice, 54 ans, venue avec sa fille. M\u00eame si \u00ab\u00a0\u00e7a a chang\u00e9, j&rsquo;ai connu l&rsquo;\u00e9poque Daniel Colling (co-fondateur du festival d\u00e9c\u00e9d\u00e9 en janvier), c&rsquo;\u00e9taient des javas non-stop !\u00a0\u00bb.<\/p>\n<p class=\"lead \">Un hommage lui sera rendu mercredi, en pr\u00e9sence de la ministre de la Culture Rachida Dati.<\/p>\n<p class=\"lead \">&#8211; Coup de rabot &#8211;<\/p>\n<p class=\"lead \">Les concerts se tiennent jusqu&rsquo;\u00e0 samedi mais le festival bat jusqu&rsquo;\u00e0 dimanche avec \u00ab\u00a0le Printemps dans la ville\u00a0\u00bb, sa d\u00e9clinaison gratuite.<\/p>\n<p class=\"lead \">Tous espaces confondus, Bourges a accueilli environ 250.000 festivaliers l&rsquo;ann\u00e9e derni\u00e8re.<\/p>\n<p class=\"lead \">A l&rsquo;approche de la cinquantaine, le Printemps ne peut pas se reposer sur ses lauriers: entre baisse des cr\u00e9dits et inflation des co\u00fbts de production et des cachets, l&rsquo;effet ciseau plombe ses finances.<\/p>\n<p class=\"lead \">Pour la premi\u00e8re fois en dix ans, le budget &#8211; 7,5 millions d&rsquo;euros en 2024 &#8211; a \u00e9t\u00e9 revu \u00e0 la baisse, amput\u00e9 de 400.000 euros de financement, dont 250.000 euros d&rsquo;aides publiques. Une situation qui refl\u00e8te de r\u00e9cents arbitrages politiques d\u00e9favorables au milieu culturel.<\/p>\n<p class=\"lead \">\u00ab\u00a0C&rsquo;est une d\u00e9croissance contrainte\u00a0\u00bb, observe son directeur Boris Vedel, estimant qu&rsquo;il n&rsquo;y a pas d&rsquo;autre choix que de \u00ab\u00a0se renforcer sur l&rsquo;\u00e9mergence\u00a0\u00bb, plut\u00f4t que lorgner sur de gros noms.<\/p>\n<p class=\"lead \">Ce constat est similaire \u00e0 celui d&rsquo;autres festivals, qui font \u00e9galement face \u00e0 une offre multiple, un changement de consommation des jeunes fans et sont \u00e0 la merci des caprices m\u00e9t\u00e9orologiques. <\/p>\n<p class=\"lead \">Selon le Centre national de la musique, 44% des festivals affichant des taux de remplissage sup\u00e9rieurs \u00e0 90% ont boucl\u00e9 une \u00e9dition d\u00e9ficitaire en 2024. <\/p>\n<p class=\"small font-weight-bold text-gray3 \"> publi\u00e9 le 15 avril \u00e0 22h44, AFP<\/p>\n<p>                             Partager<\/p>\n","protected":false},"excerpt":{"rendered":"Le Printemps de Bourges a ouvert mardi sa 49e \u00e9dition en m\u00eame temps que le bal des festivals&hellip;\n","protected":false},"author":2,"featured_media":27612,"comment_status":"","ping_status":"","sticky":false,"template":"","format":"standard","meta":{"footnotes":""},"categories":[1355],"tags":[1971,58,59,849,1011,27,1361,873],"class_list":{"0":"post-27611","1":"post","2":"type-post","3":"status-publish","4":"format-standard","5":"has-post-thumbnail","7":"category-musique","8":"tag-clbrits","9":"tag-divertissement","10":"tag-entertainment","11":"tag-festival","12":"tag-fr","13":"tag-france","14":"tag-music","15":"tag-musique"},"share_on_mastodon":{"url":"https:\/\/pubeurope.com\/@fr\/114344079334928893","error":""},"_links":{"self":[{"href":"https:\/\/www.europesays.com\/fr\/wp-json\/wp\/v2\/posts\/27611","targetHints":{"allow":["GET"]}}],"collection":[{"href":"https:\/\/www.europesays.com\/fr\/wp-json\/wp\/v2\/posts"}],"about":[{"href":"https:\/\/www.europesays.com\/fr\/wp-json\/wp\/v2\/types\/post"}],"author":[{"embeddable":true,"href":"https:\/\/www.europesays.com\/fr\/wp-json\/wp\/v2\/users\/2"}],"replies":[{"embeddable":true,"href":"https:\/\/www.europesays.com\/fr\/wp-json\/wp\/v2\/comments?post=27611"}],"version-history":[{"count":0,"href":"https:\/\/www.europesays.com\/fr\/wp-json\/wp\/v2\/posts\/27611\/revisions"}],"wp:featuredmedia":[{"embeddable":true,"href":"https:\/\/www.europesays.com\/fr\/wp-json\/wp\/v2\/media\/27612"}],"wp:attachment":[{"href":"https:\/\/www.europesays.com\/fr\/wp-json\/wp\/v2\/media?parent=27611"}],"wp:term":[{"taxonomy":"category","embeddable":true,"href":"https:\/\/www.europesays.com\/fr\/wp-json\/wp\/v2\/categories?post=27611"},{"taxonomy":"post_tag","embeddable":true,"href":"https:\/\/www.europesays.com\/fr\/wp-json\/wp\/v2\/tags?post=27611"}],"curies":[{"name":"wp","href":"https:\/\/api.w.org\/{rel}","templated":true}]}}