{"id":276112,"date":"2025-07-26T22:13:12","date_gmt":"2025-07-26T22:13:12","guid":{"rendered":"https:\/\/www.europesays.com\/fr\/276112\/"},"modified":"2025-07-26T22:13:12","modified_gmt":"2025-07-26T22:13:12","slug":"tour-de-france-femmes-2025-altruisme-etat-de-forme-comment-pauline-ferrand-prevot-a-rassure-dentree-avec-sa-3e-place","status":"publish","type":"post","link":"https:\/\/www.europesays.com\/fr\/276112\/","title":{"rendered":"Tour de France femmes 2025. Altruisme, \u00e9tat de forme&#8230; comment Pauline Ferrand-Pr\u00e9vot a rassur\u00e9 d&rsquo;entr\u00e9e avec sa 3e place"},"content":{"rendered":"<p>Si elle avait \u00e9t\u00e9 seule sur la photo, on aurait pu croire que c\u2019\u00e9tait elle, la gagnante du jour. Le bras lev\u00e9 et le sourire radieux au sommet de la c\u00f4te de Cadoudal, <a href=\"https:\/\/www.ledauphine.com\/p\/pauline-ferrand-prevot\" target=\"_blank\" rel=\"noopener\">Pauline Ferrand-Pr\u00e9vot<\/a> ne cachait pas sa joie de voir s\u2019imposer sa co\u00e9quipi\u00e8re n\u00e9erlandaise Marianne Vos. Au terme d\u2019une \u00e9tape aussi courte (78,8km) que nerveuse, la t\u00eate d\u2019affiche fran\u00e7aise a dissip\u00e9 toutes les interrogations qui pouvaient encore exister sur sa capacit\u00e9 \u00e0 rivaliser avec les meilleures.<\/p>\n<p>Escalad\u00e9e trois fois par le peloton, la bosse au sommet de laquelle \u00e9tait jug\u00e9e l\u2019arriv\u00e9e a fait le tri parmi les favorites lors de leur ultime passage. Menant un train d\u2019enfer \u00e0 l\u2019avant, \u201cPFP\u201d a presque sembl\u00e9 surprise de se retrouver seule aussi rapidement. \u00ab\u00a0J\u2019ai vu que j\u2019avais cr\u00e9\u00e9 un petit \u00e9cart donc j\u2019ai continu\u00e9 \u00e0 tout donner jusqu\u2019\u00e0 la fin, en me disant que je verrais bien, analysait la star fran\u00e7aise apr\u00e8s la course, je pense que pour Marianne, c\u2019\u00e9tait mieux de finir sur une sorte de long sprint et que \u00e7a ne se regarde pas trop.\u00a0\u00bb<\/p>\n<p>  La journ\u00e9e parfaite pour la Visma<\/p>\n<p>Finalement, Ferrand-Pr\u00e9vot s\u2019est presque arr\u00eat\u00e9e avant la ligne pour laisser passer la v\u00e9t\u00e9rane batave (38 ans), qui a devanc\u00e9 au sprint la Mauricienne Kim Le Court Pienaar(AG Insurance-Soudal). \u00ab\u00a0Je suis tellement contente pour Marianne\u00a0! Elle m\u2019a vraiment aid\u00e9 \u00e0 gagner Paris-Roubaix\u00a0\u00bb, savourait encore la Fran\u00e7aise derri\u00e8re la ligne d\u2019arriv\u00e9e.<\/p>\n<p>Pour la formation Visma\u2013Lease a bike, cette premi\u00e8re journ\u00e9e de course est parfaitement n\u00e9goci\u00e9e, avec l\u2019obtention du maillot jaune, et une leader id\u00e9alement positionn\u00e9e au g\u00e9n\u00e9ral. \u00ab\u00a0On ne voulait pas forc\u00e9ment que moi je gagne, on voulait surtout que je finisse dans le train des premi\u00e8res pour ne pas perdre de temps au g\u00e9n\u00e9ral\u00a0\u00bb, r\u00e9sumait \u201cPFP\u201d, qui s\u2019est rassur\u00e9e sur son \u00e9tat de forme.<\/p>\n<p>L\u2019essentiel des pr\u00e9tendantes \u00e0 la couronne, si elles ne sont pas parvenues \u00e0 suivre le rythme impos\u00e9 par la Fran\u00e7aise, n\u2019ont toutefois pas \u00e9t\u00e9 trop mises \u00e0 mal. La Maillot Jaune sortante, Katarzyna-Niewiadoma (Canyon-Sram), quatri\u00e8me, et Demi Vollering (FDJ-Suez) cinqui\u00e8me, ne perdent qu\u2019une poign\u00e9e de secondes sur Ferrand-Pr\u00e9vot, tout comme Anna van der Breggen (SD Worx), qui obtient la septi\u00e8me place.<\/p>\n<p>Les coureuses les plus en vue sur le Giro semblent avoir encore leur \u00e9pop\u00e9e italienne dans les jambes. La Transalpine Elisa Longo-Borghini (Lidl-Trek), sacr\u00e9e du maillot rose il y a deux semaines, n\u2019est pas parvenue \u00e0 coller aux meilleures et accuse d\u00e9j\u00e0 1\u201902\u2019\u2019 de retard sur la t\u00eate. Un moindre mal compar\u00e9 au sort de la deuxi\u00e8me du Tour d\u2019Italie, la Suissesse Marlen Reusser (Movistar), qui a d\u00e9j\u00e0 abandonn\u00e9. Malade depuis quelques jours et victime d\u2019une chute en cours d\u2019\u00e9tape, elle n\u2019aura pas su tenir son rang.<\/p>\n<p>Le quatri\u00e8me Tour de France femmes a d\u00e9marr\u00e9 \u00e0 toute vitesse, et bonne nouvelle\u00a0: le parcours sera aussi bossel\u00e9 ce dimanche. En 2022, Marianne Vos avait port\u00e9 le maillot jaune cinq jours\u2026 cela pourrait encore un peu durer cette ann\u00e9e, surtout avec une telle Pauline Ferrand-Pr\u00e9vot dans son \u00e9quipe.<\/p>\n","protected":false},"excerpt":{"rendered":"Si elle avait \u00e9t\u00e9 seule sur la photo, on aurait pu croire que c\u2019\u00e9tait elle, la gagnante du&hellip;\n","protected":false},"author":2,"featured_media":276113,"comment_status":"","ping_status":"","sticky":false,"template":"","format":"standard","meta":{"footnotes":""},"categories":[1411],"tags":[1154,207,107,1011,27,517,1947,60,26588],"class_list":{"0":"post-276112","1":"post","2":"type-post","3":"status-publish","4":"format-standard","5":"has-post-thumbnail","7":"category-cyclisme","8":"tag-cycling","9":"tag-cyclisme","10":"tag-fil-info","11":"tag-fr","12":"tag-france","13":"tag-sport","14":"tag-sport-national","15":"tag-sports","16":"tag-tour-de-france-feminin"},"share_on_mastodon":{"url":"https:\/\/pubeurope.com\/@fr\/114921839269289505","error":""},"_links":{"self":[{"href":"https:\/\/www.europesays.com\/fr\/wp-json\/wp\/v2\/posts\/276112","targetHints":{"allow":["GET"]}}],"collection":[{"href":"https:\/\/www.europesays.com\/fr\/wp-json\/wp\/v2\/posts"}],"about":[{"href":"https:\/\/www.europesays.com\/fr\/wp-json\/wp\/v2\/types\/post"}],"author":[{"embeddable":true,"href":"https:\/\/www.europesays.com\/fr\/wp-json\/wp\/v2\/users\/2"}],"replies":[{"embeddable":true,"href":"https:\/\/www.europesays.com\/fr\/wp-json\/wp\/v2\/comments?post=276112"}],"version-history":[{"count":0,"href":"https:\/\/www.europesays.com\/fr\/wp-json\/wp\/v2\/posts\/276112\/revisions"}],"wp:featuredmedia":[{"embeddable":true,"href":"https:\/\/www.europesays.com\/fr\/wp-json\/wp\/v2\/media\/276113"}],"wp:attachment":[{"href":"https:\/\/www.europesays.com\/fr\/wp-json\/wp\/v2\/media?parent=276112"}],"wp:term":[{"taxonomy":"category","embeddable":true,"href":"https:\/\/www.europesays.com\/fr\/wp-json\/wp\/v2\/categories?post=276112"},{"taxonomy":"post_tag","embeddable":true,"href":"https:\/\/www.europesays.com\/fr\/wp-json\/wp\/v2\/tags?post=276112"}],"curies":[{"name":"wp","href":"https:\/\/api.w.org\/{rel}","templated":true}]}}