{"id":276118,"date":"2025-07-26T22:17:11","date_gmt":"2025-07-26T22:17:11","guid":{"rendered":"https:\/\/www.europesays.com\/fr\/276118\/"},"modified":"2025-07-26T22:17:11","modified_gmt":"2025-07-26T22:17:11","slug":"lauteur-gerard-dupuy-evoque-ses-reflexions-decriture","status":"publish","type":"post","link":"https:\/\/www.europesays.com\/fr\/276118\/","title":{"rendered":"L\u2019auteur G\u00e9rard Dupuy \u00e9voque ses r\u00e9flexions d\u2019\u00e9criture"},"content":{"rendered":"<p>Le retour de l\u2019esp\u00e9rance, c\u2019est le d\u00e9fi que s\u2019est donn\u00e9 \u00e0 relever l\u2019auteur G\u00e9rard Dupuy de cinq ouvrages parus et \u00e0 para\u00eetre, pour le dernier, depuis 2022, d\u00e9but du conflit ukrainien, facteur d\u00e9clenchant de la r\u00e9flexion d\u2019une \u00e9criture \u00e0 la fois archa\u00efque et originale.<\/p>\n<p>L\u2019auteur est m\u00e9decin, il part \u00ab\u00a0de la physiologie et des fonctions biologiques du corps, m\u00e9connues ou n\u00e9glig\u00e9es, pour discerner le biais de perception faisant passer notre humanit\u00e9 de sa nature propre \u00e0 la d\u00e9nature de la violence et de la guerre\u00a0\u00bb.<\/p>\n<p>Partant d\u2019une intuition que le sang (tout comme la s\u00e8ve des plantes) \u00ab\u00a0portait une probable fonction temporelle : une dur\u00e9e, transitoire, offrant l\u2019existence\u00a0\u00bb. Une \u00e9ternit\u00e9, infinie, consacrant la vie. L\u2019\u00e9tude m\u00e9thodique de cette intuition a ouvert le champ inattendu d\u2019une nouvelle physiologie qui n\u2019est plus seulement spatiale, mais aussi temporelle.<\/p>\n<p>De ce fait, \u00ab\u00a0la violence humaine end\u00e9mique et imm\u00e9moriale n\u2019est plus une fatalit\u00e9, mais, rel\u00e8ve de notre responsabilit\u00e9\u00a0\u00bb.<\/p>\n<p>Cinq ouvrages aux \u00e9ditions Baudelaire \u00e0 Lyon diffusion par Hachette \u2013 en France et pays francophones \u2013 L\u2019auteur G\u00e9rard Dupuy vit \u00e0 Montolieu depuis 1993. <\/p>\n<p>Le titre du 4e livre : Le don des dons, retour en gr\u00e2ce du r\u00e9el.<\/p>\n<p>Le 5e : L\u2019\u00c9vangile du sang \u2013 Non sens de la guerre (\u00e0 para\u00eetre \u00e9t\u00e9 2025).<\/p>\n","protected":false},"excerpt":{"rendered":"Le retour de l\u2019esp\u00e9rance, c\u2019est le d\u00e9fi que s\u2019est donn\u00e9 \u00e0 relever l\u2019auteur G\u00e9rard Dupuy de cinq ouvrages&hellip;\n","protected":false},"author":2,"featured_media":276119,"comment_status":"","ping_status":"","sticky":false,"template":"","format":"standard","meta":{"footnotes":""},"categories":[1357],"tags":[1379,58,59,1011,27,1380],"class_list":{"0":"post-276118","1":"post","2":"type-post","3":"status-publish","4":"format-standard","5":"has-post-thumbnail","7":"category-livres","8":"tag-books","9":"tag-divertissement","10":"tag-entertainment","11":"tag-fr","12":"tag-france","13":"tag-livres"},"share_on_mastodon":{"url":"https:\/\/pubeurope.com\/@fr\/114921855075499090","error":""},"_links":{"self":[{"href":"https:\/\/www.europesays.com\/fr\/wp-json\/wp\/v2\/posts\/276118","targetHints":{"allow":["GET"]}}],"collection":[{"href":"https:\/\/www.europesays.com\/fr\/wp-json\/wp\/v2\/posts"}],"about":[{"href":"https:\/\/www.europesays.com\/fr\/wp-json\/wp\/v2\/types\/post"}],"author":[{"embeddable":true,"href":"https:\/\/www.europesays.com\/fr\/wp-json\/wp\/v2\/users\/2"}],"replies":[{"embeddable":true,"href":"https:\/\/www.europesays.com\/fr\/wp-json\/wp\/v2\/comments?post=276118"}],"version-history":[{"count":0,"href":"https:\/\/www.europesays.com\/fr\/wp-json\/wp\/v2\/posts\/276118\/revisions"}],"wp:featuredmedia":[{"embeddable":true,"href":"https:\/\/www.europesays.com\/fr\/wp-json\/wp\/v2\/media\/276119"}],"wp:attachment":[{"href":"https:\/\/www.europesays.com\/fr\/wp-json\/wp\/v2\/media?parent=276118"}],"wp:term":[{"taxonomy":"category","embeddable":true,"href":"https:\/\/www.europesays.com\/fr\/wp-json\/wp\/v2\/categories?post=276118"},{"taxonomy":"post_tag","embeddable":true,"href":"https:\/\/www.europesays.com\/fr\/wp-json\/wp\/v2\/tags?post=276118"}],"curies":[{"name":"wp","href":"https:\/\/api.w.org\/{rel}","templated":true}]}}