{"id":276127,"date":"2025-07-26T22:23:11","date_gmt":"2025-07-26T22:23:11","guid":{"rendered":"https:\/\/www.europesays.com\/fr\/276127\/"},"modified":"2025-07-26T22:23:11","modified_gmt":"2025-07-26T22:23:11","slug":"lacteur-micheal-ward-a-laffiche-d-eddington-inculpe-pour-des-viols-et-agressions-sexuelles","status":"publish","type":"post","link":"https:\/\/www.europesays.com\/fr\/276127\/","title":{"rendered":"L\u2019acteur Micheal Ward, \u00e0 l\u2019affiche d\u2019\u00ab\u00a0Eddington\u00a0\u00bb, inculp\u00e9 pour des viols et agressions sexuelles"},"content":{"rendered":"<p>        <img decoding=\"async\" loading=\"lazy\" src=\"https:\/\/www.europesays.com\/fr\/wp-content\/uploads\/2025\/07\/0aa3e1d_upload-1-vg1ha7qkmayn-afp-20250520-2215538016-v2-highres-eddingtonphotocallthe78thannualcann.jpeg\"  width=\"728\" height=\"410\" alt=\"L\u2019acteur Micheal Ward, ici photographi\u00e9 lors du festival de Cannes 2025.\"\/>  <\/p>\n<p>PASCAL LE SEGRETAIN \/ Getty Images via AFP<\/p>\n<p>L\u2019acteur Micheal Ward, ici photographi\u00e9 lors du festival de Cannes 2025.<\/p>\n<p class=\"asset asset-text\">ROYAUME-UNI &#8211; Connu pour son r\u00f4le dans la s\u00e9rie Top Boy et \u00e0 l\u2019affiche actuellement du film <a href=\"https:\/\/www.huffingtonpost.fr\/culture\/video\/l-ete-de-pedro-pascal-bat-son-plein-avec-la-sortie-d-eddington-au-cinema-et-personne-ne-s-en-plaint_252467.html\" target=\"_blank\" rel=\"noopener\" title=\"Nouvelle fen\u00eatre\">Eddington<\/a>, l\u2019acteur britannique Micheal Ward est inculp\u00e9 pour des faits de viols et d\u2019agressions sexuelles, a indiqu\u00e9 la Metropolitan Police (MET) dans <a href=\"https:\/\/news.met.police.uk\/news\/micheal-ward-charged-with-rape-and-sexual-assault-by-the-met-police-499599\" target=\"_blank\" rel=\"noopener\" title=\"Nouvelle fen\u00eatre\">un communiqu\u00e9<\/a> publi\u00e9 vendredi 25\u00a0juillet et repris par plusieurs m\u00e9dias britanniques, dont <a href=\"https:\/\/www.theguardian.com\/uk-news\/2025\/jul\/25\/top-boy-actor-micheal-ward-charged-rape-sexual-assault\" target=\"_blank\" rel=\"noopener\" title=\"Nouvelle fen\u00eatre\">The Guardian<\/a>.<\/p>\n<p class=\"asset asset-text\">Les faits reproch\u00e9s \u2013 deux <a href=\"https:\/\/www.huffingtonpost.fr\/politique\/article\/la-notion-de-non-consentement-dans-la-definition-du-viol-approuvee-a-l-unanimite-au-senat_251542.html\" target=\"_blank\" rel=\"noopener\">viols<\/a> et trois agressions sexuelles \u2013 concernent tous la m\u00eame la victime et remontent \u00e0 janvier\u00a02023. \u00ab\u00a0Nos agents sp\u00e9cialis\u00e9s continuent d\u2019apporter leur soutien \u00e0 la femme qui s\u2019est manifest\u00e9e\u00a0\u00bb, a comment\u00e9 le commissaire Scott Ware, dont l\u2019\u00e9quipe dirige l\u2019enqu\u00eate de la MET. \u00ab\u00a0Nous savons que les enqu\u00eates de ce type peuvent avoir un impact significatif sur les personnes qui portent plainte\u00a0\u00bb, a-t-il soulign\u00e9.<\/p>\n<p class=\"asset asset-text\">Micheal Ward doit d\u00e9sormais compara\u00eetre le 28\u00a0ao\u00fbt devant une \u00ab\u00a0Magistrates\u2019 Court\u00a0\u00bb \u2013 la juridiction p\u00e9nale de base au Royaume-Uni \u2013 situ\u00e9e dans le district de Bow, \u00e0 l\u2019est de Londres. L\u2019acteur de 27\u00a0ans a \u00ab\u00a0ni[\u00e9] totalement les accusations port\u00e9es contre [lui]\u00a0\u00bb dans un communiqu\u00e9 publi\u00e9 vendredi.<\/p>\n<p>    Micheal Ward se dit \u00ab\u00a0convaincu\u00a0\u00bb qu\u2019il sera acquitt\u00e9    <\/p>\n<p class=\"asset asset-text\">\u00ab\u00a0J\u2019ai pleinement coop\u00e9r\u00e9 avec la police tout au long de l\u2019enqu\u00eate et je continuerai \u00e0 le faire\u00a0\u00bb, poursuit-il, assurant qu\u2019il est \u00ab\u00a0convaincu\u00a0\u00bb que la \u00ab\u00a0proc\u00e9dure en cours\u00a0[\u2026] aboutira \u00e0 [son] acquittement\u00a0\u00bb. \u00ab\u00a0Compte tenu de cette proc\u00e9dure, je ne suis pas en mesure de faire d\u2019autres commentaires\u00a0\u00bb, ajoute le communiqu\u00e9.<\/p>\n<p class=\"asset asset-text\">L\u2019acteur britannique d\u2019origine jama\u00efquaine s\u2019est fait conna\u00eetre pour son r\u00f4le dans la s\u00e9rie Top Boy, diffus\u00e9e de 2013\u00a0\u00e0 2022\u00a0et disponible sur Netflix. Il y incarne Jamie, un adolescent qui grandit dans le milieu londonien de la drogue. \u00c9galement remarqu\u00e9 dans les films Blue Story ou The Old Guard, Micheal Ward avait remport\u00e9 en 2020\u00a0le <a href=\"https:\/\/www.huffingtonpost.fr\/culture\/article\/aux-bafta-2025-demi-moore-se-fait-voler-la-vedette-sur-le-tapis-rouge-par-quatre-celebrites-inattendues_246294.html\" target=\"_blank\" rel=\"noopener\">BAFTA<\/a> Rising Star Award, qui c\u00e9l\u00e8bre les acteurs en d\u00e9but de carri\u00e8re.<\/p>\n<p class=\"asset asset-text\">Il a depuis \u00e9t\u00e9 nomm\u00e9 \u00e0 deux reprises aux BAFTA pour la mini-s\u00e9rie de la BBC Small Axe en 2021\u00a0et pour le film <a href=\"https:\/\/www.huffingtonpost.fr\/culture\/video\/dans-empire-of-light-sam-mendes-met-le-cinema-en-lumiere-mais-pas-que-clx1_214641.html\" target=\"_blank\" rel=\"noopener\">Empire of Light<\/a> en 2023. Actuellement, il est \u00e0 l\u2019affiche d\u2019Eddington, le film pr\u00e9sent\u00e9 au dernier Festival de Cannes dans lequel il joue le r\u00f4le d\u2019un policier aux c\u00f4t\u00e9s de Joaquin Phoenix.<\/p>\n","protected":false},"excerpt":{"rendered":"PASCAL LE SEGRETAIN \/ Getty Images via AFP L\u2019acteur Micheal Ward, ici photographi\u00e9 lors du festival de Cannes&hellip;\n","protected":false},"author":2,"featured_media":276128,"comment_status":"","ping_status":"","sticky":false,"template":"","format":"standard","meta":{"footnotes":""},"categories":[8],"tags":[253,650,251,58,59,1011,27,303,473,595,799],"class_list":{"0":"post-276127","1":"post","2":"type-post","3":"status-publish","4":"format-standard","5":"has-post-thumbnail","7":"category-divertissement","8":"tag-acteur","9":"tag-cinema","10":"tag-culture","11":"tag-divertissement","12":"tag-entertainment","13":"tag-fr","14":"tag-france","15":"tag-justice","16":"tag-royaume-uni","17":"tag-serie-tv","18":"tag-violences-sexuelles"},"share_on_mastodon":{"url":"https:\/\/pubeurope.com\/@fr\/114921878709798181","error":""},"_links":{"self":[{"href":"https:\/\/www.europesays.com\/fr\/wp-json\/wp\/v2\/posts\/276127","targetHints":{"allow":["GET"]}}],"collection":[{"href":"https:\/\/www.europesays.com\/fr\/wp-json\/wp\/v2\/posts"}],"about":[{"href":"https:\/\/www.europesays.com\/fr\/wp-json\/wp\/v2\/types\/post"}],"author":[{"embeddable":true,"href":"https:\/\/www.europesays.com\/fr\/wp-json\/wp\/v2\/users\/2"}],"replies":[{"embeddable":true,"href":"https:\/\/www.europesays.com\/fr\/wp-json\/wp\/v2\/comments?post=276127"}],"version-history":[{"count":0,"href":"https:\/\/www.europesays.com\/fr\/wp-json\/wp\/v2\/posts\/276127\/revisions"}],"wp:featuredmedia":[{"embeddable":true,"href":"https:\/\/www.europesays.com\/fr\/wp-json\/wp\/v2\/media\/276128"}],"wp:attachment":[{"href":"https:\/\/www.europesays.com\/fr\/wp-json\/wp\/v2\/media?parent=276127"}],"wp:term":[{"taxonomy":"category","embeddable":true,"href":"https:\/\/www.europesays.com\/fr\/wp-json\/wp\/v2\/categories?post=276127"},{"taxonomy":"post_tag","embeddable":true,"href":"https:\/\/www.europesays.com\/fr\/wp-json\/wp\/v2\/tags?post=276127"}],"curies":[{"name":"wp","href":"https:\/\/api.w.org\/{rel}","templated":true}]}}