{"id":276129,"date":"2025-07-26T22:24:14","date_gmt":"2025-07-26T22:24:14","guid":{"rendered":"https:\/\/www.europesays.com\/fr\/276129\/"},"modified":"2025-07-26T22:24:14","modified_gmt":"2025-07-26T22:24:14","slug":"pour-oublier-votre-vieux-pc-voici-un-laptop-oled-14-avec-un-core-ultra-5-un-poids-plume-et-un-prix-en-baisse-de-20","status":"publish","type":"post","link":"https:\/\/www.europesays.com\/fr\/276129\/","title":{"rendered":"Pour oublier votre vieux PC, voici un laptop OLED 14&Prime; avec un Core Ultra 5, un poids plume et un prix en baisse de 20 %"},"content":{"rendered":"<p>L\u2019Asus Vivbook S14 pr\u00e9sent\u00e9 ici est un mod\u00e8le particuli\u00e8rement orient\u00e9 productivit\u00e9 et IA, que vous retrouvez sur Boulanger \u00e0 799,99 euros au lieu de 999,99 euros.<\/p>\n<p><a target=\"_blank\" href=\"https:\/\/images.frandroid.com\/wp-content\/uploads\/2024\/12\/asus-vivobook-s14-2024-test-01.jpg\" class=\"article-content__figure\" rel=\"nofollow noopener\"><img fetchpriority=\"high\" decoding=\"async\" loading=\"eager\" width=\"1200\" height=\"802\" src=\"https:\/\/www.europesays.com\/fr\/wp-content\/uploads\/2025\/07\/asus-vivobook-s14-2024-test-01.jpg\" alt=\"\" class=\"wp-image-2444354 wp-image wp-image\"  \/><\/a>Cr\u00e9dit photo : OtaXou<\/p>\n<p>Ce PC portable Asus Vivobook S14 reprend la base du <a href=\"https:\/\/www.frandroid.com\/produits\/pc-portables\/asus\/2413818-asus-vivobook-s-14-s5406\" target=\"_blank\" rel=\"noreferrer noopener nofollow\">mod\u00e8le test\u00e9 sur Frandroid<\/a> mais modifie l\u00e9g\u00e8rement sa fiche technique pour un prix plus abordable, surtout qu\u2019il est en promo <a href=\"https:\/\/shop.frandroid.com\/6foqjikn\" target=\"_blank\" rel=\"noreferrer noopener affiliate nofollow\" data-gtm=\"{&quot;event&quot;:&quot;afficlic&quot;,&quot;nom_marchand&quot;:&quot;boulanger&quot;,&quot;nom_produit&quot;:&quot;inconnu&quot;,&quot;categorie_produit&quot;:&quot;inconnu&quot;,&quot;module_produit&quot;:&quot;editolink&quot;,&quot;position_marchand&quot;:0,&quot;texte&quot;:&quot;avec-200-euros-de-reduction&quot;,&quot;offer_url&quot;:&quot;https:\/\/shop.frandroid.com\/6foqjikn&quot;,&quot;zone&quot;:&quot;contenu-page&quot;}\">avec 200 euros de r\u00e9duction<\/a> sur Boulanger. Mais il reste tr\u00e8s performant et est m\u00eame certifi\u00e9 Copilot+ pour utiliser des fonctions li\u00e9es \u00e0 l\u2019intelligence artificielle pour vous aider \u00e0 booster votre productivit\u00e9.<\/p>\n<p>Les points forts de l\u2019Asus Vivobook S14<\/p>\n<ul class=\"wp-block-list\">\n<li>Son \u00e9cran OLED Full HD de 14 pouces<\/li>\n<li>L\u2019autonomie XL qui fr\u00f4le les 20 h<\/li>\n<li>La connectique est g\u00e9n\u00e9reuse<\/li>\n<\/ul>\n<p>Le prix de r\u00e9f\u00e9rence de l\u2019Asus Vivobook S14 est normalement de 999,99 euros, mais avec la promotion sp\u00e9ciale de Boulanger, <a href=\"https:\/\/shop.frandroid.com\/6foqjikn\" target=\"_blank\" rel=\"noreferrer noopener affiliate nofollow\" data-gtm=\"{&quot;event&quot;:&quot;afficlic&quot;,&quot;nom_marchand&quot;:&quot;boulanger&quot;,&quot;nom_produit&quot;:&quot;inconnu&quot;,&quot;categorie_produit&quot;:&quot;inconnu&quot;,&quot;module_produit&quot;:&quot;editolink&quot;,&quot;position_marchand&quot;:0,&quot;texte&quot;:&quot;vous-le-retrouvez-a-799-99-euros&quot;,&quot;offer_url&quot;:&quot;https:\/\/shop.frandroid.com\/6foqjikn&quot;,&quot;zone&quot;:&quot;contenu-page&quot;}\">vous le retrouvez \u00e0 799,99 euros<\/a>.<\/p>\n<p>Asus a fait un laptop fin, l\u00e9ger et premium<\/p>\n<p>Avec l\u2019Asus Vivbook S14, vous avez un ordinateur aux dimensions qui font r\u00eaver : il fait 310,5 x 221,9 x 13,9\/15,9 mm pour seulement 1,3 kg. Il fait m\u00eame 1,05 kg si vous la lui enlevez. Autant dire qu\u2019il est taill\u00e9 pour \u00eatre transport\u00e9 et \u00eatre utilis\u00e9 comme outil de travail et de divertissement en mode nomade. D\u2019autres \u00e9l\u00e9ments vont en ce sens, notamment sa batterie avec une autonomie annonc\u00e9e par le constructeur d\u2019un jour et 3 h.<\/p>\n<p>Dans le test de notre version, qui \u00e9tait l\u00e9g\u00e8rement plus puissante, et donc plus ch\u00e8re, elle \u00e9tait plus proche des 20 h. Ce qui reste quand m\u00eame dans le haut du panier pour un laptop de ce genre. Vous pouvez glisser quelques accessoires dans votre sac puisqu\u2019il est dot\u00e9 de deux ports <a href=\"https:\/\/www.frandroid.com\/comment-faire\/comment-fonctionne-la-technologie\/1414389_quels-sont-les-types-normes-versions-vitesses-usb\" rel=\"nofollow noopener\" target=\"_blank\">USB 3.2<\/a> Gen2, deux ports USB-C Thunderbolt 4, un port HDMI 2.1 et un lecteur de carte microSD. Pas mal pour un format si r\u00e9duit.<\/p>\n<p>Un \u00e9cran OLED qui r\u00e9gale les yeux<\/p>\n<p>Cet \u00e9cran a un atout de taille dans son escarcelle : son \u00e9cran. Il s\u2019agit d\u2019une dalle OLED Full HD de 14 pouces avec un rapport 16\/10\u1d49 et compatible HDR True Black 600 avec une couverture colorim\u00e9trique de 100\u2009% de l\u2019espace DCI-P3. Les professionnels de l\u2019image vont trouver l\u00e0 un alli\u00e9 de taille, m\u00eame si la taille r\u00e9duite peut \u00eatre insuffisante pour des travaux de pr\u00e9cision. Mais c\u2019est un vrai plaisir \u00e0 l\u2019utiliser, d\u2019autant que vous pouvez \u00eatre \u00e9paul\u00e9 par l\u2019IA gr\u00e2ce \u00e0 sa certification Copilot+.<\/p>\n<p>Pour \u00e7a, il faut une puissance qui tienne la route et sa fiche technique est l\u00e0 pour en t\u00e9moigner. Vous avez un processeur Intel Core Ultra 5 226V avec 8 c\u0153urs, cadenc\u00e9 de base \u00e0 2.1 GHz qui peut \u00eatre boost\u00e9 \u00e0 5.4 GHz. Avec, il y a 16 Go de RAM LPDDR5x soud\u00e9s, ce qui emp\u00eache de faire \u00e9voluer la configuration. Et le SSD M.2 de 512 Go contient une version pr\u00e9install\u00e9e de Windows 11. En plus, vous b\u00e9n\u00e9ficiez du <a href=\"https:\/\/www.frandroid.com\/guide-dachat\/2362234_wifi-7-mesh-quel-repeteur-wifi-choisir\" rel=\"nofollow noopener\" target=\"_blank\">WiFi 7<\/a> et du Bluetooth 5.4 pour une fiabilit\u00e9 infaillible.<\/p>\n<p>Si vous voulez quelques infos compl\u00e9mentaires, vous pouvez lire <a href=\"https:\/\/www.frandroid.com\/marques\/asus\/2443894_test-du-asus-vivobook-s-14-2024\" target=\"_blank\" rel=\"noreferrer noopener nofollow\">le test de notre version de l\u2019Asus Vivobook S14<\/a> qui est l\u00e9g\u00e8rement diff\u00e9rente, notamment avec le processeur Intel Core Ultra 7. Mais sinon, la base est la m\u00eame.<\/p>\n<p>Frandroid met \u00e0 votre disposition <a href=\"https:\/\/www.frandroid.com\/guide-dachat\/638058_quels-sont-les-meilleurs-pc-portables-haut-de-gamme-de-2019\" target=\"_blank\" rel=\"noreferrer noopener nofollow\">son guide des meilleurs laptops<\/a> et vous propose des mod\u00e8les pass\u00e9s entre nos mains avec test \u00e0 l\u2019appui.<\/p>\n","protected":false},"excerpt":{"rendered":"L\u2019Asus Vivbook S14 pr\u00e9sent\u00e9 ici est un mod\u00e8le particuli\u00e8rement orient\u00e9 productivit\u00e9 et IA, que vous retrouvez sur Boulanger&hellip;\n","protected":false},"author":2,"featured_media":276130,"comment_status":"","ping_status":"","sticky":false,"template":"","format":"standard","meta":{"footnotes":""},"categories":[7],"tags":[5844,3042,1011,27,43,40,41,39,42,44],"class_list":{"0":"post-276129","1":"post","2":"type-post","3":"status-publish","4":"format-standard","5":"has-post-thumbnail","7":"category-sciences-et-technologies","8":"tag-asus-vivobook-s-14-s5406","9":"tag-bons-plans-boulanger","10":"tag-fr","11":"tag-france","12":"tag-science","13":"tag-science-and-technology","14":"tag-sciences","15":"tag-sciences-et-technologies","16":"tag-technologies","17":"tag-technology"},"share_on_mastodon":{"url":"https:\/\/pubeurope.com\/@fr\/114921882645896982","error":""},"_links":{"self":[{"href":"https:\/\/www.europesays.com\/fr\/wp-json\/wp\/v2\/posts\/276129","targetHints":{"allow":["GET"]}}],"collection":[{"href":"https:\/\/www.europesays.com\/fr\/wp-json\/wp\/v2\/posts"}],"about":[{"href":"https:\/\/www.europesays.com\/fr\/wp-json\/wp\/v2\/types\/post"}],"author":[{"embeddable":true,"href":"https:\/\/www.europesays.com\/fr\/wp-json\/wp\/v2\/users\/2"}],"replies":[{"embeddable":true,"href":"https:\/\/www.europesays.com\/fr\/wp-json\/wp\/v2\/comments?post=276129"}],"version-history":[{"count":0,"href":"https:\/\/www.europesays.com\/fr\/wp-json\/wp\/v2\/posts\/276129\/revisions"}],"wp:featuredmedia":[{"embeddable":true,"href":"https:\/\/www.europesays.com\/fr\/wp-json\/wp\/v2\/media\/276130"}],"wp:attachment":[{"href":"https:\/\/www.europesays.com\/fr\/wp-json\/wp\/v2\/media?parent=276129"}],"wp:term":[{"taxonomy":"category","embeddable":true,"href":"https:\/\/www.europesays.com\/fr\/wp-json\/wp\/v2\/categories?post=276129"},{"taxonomy":"post_tag","embeddable":true,"href":"https:\/\/www.europesays.com\/fr\/wp-json\/wp\/v2\/tags?post=276129"}],"curies":[{"name":"wp","href":"https:\/\/api.w.org\/{rel}","templated":true}]}}