{"id":276135,"date":"2025-07-26T22:27:09","date_gmt":"2025-07-26T22:27:09","guid":{"rendered":"https:\/\/www.europesays.com\/fr\/276135\/"},"modified":"2025-07-26T22:27:09","modified_gmt":"2025-07-26T22:27:09","slug":"des-soldats-israeliens-interceptent-la-nouvelle-flottille-de-la-liberte-a-destination-de-gaza","status":"publish","type":"post","link":"https:\/\/www.europesays.com\/fr\/276135\/","title":{"rendered":"Des soldats isra\u00e9liens interceptent la nouvelle \u00abFlottille de la libert\u00e9\u00bb \u00e0 destination de Gaza"},"content":{"rendered":"<p>Deux d\u00e9put\u00e9es LFI, Gabrielle Cathala et Emma Fourreau, sont notamment pr\u00e9sentes \u00e0 bord.<\/p>\n<p class=\"fig-paragraph\">Des soldats isra\u00e9liens sont mont\u00e9s samedi \u00e0 bord du\u00a0<a href=\"http:\/\/www.lefigaro.fr\/international\/briser-le-blocus-humanitaire-la-nouvelle-flottille-handala-prend-le-large-ce-dimanche-en-direction-de-gaza-20250720\" data-fig-type=\"NewsFlash\" data-gtm-custom-categorie=\"navigation\" data-gtm-custom-action=\"crossclick\" data-gtm-custom-label=\"Contextuel\" data-gtm-event=\"customEventSPE\" data-fig-domain=\"LEFIGARO\" target=\"_blank\" rel=\"noopener\">Handala<\/a>, un bateau exploit\u00e9 par le mouvement propalestinien \u00abFlottille pour la libert\u00e9\u00bb qui se dirigeait vers Gaza, pour en prendre le contr\u00f4le selon une retransmission en direct diffus\u00e9e par le groupe. Deux d\u00e9put\u00e9es LFI, Gabrielle Cathala et Emma Fourreau, sont notamment pr\u00e9sentes \u00e0 bord.<\/p>\n<p class=\"fig-paragraph\">La retransmission montrait des militants propalestiniens assis sur le pont les mains en l&rsquo;air, et sifflant la chanson antifasciste italienne Bella Ciao, cependant que les soldats prenaient le contr\u00f4le du navire. Trois diffusions vid\u00e9o en direct de la sc\u00e8ne, diffus\u00e9es en ligne, ont \u00e9t\u00e9 coup\u00e9es quelques minutes plus tard. Dans un message sur les r\u00e9seaux sociaux, la \u00abFlottille pour la libert\u00e9\u00bb a indiqu\u00e9 que le \u00abHandala a \u00e9t\u00e9 intercept\u00e9 et abord\u00e9 ill\u00e9galement par les forces isra\u00e9liennes alors qu\u2019il se trouvait dans les eaux internationales\u00bb.<\/p>\n<p>                                    <a class=\"fig-a11y-skip a11y-hidden\" href=\"#fig-a11y-skip-main-inarticle\"><br \/>\n        Passer la publicit\u00e9<br \/>\n    <\/a><\/p>\n<p class=\"fig-paragraph\">Un outil de suivi en ligne montre que le navire se trouvait \u00e0 environ 50 kilom\u00e8tres de la c\u00f4te \u00e9gyptienne et \u00e0 100 kilom\u00e8tres \u00e0 l\u2019ouest de Gaza lorsqu\u2019il a \u00e9t\u00e9 intercept\u00e9.<\/p>\n<p>\u00abGouvernement Bayrou faites quelque chose\u00bb<\/p>\n<p class=\"fig-paragraph\">Il n\u2019y a eu aucune confirmation imm\u00e9diate de l\u2019op\u00e9ration par l\u2019arm\u00e9e isra\u00e9lienne, mais elle avait pr\u00e9venu plus t\u00f4t dans la journ\u00e9e qu\u2019elle appliquerait \u00able blocus l\u00e9gal de s\u00e9curit\u00e9 maritime de la bande de Gaza\u00bb. \u00abLes voyous de Netanyahou (le Premier ministre Benjamin Netanuahu, NDLR) ont abord\u00e9 le Handala. Ils attaquent 21 personnes d\u00e9sarm\u00e9es dans des eaux internationales o\u00f9 ils n\u2019ont aucun droit. Un kidnapping dans lequel deux parlementaires fran\u00e7aises sont victimes\u00bb, a r\u00e9agi sur X le leader de LFI, Jean-Luc M\u00e9lenchon. \u00abGouvernement Bayrou faites quelque chose d\u2019autre que le paillasson de Netanyahou\u00bb, a-t-il lanc\u00e9 aux autorit\u00e9s fran\u00e7aises.<\/p>\n<p class=\"fig-paragraph\">Le bateau avait quitt\u00e9 le 13 juillet le port italien de Syracuse, en Sicile. \u00c0 son bord, 19 militants de nationalit\u00e9s diverses, parmi lesquels deux \u00e9lues du parti fran\u00e7ais de gauche radicale La France insoumise (LFI), Gabrielle Cathala et Emma Fourreau, ainsi que deux journalistes. Cet ancien chalutier norv\u00e9gien transporte du mat\u00e9riel m\u00e9dical, des denr\u00e9es alimentaires, des \u00e9quipements pour enfants ainsi que des m\u00e9dicaments.<\/p>\n<p class=\"fig-paragraph\">L\u2019exp\u00e9dition, financ\u00e9e par des campagnes de dons, visait \u00e0 briser le blocus isra\u00e9lien impos\u00e9 \u00e0 la bande de Gaza, en proie \u00e0 une crise humanitaire majeure, et \u00e0 y acheminer de l\u2019aide. L\u2019\u00e9quipage du Handala avait indiqu\u00e9 sur X qu\u2019il entamerait une gr\u00e8ve de la faim si le bateau venait \u00e0 \u00eatre intercept\u00e9 par l\u2019arm\u00e9e isra\u00e9lienne et ses passagers d\u00e9tenus.<\/p>\n<p class=\"fig-paragraph\">L\u2019initiative intervient six semaines apr\u00e8s le d\u00e9part du\u00a0<a href=\"http:\/\/www.lefigaro.fr\/international\/le-voilier-madleen-arraisonne-par-israel-est-arrive-au-port-d-ashdod-20250609\" data-fig-type=\"NewsFlash\" data-gtm-custom-categorie=\"navigation\" data-gtm-custom-action=\"crossclick\" data-gtm-custom-label=\"Contextuel\" data-gtm-event=\"customEventSPE\" data-fig-domain=\"LEFIGARO\" target=\"_blank\" rel=\"noopener\">Madleen<\/a>, un autre navire de la flottille, parti d\u2019Italie le 1e juin. Ce voilier avait alors \u00e0 son bord 12 militants dont l\u2019\u00e9cologiste Greta Thunberg et l\u2019eurod\u00e9put\u00e9e LFI Rima Hassan, qui avait \u00e9t\u00e9 d\u00e9tenue trois jours apr\u00e8s l\u2019interception du navire, \u00e0 environ 185 kilom\u00e8tres \u00e0 l\u2019ouest de la c\u00f4te de Gaza.<\/p>\n","protected":false},"excerpt":{"rendered":"Deux d\u00e9put\u00e9es LFI, Gabrielle Cathala et Emma Fourreau, sont notamment pr\u00e9sentes \u00e0 bord. Des soldats isra\u00e9liens sont mont\u00e9s&hellip;\n","protected":false},"author":2,"featured_media":276136,"comment_status":"","ping_status":"","sticky":false,"template":"","format":"standard","meta":{"footnotes":""},"categories":[4],"tags":[11,5160,1011,27,665,12,25],"class_list":{"0":"post-276135","1":"post","2":"type-post","3":"status-publish","4":"format-standard","5":"has-post-thumbnail","7":"category-france","8":"tag-actualites","9":"tag-bateau","10":"tag-fr","11":"tag-france","12":"tag-gaza","13":"tag-news","14":"tag-republique-francaise"},"share_on_mastodon":{"url":"https:\/\/pubeurope.com\/@fr\/114921894360939747","error":""},"_links":{"self":[{"href":"https:\/\/www.europesays.com\/fr\/wp-json\/wp\/v2\/posts\/276135","targetHints":{"allow":["GET"]}}],"collection":[{"href":"https:\/\/www.europesays.com\/fr\/wp-json\/wp\/v2\/posts"}],"about":[{"href":"https:\/\/www.europesays.com\/fr\/wp-json\/wp\/v2\/types\/post"}],"author":[{"embeddable":true,"href":"https:\/\/www.europesays.com\/fr\/wp-json\/wp\/v2\/users\/2"}],"replies":[{"embeddable":true,"href":"https:\/\/www.europesays.com\/fr\/wp-json\/wp\/v2\/comments?post=276135"}],"version-history":[{"count":0,"href":"https:\/\/www.europesays.com\/fr\/wp-json\/wp\/v2\/posts\/276135\/revisions"}],"wp:featuredmedia":[{"embeddable":true,"href":"https:\/\/www.europesays.com\/fr\/wp-json\/wp\/v2\/media\/276136"}],"wp:attachment":[{"href":"https:\/\/www.europesays.com\/fr\/wp-json\/wp\/v2\/media?parent=276135"}],"wp:term":[{"taxonomy":"category","embeddable":true,"href":"https:\/\/www.europesays.com\/fr\/wp-json\/wp\/v2\/categories?post=276135"},{"taxonomy":"post_tag","embeddable":true,"href":"https:\/\/www.europesays.com\/fr\/wp-json\/wp\/v2\/tags?post=276135"}],"curies":[{"name":"wp","href":"https:\/\/api.w.org\/{rel}","templated":true}]}}