{"id":276140,"date":"2025-07-26T22:33:26","date_gmt":"2025-07-26T22:33:26","guid":{"rendered":"https:\/\/www.europesays.com\/fr\/276140\/"},"modified":"2025-07-26T22:33:26","modified_gmt":"2025-07-26T22:33:26","slug":"koogo-atia-et-nancy-githaiga-triomphent-au-marathon-absa-black-star-a-accra","status":"publish","type":"post","link":"https:\/\/www.europesays.com\/fr\/276140\/","title":{"rendered":"Koogo Atia et Nancy Githaiga triomphent au marathon Absa Black Star \u00e0 Accra"},"content":{"rendered":"<p><strong>Un \u00e9v\u00e9nement en pleine expansion<\/strong><br class=\"autobr\"\/><br \/>\nSous la banni\u00e8re \u00ab\u00a0\u202fYour\u202fStory\u202fMatters\u202f\u00a0\u00bb, l\u2019\u00e9dition 2025 du marathon de Black Star a transform\u00e9 Accra en symbole de r\u00e9silience, d\u2019inclusion et de sport\u202f\u00a0: un engagement port\u00e9 par la collaboration entre Absa Bank Ghana et la Black Star Marathon Foundation, avec le soutien du tourisme sportif national. La course s\u2019est \u00e9lanc\u00e9e et conclue devant l\u2019embl\u00e9matique Independence Square, m\u00ealant coureurs de tous horizons dans une ambiance f\u00e9d\u00e9ratrice.<\/p>\n<p><strong>Victoire spectaculaire pour Koogo\u202fAtia<\/strong><br class=\"autobr\"\/><br \/>\nLe Ghan\u00e9en Koogo\u202fAtia a remport\u00e9 la victoire masculine du marathon 42,2\u202fkm, d\u00e9crochant la somme de GH\u20b5\u202f15\u202f000. Il devance ses compatriotes Seidu Salifu (2e) et Richard Kweitu, sacr\u00e9 troisi\u00e8me en 2\u202fh\u202f23\u202fmin\u202f09\u202fs. Avec une gestion de course rigoureuse et un final \u00e0 la hauteur sous la chaleur ghan\u00e9enne, Atia affole les ambitions locales.<\/p>\n<p><strong>Nancy\u202fGithaiga, premi\u00e8re au f\u00e9minin<\/strong><br class=\"autobr\"\/><br \/>\nDans la course f\u00e9minine, la K\u00e9nyane Nancy\u202fGithaiga s\u2019est impos\u00e9e avec autorit\u00e9 et a empoch\u00e9 un \u00e9trange montant de GH\u20b5\u202f30\u202f000, refl\u00e9tant l\u2019importance grandissante de la comp\u00e9tition pour les femmes. \u00c0 ses c\u00f4t\u00e9s, la Ghan\u00e9enne Ayaaba Joyce prend la seconde place, suivie par Mariama Aidoo qui compl\u00e8te le podium.<\/p>\n<p><strong>Une f\u00eate populaire en pleine effervescence<\/strong><br class=\"autobr\"\/><br \/>\nAvec environ 10\u202f000 participants, l\u2019\u00e9v\u00e9nement s\u2019impose comme la course la plus d\u2019envergure jamais organis\u00e9e au Ghana, f\u00e9d\u00e9rant \u00e9lites locales et coureurs amateurs dans une effervescence urbaine. Cette \u00e9dition illustre aussi l\u2019engagement social du marathon, qui reverse une partie des recettes \u00e0 des causes communautaires et sportives.<\/p>\n<p><strong>Un marathon aux couleurs du Ghana et de la performance<\/strong><br class=\"autobr\"\/><br \/>\nLe Absa Black Star Marathon\u202f2025 a confirm\u00e9 son statut de course embl\u00e9matique d\u2019Afrique de l\u2019Ouest. Les victoires de Koogo\u202fAtia et de Nancy\u202fGithaiga, assorties de performances comp\u00e9titives et d\u2019une organisation en phase avec les standards internationaux, soulignent l\u2019ambition de faire grandir cet \u00e9v\u00e9nement dans le paysage mondial. Affichant une belle diversit\u00e9 nationale et internationale, cette \u00e9dition a \u00e9galement d\u00e9montr\u00e9 que le sport peut \u00eatre un puissant vecteur d\u2019inclusion et de rayonnement, fid\u00e8lement \u00e0 son slogan\u202f\u00a0: Your Story Matters. L\u2019avenir s\u2019ouvre ainsi pour Accra et ses coureurs, qui \u00e9crivent ensemble une page nouvelle de la course de rue au Ghana.<\/p>\n","protected":false},"excerpt":{"rendered":"Un \u00e9v\u00e9nement en pleine expansion Sous la banni\u00e8re \u00ab\u00a0\u202fYour\u202fStory\u202fMatters\u202f\u00a0\u00bb, l\u2019\u00e9dition 2025 du marathon de Black Star a transform\u00e9&hellip;\n","protected":false},"author":2,"featured_media":276141,"comment_status":"","ping_status":"","sticky":false,"template":"","format":"standard","meta":{"footnotes":""},"categories":[9635],"tags":[1111,11,4132,29089,29095,29098,7712,29100,10049,29094,29092,1777,674,29096,1011,27,775,8471,29090,8309,7178,29097,29086,1702,12,29101,29102,29091,25,29093,8567,29088,29099,29087],"class_list":{"0":"post-276140","1":"post","2":"type-post","3":"status-publish","4":"format-standard","5":"has-post-thumbnail","7":"category-nancy","8":"tag-actu","9":"tag-actualites","10":"tag-athletisme","11":"tag-calendrier-des-marathons","12":"tag-competition-running","13":"tag-coureurs","14":"tag-course-a-pied","15":"tag-course-nature","16":"tag-course-sur-route","17":"tag-dossards","18":"tag-entrainement-course-a-pied","19":"tag-eu","20":"tag-europe","21":"tag-evenements-sportifs","22":"tag-fr","23":"tag-france","24":"tag-grand-est","25":"tag-handisport","26":"tag-inscription-marathon","27":"tag-jogging","28":"tag-marathon","29":"tag-marathon-relais","30":"tag-marathons","31":"tag-nancy","32":"tag-news","33":"tag-performance-sportive","34":"tag-plan-d","35":"tag-preparation-marathon","36":"tag-republique-francaise","37":"tag-resultats-courses","38":"tag-semi-marathon","39":"tag-trail-running","40":"tag-ultra-trail","41":"tag-ultra-marathon"},"share_on_mastodon":{"url":"","error":"Validation failed: Text character limit of 500 exceeded"},"_links":{"self":[{"href":"https:\/\/www.europesays.com\/fr\/wp-json\/wp\/v2\/posts\/276140","targetHints":{"allow":["GET"]}}],"collection":[{"href":"https:\/\/www.europesays.com\/fr\/wp-json\/wp\/v2\/posts"}],"about":[{"href":"https:\/\/www.europesays.com\/fr\/wp-json\/wp\/v2\/types\/post"}],"author":[{"embeddable":true,"href":"https:\/\/www.europesays.com\/fr\/wp-json\/wp\/v2\/users\/2"}],"replies":[{"embeddable":true,"href":"https:\/\/www.europesays.com\/fr\/wp-json\/wp\/v2\/comments?post=276140"}],"version-history":[{"count":0,"href":"https:\/\/www.europesays.com\/fr\/wp-json\/wp\/v2\/posts\/276140\/revisions"}],"wp:featuredmedia":[{"embeddable":true,"href":"https:\/\/www.europesays.com\/fr\/wp-json\/wp\/v2\/media\/276141"}],"wp:attachment":[{"href":"https:\/\/www.europesays.com\/fr\/wp-json\/wp\/v2\/media?parent=276140"}],"wp:term":[{"taxonomy":"category","embeddable":true,"href":"https:\/\/www.europesays.com\/fr\/wp-json\/wp\/v2\/categories?post=276140"},{"taxonomy":"post_tag","embeddable":true,"href":"https:\/\/www.europesays.com\/fr\/wp-json\/wp\/v2\/tags?post=276140"}],"curies":[{"name":"wp","href":"https:\/\/api.w.org\/{rel}","templated":true}]}}