{"id":276146,"date":"2025-07-26T22:43:15","date_gmt":"2025-07-26T22:43:15","guid":{"rendered":"https:\/\/www.europesays.com\/fr\/276146\/"},"modified":"2025-07-26T22:43:15","modified_gmt":"2025-07-26T22:43:15","slug":"une-maison-de-150-m2-sembrase-en-ille-et-vilaine-21-pompiers-mobilises-sur-lincendie","status":"publish","type":"post","link":"https:\/\/www.europesays.com\/fr\/276146\/","title":{"rendered":"Une maison de 150\u00a0m2 s\u2019embrase en Ille-et-Vilaine\u00a0: 21\u00a0pompiers mobilis\u00e9s sur l\u2019incendie"},"content":{"rendered":"<p>Un incendie s\u2019est d\u00e9clar\u00e9 dans une maison de 150\u00a0m2, au lieu-dit le Pr\u00e9 Chevallier, dans la commune d\u2019Eanc\u00e9 (<a href=\"https:\/\/www.ouest-france.fr\/bretagne\/ille-et-vilaine\/\" target=\"_self\" rel=\"noopener\">Ille-et-Vilaine<\/a>), samedi 26\u00a0juillet 2025. Le b\u00e2timent, inhabit\u00e9, \u00e9tait d\u00e9j\u00e0 compl\u00e8tement d\u00e9vor\u00e9 par les flammes \u00e0 l\u2019arriv\u00e9e des soldats du feu.<\/p>\n<\/p>\n<p>21\u00a0sapeurs pompiers mobilis\u00e9s<\/p>\n<p>Alert\u00e9s \u00e0 10\u00a0h\u00a043, 21\u00a0sapeurs pompiers ont \u00e9t\u00e9 mobilis\u00e9s sur place. Ils sont parvenus \u00e0 \u00e9teindre l\u2019incendie en utilisant deux lances \u00e0 incendie, dont l\u2019une depuis la grande \u00e9chelle, avant d\u2019entamer une minutieuse phase de d\u00e9blai.<\/p>\n<p>\u00a0<\/p>\n","protected":false},"excerpt":{"rendered":"Un incendie s\u2019est d\u00e9clar\u00e9 dans une maison de 150\u00a0m2, au lieu-dit le Pr\u00e9 Chevallier, dans la commune d\u2019Eanc\u00e9&hellip;\n","protected":false},"author":2,"featured_media":276147,"comment_status":"","ping_status":"","sticky":false,"template":"","format":"standard","meta":{"footnotes":""},"categories":[2821],"tags":[6540,22729,1111,11,829,28977,1777,674,1011,27,848,1310,38871,2142,17479,12,1311,584,25],"class_list":{"0":"post-276146","1":"post","2":"type-post","3":"status-publish","4":"format-standard","5":"has-post-thumbnail","7":"category-rennes","8":"tag-6540","9":"tag-22729","10":"tag-actu","11":"tag-actualites","12":"tag-bretagne","13":"tag-embrase","14":"tag-eu","15":"tag-europe","16":"tag-fr","17":"tag-france","18":"tag-ille-et-vilaine","19":"tag-incendie","20":"tag-m","21":"tag-maison","22":"tag-mobilises","23":"tag-news","24":"tag-pompiers","25":"tag-rennes","26":"tag-republique-francaise"},"share_on_mastodon":{"url":"https:\/\/pubeurope.com\/@fr\/114921957296190408","error":""},"_links":{"self":[{"href":"https:\/\/www.europesays.com\/fr\/wp-json\/wp\/v2\/posts\/276146","targetHints":{"allow":["GET"]}}],"collection":[{"href":"https:\/\/www.europesays.com\/fr\/wp-json\/wp\/v2\/posts"}],"about":[{"href":"https:\/\/www.europesays.com\/fr\/wp-json\/wp\/v2\/types\/post"}],"author":[{"embeddable":true,"href":"https:\/\/www.europesays.com\/fr\/wp-json\/wp\/v2\/users\/2"}],"replies":[{"embeddable":true,"href":"https:\/\/www.europesays.com\/fr\/wp-json\/wp\/v2\/comments?post=276146"}],"version-history":[{"count":0,"href":"https:\/\/www.europesays.com\/fr\/wp-json\/wp\/v2\/posts\/276146\/revisions"}],"wp:featuredmedia":[{"embeddable":true,"href":"https:\/\/www.europesays.com\/fr\/wp-json\/wp\/v2\/media\/276147"}],"wp:attachment":[{"href":"https:\/\/www.europesays.com\/fr\/wp-json\/wp\/v2\/media?parent=276146"}],"wp:term":[{"taxonomy":"category","embeddable":true,"href":"https:\/\/www.europesays.com\/fr\/wp-json\/wp\/v2\/categories?post=276146"},{"taxonomy":"post_tag","embeddable":true,"href":"https:\/\/www.europesays.com\/fr\/wp-json\/wp\/v2\/tags?post=276146"}],"curies":[{"name":"wp","href":"https:\/\/api.w.org\/{rel}","templated":true}]}}