{"id":276158,"date":"2025-07-26T22:50:36","date_gmt":"2025-07-26T22:50:36","guid":{"rendered":"https:\/\/www.europesays.com\/fr\/276158\/"},"modified":"2025-07-26T22:50:36","modified_gmt":"2025-07-26T22:50:36","slug":"ils-auraient-du-mourir-ce-centre-soigne-les-oiseaux-atteints-de-botulisme-au-sud-de-3","status":"publish","type":"post","link":"https:\/\/www.europesays.com\/fr\/276158\/","title":{"rendered":"\u00ab\u00a0Ils auraient d\u00fb mourir\u00a0\u00bb\u00a0: ce centre soigne les oiseaux atteints de botulisme, au sud de"},"content":{"rendered":"<p>Depuis d\u00e9but juillet, une \u00e9pid\u00e9mie de botulisme s\u00e9vit en Loire-Atlantique. Le marais de Bri\u00e8re est touch\u00e9, le bilan fait \u00e9tat de <a href=\"https:\/\/nantes.maville.com\/actu\/actudet_-veille-collectes-d-oiseaux-morts...-comment-la-briere-fait-face-a-la-crise-de-botulisme-aviaire-_8-6911112_actu.Htm?utm_source=troove&amp;utm_medium=site\" target=\"_self\" rel=\"nofollow noopener\">1\u00a0288\u00a0oiseaux collect\u00e9s, dont 652\u00a0colverts et une trentaine de spatules (esp\u00e8ce prot\u00e9g\u00e9e). Pr\u00e8s de 80\u00a0ont \u00e9t\u00e9 pris en charge par les services v\u00e9t\u00e9rinaires<\/a>. Le lac de Grand-Lieu est \u00e9galement concern\u00e9.\u00a0L\u2019\u00e9pid\u00e9mie <a href=\"https:\/\/dinan.maville.com\/actu\/actudet_--on-est-a-plus-de-1-000-oiseaux-morts-ramasses-dans-le-marais-de-la-briere-_5-6908693_actu.Htm?utm_source=troove&amp;utm_medium=site\" target=\"_self\" rel=\"nofollow noopener\">est caus\u00e9e par une bact\u00e9rie, pr\u00e9sente dans l\u2019eau, qui provoque une paralysie progressive de l\u2019animal qui finit par se noyer<\/a>.<\/p>\n<p><strong>Lire aussi\u00a0:<\/strong>\u00a0<a href=\"https:\/\/nantes.maville.com\/actu\/actudet_-des-milliers-d-oiseaux-meurent-du-botulisme-au-lac-de-grand-lieu-du-jamais-vu-en-trente-ans-_8-6912198_actu.Htm\" target=\"_self\" rel=\"nofollow noopener\">Des milliers d\u2019oiseaux meurent du botulisme au lac de Grand-Lieu\u00a0: \u00ab\u00a0Du jamais vu en trente ans\u00a0\u00bb<\/a><\/p>\n<p>Le<a href=\"https:\/\/www.faunalis.com\/\" target=\"_blank\" rel=\"nofollow noopener\"> centre de soins Faunalis,<\/a> situ\u00e9 \u00e0 Saint-Mars-de-Coutais, au sud du lac, recueille, depuis plusieurs semaines, ces oiseaux malades. Une cinquantaine de volatiles ont \u00e9t\u00e9 transport\u00e9s depuis la r\u00e9serve pour \u00eatre soign\u00e9s.<strong> \u00ab\u00a0Ils arrivent dans un \u00e9tat critique\u00a0\u00bb,<\/strong> souligne Laetitia Jochaud, l\u2019une des fondatrices de l\u2019association.<\/p>\n<p>\t<img decoding=\"async\" src=\"https:\/\/www.europesays.com\/fr\/wp-content\/uploads\/2025\/07\/P35372646D6912339G_px_640_.jpg\" alt=\"photo un des nombreux canards malades de botulisme en soin au centre faunalis.  \u00a9  ouest-france\" width=\"640\" title=\" Un des nombreux canards malades de botulisme en soin au centre Faunalis.   ouest-france \"\/><\/p>\n<p class=\"elmt-legende\"> Un des nombreux canards malades de botulisme en soin au centre Faunalis.   ouest-france <\/p>\n<p>Dans le pr\u00e9fabriqu\u00e9 qui fait office de salle de soins, des canards colverts, des sarcelles et une spatule. <strong>\u00ab\u00a0Ils ont 50\u00a0% de chance de s\u2019en sortir\u00a0\u00bb,<\/strong> poursuit la salari\u00e9e. Le botulisme prolif\u00e8re en eau chaude et peu profonde, o\u00f9 les bact\u00e9ries se multiplient plus facilement. <strong>\u00ab\u00a0Elles paralysent les animaux des pattes jusqu\u2019\u00e0 la t\u00eate\u00a0\u00bb, <\/strong>explique Laetitia Jochaud. Les soignants sondent ou gavent les oiseaux pour qu\u2019ils reprennent des forces, tout en essayant d\u2019\u00e9viter le contact avec eux, <strong>\u00ab\u00a0pour ne pas les stresser\u00a0\u00bb.<\/strong><\/p>\n<p>Onze animaux rel\u00e2ch\u00e9s<\/p>\n<p>\t<img decoding=\"async\" src=\"https:\/\/www.europesays.com\/fr\/wp-content\/uploads\/2025\/07\/P35372647D6912339G_px_640_.jpg\" alt=\"photo une spatule atteinte de botulisme, r\u00e9cup\u00e9r\u00e9e au lac de grand-lieu.  \u00a9  ouest-france\" width=\"640\" title=\" Une spatule atteinte de botulisme, r\u00e9cup\u00e9r\u00e9e au lac de Grand-Lieu.   ouest-france \"\/><\/p>\n<p class=\"elmt-legende\"> Une spatule atteinte de botulisme, r\u00e9cup\u00e9r\u00e9e au lac de Grand-Lieu.   ouest-france <\/p>\n<p>Dans la voli\u00e8re, \u00e0 l\u2019ext\u00e9rieur, deux spatules, une adulte et une jeune se sont remises du botulisme.<strong> \u00ab\u00a0Ce sont des survivantes, elles auraient d\u00fb mourir comme les autres\u00a0\u00bb, <\/strong>estime Laetitia Jochaud, en faisant r\u00e9f\u00e9rence aux centaines de cadavres retir\u00e9s chaque jour du lac de Grand-Lieu pour limiter la propagation de la maladie. Un soulagement pour la co-fondatrice du centre de soins.<strong> \u00ab\u00a0Elles vont \u00eatre rel\u00e2ch\u00e9es vendredi dans l\u2019estuaire de la Loire\u00a0\u00bb,<\/strong> poursuit-elle. Assez loin du lac pour ne pas qu\u2019elles retombent malades. Au total, onze\u00a0animaux ont \u00e9t\u00e9 rel\u00e2ch\u00e9s, en bonne sant\u00e9, depuis le d\u00e9but de l\u2019\u00e9pid\u00e9mie.<\/p>\n<p>\u00a0<\/p>\n","protected":false},"excerpt":{"rendered":"Depuis d\u00e9but juillet, une \u00e9pid\u00e9mie de botulisme s\u00e9vit en Loire-Atlantique. Le marais de Bri\u00e8re est touch\u00e9, le bilan&hellip;\n","protected":false},"author":2,"featured_media":270818,"comment_status":"","ping_status":"","sticky":false,"template":"","format":"standard","meta":{"footnotes":""},"categories":[2818],"tags":[1111,11,33915,39133,3335,3029,1777,674,1011,27,41016,766,12,4964,2636,25,41017,7053],"class_list":{"0":"post-276158","1":"post","2":"type-post","3":"status-publish","4":"format-standard","5":"has-post-thumbnail","7":"category-nantes","8":"tag-actu","9":"tag-actualites","10":"tag-atteints","11":"tag-botulisme","12":"tag-centre","13":"tag-du","14":"tag-eu","15":"tag-europe","16":"tag-fr","17":"tag-france","18":"tag-mourir","19":"tag-nantes","20":"tag-news","21":"tag-oiseaux","22":"tag-pays-de-la-loire","23":"tag-republique-francaise","24":"tag-soigne","25":"tag-sud"},"share_on_mastodon":{"url":"https:\/\/pubeurope.com\/@fr\/114921984849169381","error":""},"_links":{"self":[{"href":"https:\/\/www.europesays.com\/fr\/wp-json\/wp\/v2\/posts\/276158","targetHints":{"allow":["GET"]}}],"collection":[{"href":"https:\/\/www.europesays.com\/fr\/wp-json\/wp\/v2\/posts"}],"about":[{"href":"https:\/\/www.europesays.com\/fr\/wp-json\/wp\/v2\/types\/post"}],"author":[{"embeddable":true,"href":"https:\/\/www.europesays.com\/fr\/wp-json\/wp\/v2\/users\/2"}],"replies":[{"embeddable":true,"href":"https:\/\/www.europesays.com\/fr\/wp-json\/wp\/v2\/comments?post=276158"}],"version-history":[{"count":0,"href":"https:\/\/www.europesays.com\/fr\/wp-json\/wp\/v2\/posts\/276158\/revisions"}],"wp:featuredmedia":[{"embeddable":true,"href":"https:\/\/www.europesays.com\/fr\/wp-json\/wp\/v2\/media\/270818"}],"wp:attachment":[{"href":"https:\/\/www.europesays.com\/fr\/wp-json\/wp\/v2\/media?parent=276158"}],"wp:term":[{"taxonomy":"category","embeddable":true,"href":"https:\/\/www.europesays.com\/fr\/wp-json\/wp\/v2\/categories?post=276158"},{"taxonomy":"post_tag","embeddable":true,"href":"https:\/\/www.europesays.com\/fr\/wp-json\/wp\/v2\/tags?post=276158"}],"curies":[{"name":"wp","href":"https:\/\/api.w.org\/{rel}","templated":true}]}}