{"id":276171,"date":"2025-07-26T23:00:14","date_gmt":"2025-07-26T23:00:14","guid":{"rendered":"https:\/\/www.europesays.com\/fr\/276171\/"},"modified":"2025-07-26T23:00:14","modified_gmt":"2025-07-26T23:00:14","slug":"arretes-apres-deux-vols-violents-deux-hommes-en-situation-irreguliere-condamnes","status":"publish","type":"post","link":"https:\/\/www.europesays.com\/fr\/276171\/","title":{"rendered":"arr\u00eat\u00e9s apr\u00e8s deux vols violents, deux hommes en situation irr\u00e9guli\u00e8re condamn\u00e9s"},"content":{"rendered":"<p itemprop=\"description\"><strong>Ils avaient arrach\u00e9 des colliers \u00e0 deux femmes.<\/strong><\/p>\n<p>Deux hommes ont \u00e9t\u00e9 condamn\u00e9s mardi \u00e0 dix mois de prison ferme par le tribunal correctionnel de Lyon. Ils \u00e9taient poursuivis pour plusieurs vols, dont deux arrachages de colliers commis le 18 juillet dans le centre-ville.<\/p>\n<p>Les faits s\u2019\u00e9taient d\u00e9roul\u00e9s dans le 2e et le 6e arrondissement. L\u2019une des victimes, une passante suivie \u00e0 la sortie du m\u00e9tro Cordeliers, avait \u00e9t\u00e9 agress\u00e9e en pleine rue. L\u2019autre, une femme \u00e2g\u00e9e, s\u2019\u00e9tait fait arracher sa cha\u00eene devant son immeuble. Les deux suspects avaient \u00e9t\u00e9 rep\u00e9r\u00e9s et poursuivis par des t\u00e9moins, puis identifi\u00e9s gr\u00e2ce \u00e0 la vid\u00e9osurveillance.<\/p>\n<p>Selon\u00a0Le Progr\u00e8s, le parquet a soulign\u00e9 que ce type de vols est fr\u00e9quemment commis par de jeunes \u00e9trangers en situation irr\u00e9guli\u00e8re, \u00e0 l&rsquo;identit\u00e9 incertaine.<\/p>\n<p>Interpell\u00e9s quelques jours plus tard, ils ont \u00e9galement \u00e9t\u00e9 li\u00e9s \u00e0 un vol de v\u00e9lo datant du 11 juillet. Malgr\u00e9 les images de vid\u00e9osurveillance et les \u00e9l\u00e9ments retrouv\u00e9s lors de la fouille \u2013 dont un bijou dissimul\u00e9 dans la doublure d\u2019un short \u2013, les deux pr\u00e9venus ont malgr\u00e9 tout ni\u00e9 les faits devant le tribunal.<\/p>\n<p>Tous deux en situation irr\u00e9guli\u00e8re sur le territoire fran\u00e7ais, ils ont aussi \u00e9cop\u00e9 d\u2019une interdiction de retour en France pendant cinq ans. \u00c0 l\u2019issue de l\u2019audience, ils ont \u00e9t\u00e9 incarc\u00e9r\u00e9s.<\/p>\n","protected":false},"excerpt":{"rendered":"Ils avaient arrach\u00e9 des colliers \u00e0 deux femmes. Deux hommes ont \u00e9t\u00e9 condamn\u00e9s mardi \u00e0 dix mois de&hellip;\n","protected":false},"author":2,"featured_media":276172,"comment_status":"","ping_status":"","sticky":false,"template":"","format":"standard","meta":{"footnotes":""},"categories":[1889],"tags":[1111,11,2813,2190,2430,1109,251,1112,2811,1777,674,118,1011,27,1922,1110,1114,2428,2810,12,241,316,25,2812,517,800],"class_list":{"0":"post-276171","1":"post","2":"type-post","3":"status-publish","4":"format-standard","5":"has-post-thumbnail","7":"category-lyon","8":"tag-actu","9":"tag-actualites","10":"tag-article","11":"tag-asvel","12":"tag-auvergne-rhone-alpes","13":"tag-breves","14":"tag-culture","15":"tag-depeches","16":"tag-economique","17":"tag-eu","18":"tag-europe","19":"tag-faits-divers","20":"tag-fr","21":"tag-france","22":"tag-info","23":"tag-informations","24":"tag-infos","25":"tag-lyon","26":"tag-lyonmag","27":"tag-news","28":"tag-ol","29":"tag-politique","30":"tag-republique-francaise","31":"tag-sociale","32":"tag-sport","33":"tag-transports"},"share_on_mastodon":{"url":"https:\/\/pubeurope.com\/@fr\/114922024060011351","error":""},"_links":{"self":[{"href":"https:\/\/www.europesays.com\/fr\/wp-json\/wp\/v2\/posts\/276171","targetHints":{"allow":["GET"]}}],"collection":[{"href":"https:\/\/www.europesays.com\/fr\/wp-json\/wp\/v2\/posts"}],"about":[{"href":"https:\/\/www.europesays.com\/fr\/wp-json\/wp\/v2\/types\/post"}],"author":[{"embeddable":true,"href":"https:\/\/www.europesays.com\/fr\/wp-json\/wp\/v2\/users\/2"}],"replies":[{"embeddable":true,"href":"https:\/\/www.europesays.com\/fr\/wp-json\/wp\/v2\/comments?post=276171"}],"version-history":[{"count":0,"href":"https:\/\/www.europesays.com\/fr\/wp-json\/wp\/v2\/posts\/276171\/revisions"}],"wp:featuredmedia":[{"embeddable":true,"href":"https:\/\/www.europesays.com\/fr\/wp-json\/wp\/v2\/media\/276172"}],"wp:attachment":[{"href":"https:\/\/www.europesays.com\/fr\/wp-json\/wp\/v2\/media?parent=276171"}],"wp:term":[{"taxonomy":"category","embeddable":true,"href":"https:\/\/www.europesays.com\/fr\/wp-json\/wp\/v2\/categories?post=276171"},{"taxonomy":"post_tag","embeddable":true,"href":"https:\/\/www.europesays.com\/fr\/wp-json\/wp\/v2\/tags?post=276171"}],"curies":[{"name":"wp","href":"https:\/\/api.w.org\/{rel}","templated":true}]}}